{"id":33626,"date":"2025-06-28T10:17:56","date_gmt":"2025-06-28T14:17:56","guid":{"rendered":"https:\/\/noticiasveraces.com\/?p=33626"},"modified":"2025-06-28T10:17:56","modified_gmt":"2025-06-28T14:17:56","slug":"merz-advierte-que-la-seguridad-alemana-no-esta-garantizada-dw-28-06-2025","status":"publish","type":"post","link":"https:\/\/noticiasveraces.com\/?p=33626","title":{"rendered":"Merz advierte que la seguridad alemana no est\u00e1 garantizada \u2013 DW \u2013 28\/06\/2025"},"content":{"rendered":"<p> \n<\/p>\n<div>\n<p>El canciller alem\u00e1n, Friedrich Merz, afirm\u00f3 este s\u00e1bado (28.06.2025) que, dado el contexto geopol\u00edtico abierto por conflictos como la agresi\u00f3n de Rusia contra Ucrania, no hay que dar por hecha la seguridad, algo por lo que su pa\u00eds tiene que hacer m\u00e1s. Las declaraciones las hizo durante una visita al mando operativo del Ej\u00e9rcito de Alemania en Henning-von-Tresckow, situado cerca de Potsdam, en el este alem\u00e1n.<\/p>\n<p>\u00abRepito lo que he dicho ya en varios sitios: queremos poder defendernos para no tener que defendernos nunca\u00bb, apunt\u00f3 el jefe del Gobierno alem\u00e1n, que valor\u00f3 las medidas de su Ejecutivo en el \u00e1rea de seguridad y defensa, que incluyen un aumento del presupuesto para las capacidades militares del pa\u00eds, que llegar\u00e1 en 2025 a los 62.400 millones de euros, un 2,4 por ciento del PIB.<\/p>\n<p>La cifra es claramente superior a los 51.950 millones de euros destinados a defensa en 2024, y no dejar\u00e1 de crecer en los pr\u00f3ximos a\u00f1os hasta llegar en 2029 a la cuota del 3,5 por ciento del PIB acordada por la OTAN. El n\u00famero ascender\u00e1 hasta el 5 por ciento en 2035, que se dividir\u00e1 en 3,5 por ciento en puro gasto militar y 1,5 por ciento en infraestructuras de uso militar.<\/p>\n<h2>Vivir en paz<\/h2>\n<p>Al respecto, el canciller calific\u00f3 esa decisi\u00f3n de la OTAN como \u00abhist\u00f3rica\u00bb y destac\u00f3 que en la \u00faltima cumbre de jefes de Estado y de Gobierno de la UE se decidi\u00f3 tambi\u00e9n dar un impulso a la industria de defensa europea. \u00abSabemos cu\u00e1n importantes son estas decisiones al ver que la guerra de Rusia contra Ucrania contin\u00faa\u00bb, apunt\u00f3 el canciller alem\u00e1n antes de continuar su visita a las instalaciones militares.<\/p>\n<p>\u00abNo debemos dar por sentada nuestra seguridad, tenemos que hacer m\u00e1s para garantizar que podremos vivir en libertad, paz y seguridad\u00bb, apunt\u00f3 Merz, que aprovech\u00f3 de saludar a los soldados en servicio. \u00abQuiero que el valor del trabajo de nuestros soldados sea visto y apreciado en el pa\u00eds\u00bb, a\u00f1adi\u00f3. Sobre el mando operativo, apunt\u00f3 que \u00abproporciona planificaci\u00f3n y liderazgo, y lo hace con un profesionalismo impresionante\u00bb.<\/p>\n<p>DZC (EFE, DPA)<\/p>\n<\/div>\n\n","protected":false},"excerpt":{"rendered":"<p>El canciller alem\u00e1n, Friedrich Merz, afirm\u00f3 este s\u00e1bado (28.06.2025) que, dado el contexto geopol\u00edtico abierto por conflictos como la agresi\u00f3n de Rusia contra Ucrania, no hay que dar por hecha la seguridad, algo por lo que su pa\u00eds tiene que hacer m\u00e1s. Las declaraciones las hizo durante una visita al mando operativo del Ej\u00e9rcito de &hellip;<\/p>\n","protected":false},"author":1,"featured_media":33627,"comment_status":"open","ping_status":"open","sticky":false,"template":"","format":"standard","meta":{"fifu_image_url":"https:\/\/static.dw.com\/image\/73076894_6.jpg","fifu_image_alt":"","footnotes":""},"categories":[13],"tags":[],"class_list":["post-33626","post","type-post","status-publish","format-standard","has-post-thumbnail","","category-mundo"],"_links":{"self":[{"href":"https:\/\/noticiasveraces.com\/index.php?rest_route=\/wp\/v2\/posts\/33626","targetHints":{"allow":["GET"]}}],"collection":[{"href":"https:\/\/noticiasveraces.com\/index.php?rest_route=\/wp\/v2\/posts"}],"about":[{"href":"https:\/\/noticiasveraces.com\/index.php?rest_route=\/wp\/v2\/types\/post"}],"author":[{"embeddable":true,"href":"https:\/\/noticiasveraces.com\/index.php?rest_route=\/wp\/v2\/users\/1"}],"replies":[{"embeddable":true,"href":"https:\/\/noticiasveraces.com\/index.php?rest_route=%2Fwp%2Fv2%2Fcomments&post=33626"}],"version-history":[{"count":0,"href":"https:\/\/noticiasveraces.com\/index.php?rest_route=\/wp\/v2\/posts\/33626\/revisions"}],"wp:featuredmedia":[{"embeddable":true,"href":"https:\/\/noticiasveraces.com\/index.php?rest_route=\/wp\/v2\/media\/33627"}],"wp:attachment":[{"href":"https:\/\/noticiasveraces.com\/index.php?rest_route=%2Fwp%2Fv2%2Fmedia&parent=33626"}],"wp:term":[{"taxonomy":"category","embeddable":true,"href":"https:\/\/noticiasveraces.com\/index.php?rest_route=%2Fwp%2Fv2%2Fcategories&post=33626"},{"taxonomy":"post_tag","embeddable":true,"href":"https:\/\/noticiasveraces.com\/index.php?rest_route=%2Fwp%2Fv2%2Ftags&post=33626"}],"curies":[{"name":"wp","href":"https:\/\/api.w.org\/{rel}","templated":true}]}}