{"id":33620,"date":"2025-06-28T09:17:22","date_gmt":"2025-06-28T13:17:22","guid":{"rendered":"https:\/\/noticiasveraces.com\/?p=33620"},"modified":"2025-06-28T09:17:22","modified_gmt":"2025-06-28T13:17:22","slug":"iran-posee-un-funeral-para-los-principales-comandantes-asesinados-en-una-guerra-de-12-dias-con-israel","status":"publish","type":"post","link":"https:\/\/noticiasveraces.com\/?p=33620","title":{"rendered":"Ir\u00e1n posee un funeral para los principales comandantes asesinados en una guerra de 12 d\u00edas con Israel"},"content":{"rendered":"<p> \n<\/p>\n<div>\n<div id=\"beyondwords-wrapper\" class=\"beyondwords-wrapper\">\n<p><span class=\"label-bg\">NUEVO<\/span>\u00a1Ahora puedes escuchar art\u00edculos de Fox News!\n  <\/p>\n<\/div>\n<p class=\"speakable\">Ir\u00e1n celebr\u00f3 un funeral para los principales comandantes militares y cient\u00edficos nucleares asesinados durante la guerra de 12 d\u00edas del pa\u00eds con Israel.<\/p>\n<p class=\"speakable\">Entre los llorados estaban el general del Cuerpo de la Guardia Revolucionaria Isl\u00e1mica (IRGC), el general Hossein Salami y el jefe del programa de misiles bal\u00edsticos del IRGC, el general Amir Ali Hajizadeh, seg\u00fan Associated Press. The Outlet inform\u00f3 que los asistentes al funeral que bordean las calles de Teher\u00e1n gritaron \u00abMuerte a Am\u00e9rica\u00bb \u200b\u200by \u00abMuerte a Israel\u00bb.<\/p>\n<p>El 13 de junio, el d\u00eda en que Israel lanz\u00f3 la Operaci\u00f3n Rising Lion, las FDI anunciaron la muerte de Salami, Hajizadeh y el comandante de Khatam al-Anbiya (Comando de Emergencia), Gholam-Ali Rashid. Al d\u00eda siguiente, Israel afirm\u00f3 que hab\u00eda matado a nueve cient\u00edficos nucleares mayores y m\u00e1s de 20 comandantes iran\u00edes.<\/p>\n<div class=\"image-ct inline\">\n<div class=\"m\"><picture><source media=\"(max-width: 767px)\" srcset=\"https:\/\/a57.foxnews.com\/static.foxnews.com\/foxnews.com\/content\/uploads\/2025\/06\/343\/192\/iran-commanders-funeral-1.jpg?ve=1&amp;tl=1, https:\/\/a57.foxnews.com\/static.foxnews.com\/foxnews.com\/content\/uploads\/2025\/06\/686\/384\/iran-commanders-funeral-1.jpg?ve=1&amp;tl=1 2x\" height=\"192\" width=\"343\"><source media=\"(min-width: 768px) and (max-width: 1023px)\" srcset=\"https:\/\/a57.foxnews.com\/static.foxnews.com\/foxnews.com\/content\/uploads\/2025\/06\/672\/378\/iran-commanders-funeral-1.jpg?ve=1&amp;tl=1, https:\/\/a57.foxnews.com\/static.foxnews.com\/foxnews.com\/content\/uploads\/2025\/06\/1344\/756\/iran-commanders-funeral-1.jpg?ve=1&amp;tl=1 2x\" height=\"378\" width=\"672\"><source media=\"(min-width: 1024px) and (max-width: 1279px)\" srcset=\"https:\/\/a57.foxnews.com\/static.foxnews.com\/foxnews.com\/content\/uploads\/2025\/06\/931\/523\/iran-commanders-funeral-1.jpg?ve=1&amp;tl=1, https:\/\/a57.foxnews.com\/static.foxnews.com\/foxnews.com\/content\/uploads\/2025\/06\/1862\/1046\/iran-commanders-funeral-1.jpg?ve=1&amp;tl=1 2x\" height=\"523\" width=\"931\"><source media=\"(min-width: 1280px)\" srcset=\"https:\/\/a57.foxnews.com\/static.foxnews.com\/foxnews.com\/content\/uploads\/2025\/06\/720\/405\/iran-commanders-funeral-1.jpg?ve=1&amp;tl=1, https:\/\/a57.foxnews.com\/static.foxnews.com\/foxnews.com\/content\/uploads\/2025\/06\/1440\/810\/iran-commanders-funeral-1.jpg?ve=1&amp;tl=1 2x\" height=\"405\" width=\"720\"><img loading=\"lazy\" decoding=\"async\" src=\"https:\/\/a57.foxnews.com\/static.foxnews.com\/foxnews.com\/content\/uploads\/2025\/06\/1200\/675\/iran-commanders-funeral-1.jpg?ve=1&amp;tl=1\" alt=\"Ir\u00e1n posee un funeral para cient\u00edficos, los comandantes asesinados en la guerra\" width=\"1200\" height=\"675\"\/><\/source><\/source><\/source><\/source><\/picture><\/div>\n<div class=\"info\">\n<div class=\"caption\">\n<p><span>Los dolientes se re\u00fanen en Teher\u00e1n, Ir\u00e1n, para un funeral en honor a los comandantes militares y cient\u00edficos nucleares asesinados durante la guerra de 12 d\u00edas del pa\u00eds con Israel, el s\u00e1bado 28 de junio de 2025.<\/span> <span>(AP Photo\/Vahid Salemi)<\/span><\/p>\n<\/div>\n<\/div>\n<\/div>\n<p><strong>Israel dice que mat\u00f3 al \u00aboficial militar m\u00e1s alto\u00bb de Ir\u00e1n \u00ab<\/strong><\/p>\n<p>Los ata\u00fades fueron cubiertos en banderas iran\u00edes y adornados con fotos del difunto. Grandes camiones llevaban los ata\u00fades a la pantalla a trav\u00e9s del coraz\u00f3n de Teher\u00e1n mientras las multitudes se vest\u00edan con banderas negras y onduladas. La participaci\u00f3n podr\u00eda indicar que la represi\u00f3n interna del r\u00e9gimen est\u00e1 teniendo un impacto, ya que la gente de Ir\u00e1n se apresura a llorar a sus l\u00edderes.<\/p>\n<p>El presidente iran\u00ed Masoud Pezeshkian y otras figuras senior asistieron al funeral, pero en particular ausente fue el l\u00edder supremo iran\u00ed Ayatollah Ali Khamenei, quien a\u00fan no ha hecho una aparici\u00f3n p\u00fablica desde que se escondi\u00f3.<\/p>\n<div class=\"image-ct inline\">\n<div class=\"m\"><picture><source media=\"(max-width: 767px)\" srcset=\"https:\/\/a57.foxnews.com\/static.foxnews.com\/foxnews.com\/content\/uploads\/2025\/06\/343\/192\/iran-war-funeral-1.jpg?ve=1&amp;tl=1, https:\/\/a57.foxnews.com\/static.foxnews.com\/foxnews.com\/content\/uploads\/2025\/06\/686\/384\/iran-war-funeral-1.jpg?ve=1&amp;tl=1 2x\" height=\"192\" width=\"343\"><source media=\"(min-width: 768px) and (max-width: 1023px)\" srcset=\"https:\/\/a57.foxnews.com\/static.foxnews.com\/foxnews.com\/content\/uploads\/2025\/06\/672\/378\/iran-war-funeral-1.jpg?ve=1&amp;tl=1, https:\/\/a57.foxnews.com\/static.foxnews.com\/foxnews.com\/content\/uploads\/2025\/06\/1344\/756\/iran-war-funeral-1.jpg?ve=1&amp;tl=1 2x\" height=\"378\" width=\"672\"><source media=\"(min-width: 1024px) and (max-width: 1279px)\" srcset=\"https:\/\/a57.foxnews.com\/static.foxnews.com\/foxnews.com\/content\/uploads\/2025\/06\/931\/523\/iran-war-funeral-1.jpg?ve=1&amp;tl=1, https:\/\/a57.foxnews.com\/static.foxnews.com\/foxnews.com\/content\/uploads\/2025\/06\/1862\/1046\/iran-war-funeral-1.jpg?ve=1&amp;tl=1 2x\" height=\"523\" width=\"931\"><source media=\"(min-width: 1280px)\" srcset=\"https:\/\/a57.foxnews.com\/static.foxnews.com\/foxnews.com\/content\/uploads\/2025\/06\/720\/405\/iran-war-funeral-1.jpg?ve=1&amp;tl=1, https:\/\/a57.foxnews.com\/static.foxnews.com\/foxnews.com\/content\/uploads\/2025\/06\/1440\/810\/iran-war-funeral-1.jpg?ve=1&amp;tl=1 2x\" height=\"405\" width=\"720\"><img loading=\"lazy\" decoding=\"async\" src=\"https:\/\/a57.foxnews.com\/static.foxnews.com\/foxnews.com\/content\/uploads\/2025\/06\/1200\/675\/iran-war-funeral-1.jpg?ve=1&amp;tl=1\" alt=\"Los dolientes se re\u00fanen en el funeral de los l\u00edderes iran\u00edes asesinados en la guerra con Israel\" width=\"1200\" height=\"675\"\/><\/source><\/source><\/source><\/source><\/picture><\/div>\n<div class=\"info\">\n<div class=\"caption\">\n<p><span>Los dolientes se re\u00fanen alrededor de los ata\u00fades cubiertos de bandera de los generales de las Fuerzas Armadas iran\u00ed, los cient\u00edficos nucleares y los miembros de su familia que fueron asesinados en huelgas israel\u00edes, durante su ceremonia funeraria en Teher\u00e1n, Ir\u00e1n, el s\u00e1bado 28 de junio de 2025.<\/span> <span>(AP Photo\/Vahid Salemi)<\/span><\/p>\n<\/div>\n<\/div>\n<\/div>\n<p><strong><u>El ataque a\u00e9reo estadounidense en las instalaciones nucleares sigue a\u00f1os de las parcelas iran\u00edes en el suelo estadounidense<\/u><\/strong><\/p>\n<p>Los informes indican que desde que termin\u00f3 la guerra con Israel, Ir\u00e1n se ha centrado en una represi\u00f3n de seguridad interna. Ha habido informes de arrestos masivos e incluso ejecuciones de los acusados \u200b\u200bde espionaje en nombre de Israel.<\/p>\n<p>\u00abEl r\u00e9gimen convence e impone la pena de muerte basada en los cargos superados para difundir el terror entre los iran\u00edes. Mientras tanto, la operaci\u00f3n de Israel en ascenso le\u00f3n ha ayudado al p\u00fablico a darse cuenta de que el r\u00e9gimen iran\u00ed es un tigre de papel que es m\u00e1s d\u00e9bil que nunca\u00bb, la base de la defensa de las democracias (FDD) Ir\u00e1n y la econom\u00eda financiera y la econom\u00eda financiera Saeed Ghasseminejad en una declaraci\u00f3n.<\/p>\n<div class=\"image-ct inline\">\n<div class=\"m\"><picture><source media=\"(max-width: 767px)\" srcset=\"https:\/\/a57.foxnews.com\/static.foxnews.com\/foxnews.com\/content\/uploads\/2025\/06\/343\/192\/iran-police.jpg?ve=1&amp;tl=1, https:\/\/a57.foxnews.com\/static.foxnews.com\/foxnews.com\/content\/uploads\/2025\/06\/686\/384\/iran-police.jpg?ve=1&amp;tl=1 2x\" height=\"192\" width=\"343\"><source media=\"(min-width: 768px) and (max-width: 1023px)\" srcset=\"https:\/\/a57.foxnews.com\/static.foxnews.com\/foxnews.com\/content\/uploads\/2025\/06\/672\/378\/iran-police.jpg?ve=1&amp;tl=1, https:\/\/a57.foxnews.com\/static.foxnews.com\/foxnews.com\/content\/uploads\/2025\/06\/1344\/756\/iran-police.jpg?ve=1&amp;tl=1 2x\" height=\"378\" width=\"672\"><source media=\"(min-width: 1024px) and (max-width: 1279px)\" srcset=\"https:\/\/a57.foxnews.com\/static.foxnews.com\/foxnews.com\/content\/uploads\/2025\/06\/931\/523\/iran-police.jpg?ve=1&amp;tl=1, https:\/\/a57.foxnews.com\/static.foxnews.com\/foxnews.com\/content\/uploads\/2025\/06\/1862\/1046\/iran-police.jpg?ve=1&amp;tl=1 2x\" height=\"523\" width=\"931\"><source media=\"(min-width: 1280px)\" srcset=\"https:\/\/a57.foxnews.com\/static.foxnews.com\/foxnews.com\/content\/uploads\/2025\/06\/720\/405\/iran-police.jpg?ve=1&amp;tl=1, https:\/\/a57.foxnews.com\/static.foxnews.com\/foxnews.com\/content\/uploads\/2025\/06\/1440\/810\/iran-police.jpg?ve=1&amp;tl=1 2x\" height=\"405\" width=\"720\"><img loading=\"lazy\" decoding=\"async\" src=\"https:\/\/a57.foxnews.com\/static.foxnews.com\/foxnews.com\/content\/uploads\/2025\/06\/1200\/675\/iran-police.jpg?ve=1&amp;tl=1\" alt=\"Polic\u00eda iran\u00ed en la escena mientras la gente celebra el alto el fuego\" width=\"1200\" height=\"675\"\/><\/source><\/source><\/source><\/source><\/picture><\/div>\n<div class=\"info\">\n<div class=\"caption\">\n<p><span>Las unidades de polic\u00eda especial de NOpo armadas est\u00e1n en la escena, ya que los iran\u00edes salen a las calles en la plaza del centro de Enghelab (Revolution) en Teher\u00e1n, Ir\u00e1n, el 24 de junio de 2025, para celebrar el alto el fuego despu\u00e9s de una guerra de 12 d\u00edas con Israel.<\/span> <span>(Im\u00e1genes negares\/Medio Oriente\/AFP a trav\u00e9s de Getty Images)<\/span><\/p>\n<\/div>\n<\/div>\n<\/div>\n<p><strong><u>Ir\u00e1n intensifica la represi\u00f3n de la seguridad interna despu\u00e9s de nosotros, Israel golpea<\/u><\/strong><\/p>\n<p>La Agencia de Noticias de Activistas de Derechos Humanos (HRANA) dijo el lunes que 705 personas hab\u00edan sido arrestadas en Ir\u00e1n por \u00abcargos pol\u00edticos o relacionados con la seguridad\u00bb. <\/p>\n<p>Este informe se hizo eco de la agencia de noticias Fars de la Rep\u00fablica Isl\u00e1mica, que dijo que 700 fueron detenidos por presuntamente trabajar con Israel.<\/p>\n<p><strong><u>Haga clic aqu\u00ed para obtener la aplicaci\u00f3n Fox News<\/u><\/strong><\/p>\n<p>Los derechos humanos sin fines de lucro (IHR) advirtieron que al menos otros seis en el corredor de la muerte por presuntamente espiar por Israel est\u00e1n en riesgo de ejecuci\u00f3n. La organizaci\u00f3n tambi\u00e9n dijo que al menos nueve personas han sido ejecutadas este a\u00f1o con cargos similares.<\/p>\n<p> <!----> <\/p>\n<div class=\"article-meta\">\n<div class=\"author-bio\">\n<p>Rachel Wolf es una escritora de noticias de Fox News Digital y Fox Business.<\/p>\n<\/div>\n<\/div>\n<\/div>\n\n","protected":false},"excerpt":{"rendered":"<p>NUEVO\u00a1Ahora puedes escuchar art\u00edculos de Fox News! Ir\u00e1n celebr\u00f3 un funeral para los principales comandantes militares y cient\u00edficos nucleares asesinados durante la guerra de 12 d\u00edas del pa\u00eds con Israel. Entre los llorados estaban el general del Cuerpo de la Guardia Revolucionaria Isl\u00e1mica (IRGC), el general Hossein Salami y el jefe del programa de misiles &hellip;<\/p>\n","protected":false},"author":1,"featured_media":33622,"comment_status":"open","ping_status":"open","sticky":false,"template":"","format":"standard","meta":{"fifu_image_url":"https:\/\/static.foxnews.com\/foxnews.com\/content\/uploads\/2025\/06\/iran-commanders-funeral-1.jpg","fifu_image_alt":"","footnotes":""},"categories":[13],"tags":[],"class_list":["post-33620","post","type-post","status-publish","format-standard","has-post-thumbnail","","category-mundo"],"_links":{"self":[{"href":"https:\/\/noticiasveraces.com\/index.php?rest_route=\/wp\/v2\/posts\/33620","targetHints":{"allow":["GET"]}}],"collection":[{"href":"https:\/\/noticiasveraces.com\/index.php?rest_route=\/wp\/v2\/posts"}],"about":[{"href":"https:\/\/noticiasveraces.com\/index.php?rest_route=\/wp\/v2\/types\/post"}],"author":[{"embeddable":true,"href":"https:\/\/noticiasveraces.com\/index.php?rest_route=\/wp\/v2\/users\/1"}],"replies":[{"embeddable":true,"href":"https:\/\/noticiasveraces.com\/index.php?rest_route=%2Fwp%2Fv2%2Fcomments&post=33620"}],"version-history":[{"count":0,"href":"https:\/\/noticiasveraces.com\/index.php?rest_route=\/wp\/v2\/posts\/33620\/revisions"}],"wp:featuredmedia":[{"embeddable":true,"href":"https:\/\/noticiasveraces.com\/index.php?rest_route=\/wp\/v2\/media\/33622"}],"wp:attachment":[{"href":"https:\/\/noticiasveraces.com\/index.php?rest_route=%2Fwp%2Fv2%2Fmedia&parent=33620"}],"wp:term":[{"taxonomy":"category","embeddable":true,"href":"https:\/\/noticiasveraces.com\/index.php?rest_route=%2Fwp%2Fv2%2Fcategories&post=33620"},{"taxonomy":"post_tag","embeddable":true,"href":"https:\/\/noticiasveraces.com\/index.php?rest_route=%2Fwp%2Fv2%2Ftags&post=33620"}],"curies":[{"name":"wp","href":"https:\/\/api.w.org\/{rel}","templated":true}]}}