{"id":33618,"date":"2025-06-28T08:15:14","date_gmt":"2025-06-28T12:15:14","guid":{"rendered":"https:\/\/noticiasveraces.com\/?p=33618"},"modified":"2025-06-28T08:15:14","modified_gmt":"2025-06-28T12:15:14","slug":"ataque-suicida-deja-al-menos-16-soldados-muertos-en-pakistan-dw-28-06-2025","status":"publish","type":"post","link":"https:\/\/noticiasveraces.com\/?p=33618","title":{"rendered":"Ataque suicida deja al menos 16 soldados muertos en Pakist\u00e1n \u2013 DW \u2013 28\/06\/2025"},"content":{"rendered":"<p> \n<\/p>\n<div>\n<p>Al menos 16 soldados murieron en un ataque suicida este s\u00e1bado (28.06.2025) en el noroeste de Pakist\u00e1n, informaron funcionarios de la administraci\u00f3n local y de los servicios de seguridad. \u00abUn kamikaze se abalanz\u00f3 con su veh\u00edculo lleno de explosivos contra un convoy de soldados\u00bb en la provincia de Jaiber Pajtunjua, fronteriza con Afganist\u00e1n, inform\u00f3 un funcionario.<\/p>\n<p>En la acci\u00f3n 16 soldados perdieron la vida y 24 personas resultaron heridas, entre ellas 14 civiles, dijeron las autoridades. La explosi\u00f3n se produjo mientras estaba vigente un toque de queda en la zona para permitir el paso de convoyes de seguridad durante la ma\u00f1ana, a\u00f1adi\u00f3 una fuente. Un oficial de la polic\u00eda local declar\u00f3 que la explosi\u00f3n hab\u00eda \u00abderrumbado los techos de dos casas, hiriendo a seis ni\u00f1os\u00bb.<\/p>\n<p>El atentado tuvo lugar en la regi\u00f3n tribal de Mir Ali, en el distrito de Wazirist\u00e1n del Norte, perteneciente a la provincia noroccidental de Jaiber Pajtunjua, una de las m\u00e1s golpeadas por la violencia insurgente en los \u00faltimos a\u00f1os. El ataque fue reivindicado por el grupo Huzaifa Suicide Bombing Cell, una c\u00e9lula afiliada a Aswad ul Harb, a su vez vinculado con el grupo Hafiz Gul Bahadar, una facci\u00f3n de los talibanes pakistan\u00edes.<\/p>\n<h2>Aumento de los ataques<\/h2>\n<p>Las fuerzas de seguridad acordonaron la zona y comenzaron una operaci\u00f3n de b\u00fasqueda ante la posibilidad de que hubiera otros insurgentes en los alrededores del lugar del ataque. La violencia ha aumentado en el oeste de Pakist\u00e1n, zona fronteriza con Afganist\u00e1n, desde el regreso al poder de los talibanes en Kabul en el verano de 2021. Islamabad acusa a su vecino de no desalojar a los rebeldes que utilizan su territorio para atacar a Pakist\u00e1n, algo que Afganist\u00e1n niega.<\/p>\n<p>El a\u00f1o 2024 fue el m\u00e1s mort\u00edfero en casi una d\u00e9cada en Pakist\u00e1n, con m\u00e1s de 1.600 muertos, casi la mitad de ellos soldados y polic\u00edas, seg\u00fan el Centro para la Investigaci\u00f3n y Estudios de Seguridad de Islamabad. En total, desde el 1 de enero, seg\u00fan un recuento de la AFP, cerca de 290 personas, en su mayor\u00eda miembros de las fuerzas de seguridad, han sido asesinadas en actos de violencia llevados a cabo por grupos armados en lucha contra el Estado.<\/p>\n<p>DZC (EFE, AFP)<\/p>\n<\/div>\n\n","protected":false},"excerpt":{"rendered":"<p>Al menos 16 soldados murieron en un ataque suicida este s\u00e1bado (28.06.2025) en el noroeste de Pakist\u00e1n, informaron funcionarios de la administraci\u00f3n local y de los servicios de seguridad. \u00abUn kamikaze se abalanz\u00f3 con su veh\u00edculo lleno de explosivos contra un convoy de soldados\u00bb en la provincia de Jaiber Pajtunjua, fronteriza con Afganist\u00e1n, inform\u00f3 un &hellip;<\/p>\n","protected":false},"author":1,"featured_media":33619,"comment_status":"open","ping_status":"open","sticky":false,"template":"","format":"standard","meta":{"fifu_image_url":"https:\/\/static.dw.com\/image\/72247785_6.jpg","fifu_image_alt":"","footnotes":""},"categories":[13],"tags":[],"class_list":["post-33618","post","type-post","status-publish","format-standard","has-post-thumbnail","","category-mundo"],"_links":{"self":[{"href":"https:\/\/noticiasveraces.com\/index.php?rest_route=\/wp\/v2\/posts\/33618","targetHints":{"allow":["GET"]}}],"collection":[{"href":"https:\/\/noticiasveraces.com\/index.php?rest_route=\/wp\/v2\/posts"}],"about":[{"href":"https:\/\/noticiasveraces.com\/index.php?rest_route=\/wp\/v2\/types\/post"}],"author":[{"embeddable":true,"href":"https:\/\/noticiasveraces.com\/index.php?rest_route=\/wp\/v2\/users\/1"}],"replies":[{"embeddable":true,"href":"https:\/\/noticiasveraces.com\/index.php?rest_route=%2Fwp%2Fv2%2Fcomments&post=33618"}],"version-history":[{"count":0,"href":"https:\/\/noticiasveraces.com\/index.php?rest_route=\/wp\/v2\/posts\/33618\/revisions"}],"wp:featuredmedia":[{"embeddable":true,"href":"https:\/\/noticiasveraces.com\/index.php?rest_route=\/wp\/v2\/media\/33619"}],"wp:attachment":[{"href":"https:\/\/noticiasveraces.com\/index.php?rest_route=%2Fwp%2Fv2%2Fmedia&parent=33618"}],"wp:term":[{"taxonomy":"category","embeddable":true,"href":"https:\/\/noticiasveraces.com\/index.php?rest_route=%2Fwp%2Fv2%2Fcategories&post=33618"},{"taxonomy":"post_tag","embeddable":true,"href":"https:\/\/noticiasveraces.com\/index.php?rest_route=%2Fwp%2Fv2%2Ftags&post=33618"}],"curies":[{"name":"wp","href":"https:\/\/api.w.org\/{rel}","templated":true}]}}