{"id":33607,"date":"2025-06-28T06:13:10","date_gmt":"2025-06-28T10:13:10","guid":{"rendered":"https:\/\/noticiasveraces.com\/?p=33607"},"modified":"2025-06-28T06:13:10","modified_gmt":"2025-06-28T10:13:10","slug":"el-jefe-de-la-prision-de-teheran-huye-despues-de-que-israel-contacte-a-su-hijo-antes-de-los-ataques-aereos","status":"publish","type":"post","link":"https:\/\/noticiasveraces.com\/?p=33607","title":{"rendered":"El jefe de la prisi\u00f3n de Teher\u00e1n huye despu\u00e9s de que Israel contacte a su hijo antes de los ataques a\u00e9reos"},"content":{"rendered":"<p> \n<\/p>\n<div>\n<div id=\"beyondwords-wrapper\" class=\"beyondwords-wrapper\">\n<p><span class=\"label-bg\">NUEVO<\/span>\u00a1Ahora puedes escuchar art\u00edculos de Fox News!\n  <\/p>\n<\/div>\n<p class=\"speakable\">Exclusivo: el notorio director de la brutal prisi\u00f3n de Evin de Teher\u00e1n, Hedayatollah Farzadi, escap\u00f3 del complejo por delante de las huelgas israel\u00ed despu\u00e9s de las amenazas a su vida, y un presunto intercambio entre Jerusal\u00e9n y su hijo adulto.<\/p>\n<p class=\"speakable\">Seg\u00fan los informes, las autoridades israel\u00edes se pusieron en contacto con Amir Husseini Farzadi, dici\u00e9ndole que si convenc\u00eda a su padre de liberar prisioneros pol\u00edticos, su vida se salvar\u00eda en el inminente ataque.<\/p>\n<p>Seg\u00fan una serie de mensajes de WhatsApp compartidos con Fox News Digital por una fuente de Intel israel\u00ed, un agente instruy\u00f3 a Amir a decirle a su padre que abra las puertas de la prisi\u00f3n, advirtiendo que un ataque ocurrir\u00eda en \u00abunos minutos\u00bb. Amir pregunt\u00f3 si algo ya le hab\u00eda sucedido a su padre, y el agente israel\u00ed respondi\u00f3 que no lo har\u00eda, si transmit\u00eda el mensaje.<\/p>\n<div class=\"image-ct inline\">\n<div class=\"m\"><picture><source media=\"(max-width: 767px)\" srcset=\"https:\/\/a57.foxnews.com\/static.foxnews.com\/foxnews.com\/content\/uploads\/2025\/06\/343\/192\/evin-prison-damage.jpg?ve=1&amp;tl=1, https:\/\/a57.foxnews.com\/static.foxnews.com\/foxnews.com\/content\/uploads\/2025\/06\/686\/384\/evin-prison-damage.jpg?ve=1&amp;tl=1 2x\" height=\"192\" width=\"343\"><source media=\"(min-width: 768px) and (max-width: 1023px)\" srcset=\"https:\/\/a57.foxnews.com\/static.foxnews.com\/foxnews.com\/content\/uploads\/2025\/06\/672\/378\/evin-prison-damage.jpg?ve=1&amp;tl=1, https:\/\/a57.foxnews.com\/static.foxnews.com\/foxnews.com\/content\/uploads\/2025\/06\/1344\/756\/evin-prison-damage.jpg?ve=1&amp;tl=1 2x\" height=\"378\" width=\"672\"><source media=\"(min-width: 1024px) and (max-width: 1279px)\" srcset=\"https:\/\/a57.foxnews.com\/static.foxnews.com\/foxnews.com\/content\/uploads\/2025\/06\/931\/523\/evin-prison-damage.jpg?ve=1&amp;tl=1, https:\/\/a57.foxnews.com\/static.foxnews.com\/foxnews.com\/content\/uploads\/2025\/06\/1862\/1046\/evin-prison-damage.jpg?ve=1&amp;tl=1 2x\" height=\"523\" width=\"931\"><source media=\"(min-width: 1280px)\" srcset=\"https:\/\/a57.foxnews.com\/static.foxnews.com\/foxnews.com\/content\/uploads\/2025\/06\/720\/405\/evin-prison-damage.jpg?ve=1&amp;tl=1, https:\/\/a57.foxnews.com\/static.foxnews.com\/foxnews.com\/content\/uploads\/2025\/06\/1440\/810\/evin-prison-damage.jpg?ve=1&amp;tl=1 2x\" height=\"405\" width=\"720\"><img loading=\"lazy\" decoding=\"async\" src=\"https:\/\/a57.foxnews.com\/static.foxnews.com\/foxnews.com\/content\/uploads\/2025\/06\/1200\/675\/evin-prison-damage.jpg?ve=1&amp;tl=1\" alt=\"La prisi\u00f3n de Evin de Ir\u00e1n atac\u00f3 por las FDI\" width=\"1200\" height=\"675\"\/><\/source><\/source><\/source><\/source><\/picture><\/div>\n<div class=\"info\">\n<div class=\"caption\">\n<p><span>En esta imagen obtenida de la agencia de noticias del poder judicial iran\u00ed, Mizan Online, el 25 de junio de 2025, los rescatistas revisan los escombros dentro del complejo de la prisi\u00f3n de Evin en Teher\u00e1n que fue golpeado hace d\u00edas por una huelga israel\u00ed.<\/span> <span>(Mostafa Roudaki\/Mizanonline\/AFP a trav\u00e9s de Getty Images)<\/span><\/p>\n<\/div>\n<\/div>\n<\/div>\n<p><strong>El principal diplom\u00e1tico de Ir\u00e1n contradice el l\u00edder supremo sobre da\u00f1os en el sitio nuclear \u00abgrave\u00bb<\/strong><\/p>\n<p>La fuente le dijo a Fox News Digitial que despu\u00e9s de recibir el mensaje, Amir contact\u00f3 a su t\u00edo, quien luego condujo a la prisi\u00f3n para conseguir a su padre, Farzadi. Los dos fueron vistos acelerando lejos del \u00e1rea momentos antes de que comenzaran los ataques a\u00e9reos. Farzadi no ha sido escuchado desde entonces, seg\u00fan la fuente.<\/p>\n<div class=\"image-ct inline\">\n<div class=\"m\"><picture><source media=\"(max-width: 767px)\" srcset=\"https:\/\/a57.foxnews.com\/static.foxnews.com\/foxnews.com\/content\/uploads\/2025\/06\/343\/192\/hedayat-farzadi4-topaz-upscale-720h.jpg?ve=1&amp;tl=1, https:\/\/a57.foxnews.com\/static.foxnews.com\/foxnews.com\/content\/uploads\/2025\/06\/686\/384\/hedayat-farzadi4-topaz-upscale-720h.jpg?ve=1&amp;tl=1 2x\" height=\"192\" width=\"343\"><source media=\"(min-width: 768px) and (max-width: 1023px)\" srcset=\"https:\/\/a57.foxnews.com\/static.foxnews.com\/foxnews.com\/content\/uploads\/2025\/06\/672\/378\/hedayat-farzadi4-topaz-upscale-720h.jpg?ve=1&amp;tl=1, https:\/\/a57.foxnews.com\/static.foxnews.com\/foxnews.com\/content\/uploads\/2025\/06\/1344\/756\/hedayat-farzadi4-topaz-upscale-720h.jpg?ve=1&amp;tl=1 2x\" height=\"378\" width=\"672\"><source media=\"(min-width: 1024px) and (max-width: 1279px)\" srcset=\"https:\/\/a57.foxnews.com\/static.foxnews.com\/foxnews.com\/content\/uploads\/2025\/06\/931\/523\/hedayat-farzadi4-topaz-upscale-720h.jpg?ve=1&amp;tl=1, https:\/\/a57.foxnews.com\/static.foxnews.com\/foxnews.com\/content\/uploads\/2025\/06\/1862\/1046\/hedayat-farzadi4-topaz-upscale-720h.jpg?ve=1&amp;tl=1 2x\" height=\"523\" width=\"931\"><source media=\"(min-width: 1280px)\" srcset=\"https:\/\/a57.foxnews.com\/static.foxnews.com\/foxnews.com\/content\/uploads\/2025\/06\/720\/405\/hedayat-farzadi4-topaz-upscale-720h.jpg?ve=1&amp;tl=1, https:\/\/a57.foxnews.com\/static.foxnews.com\/foxnews.com\/content\/uploads\/2025\/06\/1440\/810\/hedayat-farzadi4-topaz-upscale-720h.jpg?ve=1&amp;tl=1 2x\" height=\"405\" width=\"720\"><img loading=\"lazy\" decoding=\"async\" src=\"https:\/\/a57.foxnews.com\/static.foxnews.com\/foxnews.com\/content\/uploads\/2025\/06\/1200\/675\/hedayat-farzadi4-topaz-upscale-720h.jpg?ve=1&amp;tl=1\" alt=\"Hedayatol\u00e1 Farzadi\" width=\"1200\" height=\"675\"\/><\/source><\/source><\/source><\/source><\/picture><\/div>\n<div class=\"info\">\n<div class=\"caption\">\n<p><span>Notorious director de la prisi\u00f3n de Evin Hedayatollah Farzadi<\/span> <span>(NCRI)<\/span><\/p>\n<\/div>\n<\/div>\n<\/div>\n<p>Farzadi, quien ha sido el director de la prisi\u00f3n de Evin desde 2022, ha sido acusado de cometer violaciones atroces de los derechos humanos, incluida la tortura y el asesinato de los reclusos, muchos de los cuales son disidentes pol\u00edticos. Las acusaciones en su contra incluyen palizas, hambre, violencia sexual contra mujeres prisioneras y asesinatos. Ha sido sancionado por los Estados Unidos y la Uni\u00f3n Europea.<\/p>\n<p>El Departamento de Control de Activos Extranjeros (OFAC) del Departamento de Tesoro de los Estados Unidos ha designado a Farzadi bajo la lista de ciudadanos especialmente designados (SDN), que proh\u00edbe a las entidades e individuos estadounidenses tratarlo.<\/p>\n<div class=\"image-ct inline\">\n<div class=\"m\"><picture><source media=\"(max-width: 767px)\" srcset=\"https:\/\/a57.foxnews.com\/static.foxnews.com\/foxnews.com\/content\/uploads\/2025\/06\/343\/192\/evin-prison-interior-damage.jpg?ve=1&amp;tl=1, https:\/\/a57.foxnews.com\/static.foxnews.com\/foxnews.com\/content\/uploads\/2025\/06\/686\/384\/evin-prison-interior-damage.jpg?ve=1&amp;tl=1 2x\" height=\"192\" width=\"343\"><source media=\"(min-width: 768px) and (max-width: 1023px)\" srcset=\"https:\/\/a57.foxnews.com\/static.foxnews.com\/foxnews.com\/content\/uploads\/2025\/06\/672\/378\/evin-prison-interior-damage.jpg?ve=1&amp;tl=1, https:\/\/a57.foxnews.com\/static.foxnews.com\/foxnews.com\/content\/uploads\/2025\/06\/1344\/756\/evin-prison-interior-damage.jpg?ve=1&amp;tl=1 2x\" height=\"378\" width=\"672\"><source media=\"(min-width: 1024px) and (max-width: 1279px)\" srcset=\"https:\/\/a57.foxnews.com\/static.foxnews.com\/foxnews.com\/content\/uploads\/2025\/06\/931\/523\/evin-prison-interior-damage.jpg?ve=1&amp;tl=1, https:\/\/a57.foxnews.com\/static.foxnews.com\/foxnews.com\/content\/uploads\/2025\/06\/1862\/1046\/evin-prison-interior-damage.jpg?ve=1&amp;tl=1 2x\" height=\"523\" width=\"931\"><source media=\"(min-width: 1280px)\" srcset=\"https:\/\/a57.foxnews.com\/static.foxnews.com\/foxnews.com\/content\/uploads\/2025\/06\/720\/405\/evin-prison-interior-damage.jpg?ve=1&amp;tl=1, https:\/\/a57.foxnews.com\/static.foxnews.com\/foxnews.com\/content\/uploads\/2025\/06\/1440\/810\/evin-prison-interior-damage.jpg?ve=1&amp;tl=1 2x\" height=\"405\" width=\"720\"><img loading=\"lazy\" decoding=\"async\" src=\"https:\/\/a57.foxnews.com\/static.foxnews.com\/foxnews.com\/content\/uploads\/2025\/06\/1200\/675\/evin-prison-interior-damage.jpg?ve=1&amp;tl=1\" alt=\"Conflicto de Ir\u00e1n Israel, prisi\u00f3n de Evin\" width=\"1200\" height=\"675\"\/><\/source><\/source><\/source><\/source><\/picture><\/div>\n<div class=\"info\">\n<div class=\"caption\">\n<p><span>Los rescatistas buscan a trav\u00e9s de los escombros de una secci\u00f3n da\u00f1ada de la prisi\u00f3n de Evin el martes 24 de junio de 2025, luego de una huelga israel\u00ed el d\u00eda anterior, en Teher\u00e1n, Ir\u00e1n.<\/span> <span>(AP Photo\/Mostafa Roudaki\/Mizan News Agency)<\/span><\/p>\n<\/div>\n<\/div>\n<\/div>\n<p><strong><u>Ir\u00e1n intensifica la represi\u00f3n de la seguridad interna despu\u00e9s de nosotros, Israel golpea<\/u><\/strong><\/p>\n<p>\u00abSe han enviado numerosos manifestantes a la prisi\u00f3n de Evin durante la \u00faltima ronda de protestas donde han sido sometidos a tortura y otras formas de abuso f\u00edsico\u00bb, escribi\u00f3 el departamento del Tesoro en un comunicado. <\/p>\n<p>Antes de su tiempo en la prisi\u00f3n de Evin, Farzadi pas\u00f3 10 a\u00f1os trabajando en la prisi\u00f3n de Dizel Abad, donde \u00abera conocido por organizar amputaciones p\u00fablicas de delincuentes condenados por delitos menores\u00bb, escribi\u00f3 el departamento del Tesoro. El departamento tambi\u00e9n se\u00f1al\u00f3 que durante su tiempo como director de la Penitenciar\u00eda del Gran Teher\u00e1n, tambi\u00e9n conocido como prisi\u00f3n de Fashauyeh, Farzadi \u00absupervis\u00f3 la tortura y el maltrato\u00bb de los reclusos.<\/p>\n<p><strong><u>Haga clic aqu\u00ed para obtener la aplicaci\u00f3n Fox News<\/u><\/strong><\/p>\n<p>En su anuncio de sanciones de abril de 2025 contra Ferzadi, as\u00ed como otras entidades e individuos, la UE conden\u00f3 \u00abel uso del poder judicial como una herramienta para la detenci\u00f3n arbitraria\u00bb en Ir\u00e1n. La UE tambi\u00e9n se\u00f1al\u00f3 que Ir\u00e1n vio un \u00abaumento dram\u00e1tico en el n\u00famero de ejecuciones\u00bb en 2024, que inclu\u00eda mujeres, minor\u00edas y ciudadanos europeos. Sin embargo, la UE no especific\u00f3 cu\u00e1ntos de los ejecutados eran disidentes pol\u00edticos.<\/p>\n<p>\u00abLa libertad de opini\u00f3n y la expresi\u00f3n, la libertad de religi\u00f3n o la creencia, as\u00ed como la libertad de asamblea, se han restringido cada vez m\u00e1s, y se han tomado medidas amenazantes contra los defensores de los derechos humanos, los periodistas y los disidentes pol\u00edticos\u00bb, escribi\u00f3 la UE.<\/p>\n<p> <!----> <\/p>\n<div class=\"article-meta\">\n<div class=\"author-bio\">\n<p>Rachel Wolf es una escritora de noticias de Fox News Digital y Fox Business.<\/p>\n<\/div>\n<\/div>\n<\/div>\n\n","protected":false},"excerpt":{"rendered":"<p>NUEVO\u00a1Ahora puedes escuchar art\u00edculos de Fox News! Exclusivo: el notorio director de la brutal prisi\u00f3n de Evin de Teher\u00e1n, Hedayatollah Farzadi, escap\u00f3 del complejo por delante de las huelgas israel\u00ed despu\u00e9s de las amenazas a su vida, y un presunto intercambio entre Jerusal\u00e9n y su hijo adulto. Seg\u00fan los informes, las autoridades israel\u00edes se pusieron &hellip;<\/p>\n","protected":false},"author":1,"featured_media":33609,"comment_status":"open","ping_status":"open","sticky":false,"template":"","format":"standard","meta":{"fifu_image_url":"https:\/\/static.foxnews.com\/foxnews.com\/content\/uploads\/2025\/06\/evin-prison-interior-damage.jpg","fifu_image_alt":"","footnotes":""},"categories":[13],"tags":[],"class_list":["post-33607","post","type-post","status-publish","format-standard","has-post-thumbnail","","category-mundo"],"_links":{"self":[{"href":"https:\/\/noticiasveraces.com\/index.php?rest_route=\/wp\/v2\/posts\/33607","targetHints":{"allow":["GET"]}}],"collection":[{"href":"https:\/\/noticiasveraces.com\/index.php?rest_route=\/wp\/v2\/posts"}],"about":[{"href":"https:\/\/noticiasveraces.com\/index.php?rest_route=\/wp\/v2\/types\/post"}],"author":[{"embeddable":true,"href":"https:\/\/noticiasveraces.com\/index.php?rest_route=\/wp\/v2\/users\/1"}],"replies":[{"embeddable":true,"href":"https:\/\/noticiasveraces.com\/index.php?rest_route=%2Fwp%2Fv2%2Fcomments&post=33607"}],"version-history":[{"count":0,"href":"https:\/\/noticiasveraces.com\/index.php?rest_route=\/wp\/v2\/posts\/33607\/revisions"}],"wp:featuredmedia":[{"embeddable":true,"href":"https:\/\/noticiasveraces.com\/index.php?rest_route=\/wp\/v2\/media\/33609"}],"wp:attachment":[{"href":"https:\/\/noticiasveraces.com\/index.php?rest_route=%2Fwp%2Fv2%2Fmedia&parent=33607"}],"wp:term":[{"taxonomy":"category","embeddable":true,"href":"https:\/\/noticiasveraces.com\/index.php?rest_route=%2Fwp%2Fv2%2Fcategories&post=33607"},{"taxonomy":"post_tag","embeddable":true,"href":"https:\/\/noticiasveraces.com\/index.php?rest_route=%2Fwp%2Fv2%2Ftags&post=33607"}],"curies":[{"name":"wp","href":"https:\/\/api.w.org\/{rel}","templated":true}]}}