{"id":33573,"date":"2025-06-28T02:08:44","date_gmt":"2025-06-28T06:08:44","guid":{"rendered":"https:\/\/noticiasveraces.com\/?p=33573"},"modified":"2025-06-28T02:08:44","modified_gmt":"2025-06-28T06:08:44","slug":"cadena-perpetua-a-2-hombres-por-muerte-de-migrantes-dw-28-06-2025","status":"publish","type":"post","link":"https:\/\/noticiasveraces.com\/?p=33573","title":{"rendered":"cadena perpetua a 2 hombres por muerte de migrantes \u2013 DW \u2013 28\/06\/2025"},"content":{"rendered":"<p> \n<\/p>\n<div>\n<p>Dos hombres fueron condenados este viernes (27.06.2025) a cadena perpetua en una prisi\u00f3n federal por su responsabilidad en un caso de tr\u00e1fico de migrantes que dej\u00f3 53 muertos y 11 heridos, seg\u00fan inform\u00f3 el Departamento de Justicia de EE.UU.<\/p>\n<p>Las v\u00edctimas fueron encontradas el 27 de junio de 2022 en un tr\u00e1iler abandonado en San Antonio (Texas), y los responsables son Felipe Ordu\u00f1a Torres y Armando Gonz\u00e1lez Ortega.<\/p>\n<p>Ordu\u00f1a Torres tambi\u00e9n conocido como &#8216;Cholo&#8217;, &#8216;Chuequito&#8217; o &#8216;Negro&#8217;, de 30 a\u00f1os, fue condenado a cadena perpetua y pagar una multa de 250.000 d\u00f3lares (unos 213.200 euros) cargos relacionados con el transporte de extranjeros dentro de Estados Unidos, con resultado de muerte, y lesiones corporales graves con peligro de muerte.<\/p>\n<p>Gonz\u00e1lez Ortega, que responde al alias &#8216;el Don&#8217; y &#8216;Don Gon&#8217;, de 55, fue sentenciado a 83 a\u00f1os de prisi\u00f3n y una multa de 250.000, por el incidente ocurrido el 27 de junio de 2022 cuando 66 indocumentados fueron traficados desde M\u00e9xico a EE.UU.<\/p>\n<p>Ambos acusados \u200b\u200bfueron declarados culpables por un jurado federal en marzo pasado.<\/p>\n<p>El juez federal Orlando Garc\u00eda fij\u00f3 la fecha de la sentencia justo cuando se cumplen tres a\u00f1os del incidente, que ha sido calificado como uno de los m\u00e1s tr\u00e1gicos relacionados sobre el tr\u00e1fico de inmigrantes en EE.UU.<\/p>\n<p>\u00abEstos criminales pasar\u00e1n el resto de sus vidas en prisi\u00f3n por su cruel decisi\u00f3n de lucrarse con el sufrimiento humano\u201d, declar\u00f3 en un comunicado la fiscal de EE.UU., Pamela Bondi. <\/p>\n<p><span data-slot-id=\"Article_InContent-1\" class=\"rich-text-ad\"\/><\/p>\n<h2>Otros cinco acusados<\/h2>\n<p>Agreg\u00f3 que las sentencias de hoy son \u00abun mensaje contundente\u201d para los traficantes de personas de todo el mundo: \u00abno descansaremos hasta que est\u00e9n tras las rejas\u201d.<\/p>\n<p>Seg\u00fan las pruebas presentadas en el juicio federal realizado en Texas, para cuando el cami\u00f3n con el tr\u00e1iler sin aire acondicionado ni ventilaci\u00f3n lleg\u00f3 a San Antonio 48 migrantes ya hab\u00edan fallecido.<\/p>\n<p>Otros cinco migrantes murieron tras ser trasladados a hospitales locales. Seis ni\u00f1os y una mujer embarazada se encontraban entre los fallecidos.<\/p>\n<p>La Fiscal\u00eda de EE.UU. asegur\u00f3 que los acusados cobraron a los migrantes oriundos de M\u00e9xico, Guatemala y Honduras entre 12.000 y 15.000 d\u00f3lares por el peligroso viaje.<\/p>\n<p>El tribunal tambi\u00e9n orden\u00f3 a Ordu\u00f1a Torres pagar otra multa de 96.000 d\u00f3lares y orden\u00f3 la confiscaci\u00f3n de un semirremolque Volvo 2008; un remolque Phoenix 1995; un Cadillac Escalade 2015; una camioneta Ford F-350 Super Duty 2017; y cerca de 60.000 d\u00f3lares en efectivo.<\/p>\n<p>El conductor del cami\u00f3n Homero Zamorano Jr. se declar\u00f3 en enero pasado culpable de los cargos relacionados con la tragedia. Otros cinco acusados \u200b\u200bse han declarado culpables por su participaci\u00f3n en el incidente.<\/p>\n<p>En el mismo caso, Guatemala extradit\u00f3 a principio de a\u00f1o a Rigoberto Ram\u00f3n Miranda Orozco, de 48 a\u00f1os, presunto l\u00edder de una organizaci\u00f3n de tr\u00e1fico de personas con sede en Guatemala, por su presunta participaci\u00f3n en el incidente y la muerte de sus connacionales.<\/p>\n<p>mg (afp, Univisi\u00f3n)<\/p>\n<\/p>\n<\/div>\n\n","protected":false},"excerpt":{"rendered":"<p>Dos hombres fueron condenados este viernes (27.06.2025) a cadena perpetua en una prisi\u00f3n federal por su responsabilidad en un caso de tr\u00e1fico de migrantes que dej\u00f3 53 muertos y 11 heridos, seg\u00fan inform\u00f3 el Departamento de Justicia de EE.UU. Las v\u00edctimas fueron encontradas el 27 de junio de 2022 en un tr\u00e1iler abandonado en San &hellip;<\/p>\n","protected":false},"author":1,"featured_media":33574,"comment_status":"open","ping_status":"open","sticky":false,"template":"","format":"standard","meta":{"fifu_image_url":"https:\/\/static.dw.com\/image\/62310478_6.jpg","fifu_image_alt":"","footnotes":""},"categories":[13],"tags":[],"class_list":["post-33573","post","type-post","status-publish","format-standard","has-post-thumbnail","","category-mundo"],"_links":{"self":[{"href":"https:\/\/noticiasveraces.com\/index.php?rest_route=\/wp\/v2\/posts\/33573","targetHints":{"allow":["GET"]}}],"collection":[{"href":"https:\/\/noticiasveraces.com\/index.php?rest_route=\/wp\/v2\/posts"}],"about":[{"href":"https:\/\/noticiasveraces.com\/index.php?rest_route=\/wp\/v2\/types\/post"}],"author":[{"embeddable":true,"href":"https:\/\/noticiasveraces.com\/index.php?rest_route=\/wp\/v2\/users\/1"}],"replies":[{"embeddable":true,"href":"https:\/\/noticiasveraces.com\/index.php?rest_route=%2Fwp%2Fv2%2Fcomments&post=33573"}],"version-history":[{"count":0,"href":"https:\/\/noticiasveraces.com\/index.php?rest_route=\/wp\/v2\/posts\/33573\/revisions"}],"wp:featuredmedia":[{"embeddable":true,"href":"https:\/\/noticiasveraces.com\/index.php?rest_route=\/wp\/v2\/media\/33574"}],"wp:attachment":[{"href":"https:\/\/noticiasveraces.com\/index.php?rest_route=%2Fwp%2Fv2%2Fmedia&parent=33573"}],"wp:term":[{"taxonomy":"category","embeddable":true,"href":"https:\/\/noticiasveraces.com\/index.php?rest_route=%2Fwp%2Fv2%2Fcategories&post=33573"},{"taxonomy":"post_tag","embeddable":true,"href":"https:\/\/noticiasveraces.com\/index.php?rest_route=%2Fwp%2Fv2%2Ftags&post=33573"}],"curies":[{"name":"wp","href":"https:\/\/api.w.org\/{rel}","templated":true}]}}