{"id":33571,"date":"2025-06-28T01:07:36","date_gmt":"2025-06-28T05:07:36","guid":{"rendered":"https:\/\/noticiasveraces.com\/?p=33571"},"modified":"2025-06-28T01:07:36","modified_gmt":"2025-06-28T05:07:36","slug":"iran-celebra-funerales-por-muertos-en-la-guerra-con-israel-dw-28-06-2025","status":"publish","type":"post","link":"https:\/\/noticiasveraces.com\/?p=33571","title":{"rendered":"Ir\u00e1n celebra funerales por muertos en la guerra con Israel \u2013 DW \u2013 28\/06\/2025"},"content":{"rendered":"<p> \n<\/p>\n<div>\n<p>Ir\u00e1n celebrar\u00e1 el s\u00e1bado (28.06.2025) los funerales nacionales por unos 60 altos cargos y cient\u00edficos nucleares muertos durante la guerra de 12 d\u00edas lanzada por Israel, en la cuarta jornada de una fr\u00e1gil tregua y bajo amenazas de Donald Trump de atacar nuevamente la Rep\u00fablica Isl\u00e1mica.<\/p>\n<p>Varios comandantes de las fuerzas armadas iran\u00edes, incluidos los Guardianes de la Revoluci\u00f3n (el ej\u00e9rcito ideol\u00f3gico del pa\u00eds), adem\u00e1s de una decena de cient\u00edficos nucleares, murieron en los bombardeos israel\u00edes, y las autoridades se prepararan para honrarlos la ma\u00f1ana del s\u00e1bado en unos funerales nacionales.<\/p>\n<p>El s\u00e1bado \u00abser\u00e1 un d\u00eda hist\u00f3rico para el Ir\u00e1n isl\u00e1mico y la historia de la Revoluci\u00f3n\u00bb, declar\u00f3 el viernes a la televisi\u00f3n estatal Mohsen Mahmudi, una autoridad religiosa de la provincia de Teher\u00e1n.<\/p>\n<p>Los funerales comenzar\u00e1n a las 08H00 (04H30 GMT) en la plaza Enghelab (Revoluci\u00f3n) de Teher\u00e1n, con una breve ceremonia. El cortejo f\u00fanebre se dirigir\u00e1 posteriormente a la plaza Azadi (Libertad), a unos 11 km, seg\u00fan Mahmudi.<\/p>\n<p>El general Mohamad Bagheri, jefe del Estado Mayor del ej\u00e9rcito iran\u00ed que muri\u00f3 en el primer d\u00eda de la guerra en un bombardeo israel\u00ed, ser\u00e1 enterrado junto a su mujer, una periodista de un medio local, y su hija, precis\u00f3 Mahmudi.<\/p>\n<p>El ayatola Al\u00ed Jamenei ha presidido este tipo de funerales en otras ocasiones, como el a\u00f1o pasado tras la muerte del presidente Ebrahim Raisi en un accidente de helic\u00f3ptero. Pero la presencia del dirigente iran\u00ed, en el poder desde 1989, no est\u00e1 confirmada.<\/p>\n<p>El ministro de Relaciones Exteriores de Israel, Gideon Star, afirm\u00f3 el viernes que el mundo tiene la obligaci\u00f3n de impedir que Ir\u00e1n desarrolle una bomba at\u00f3mica, pocos d\u00edas despu\u00e9s de que Israel afirmara haber \u00abfrustrado el proyecto nuclear de Ir\u00e1n\u00bb con la guerra.<\/p>\n<p>Seg\u00fan el Ministerio de Salud iran\u00ed, al menos 627 personas murieron y unas 4.900 resultaron heridas durante estos 12 d\u00edas de guerra.<\/p>\n<p>El fuego iran\u00ed contra Israel caus\u00f3 28 muertos, seg\u00fan las autoridades israel\u00edes.<\/p>\n<p>GS (AFP, DPA)<\/p>\n<div class=\"vjs-wrapper embed big\">\n<h2 aria-label=\"Video integrado \u2014 CIA: el programa nuclear de Ir\u00e1n fue &quot;gravemente da\u00f1ado&quot;\" class=\"headline\"><svg xmlns=\"http:\/\/www.w3.org\/2000\/svg\" viewbox=\"0 0 20 20\"><g fill-rule=\"evenodd\"><path d=\"M14.114 7.599H13.5l.002 4.706h.601l4.582 3.25-.005-11.11zM11.084 4.444l-9.007.002-1.336.797.002 9.514 1.334.793 9.007.006 1.509-.799-.004-9.516z\"\/><\/g><\/svg>CIA: el programa nuclear de Ir\u00e1n fue \u00abgravemente da\u00f1ado\u00bb<\/h2>\n<p><video id=\"video-73055207\" controls=\"\" playsinline=\"\" preload=\"none\" poster=\"data:image\/png;base64,iVBORw0KGgoAAAANSUhEUgAAAAEAAAABCAQAAAC1HAwCAAAAC0lEQVR42mNkYAAAAAYAAjCB0C8AAAAASUVORK5CYII=\" data-id=\"73055207\" data-posterurl=\"https:\/\/static.dw.com\/image\/73040035_605.webp\" data-duration=\"02:19\"><source src=\"https:\/\/hlsvod.dw.com\/i\/dwtv_video\/flv\/js\/js20250626_TRUMPNUCLEAR06D_,AVC_480x270,AVC_512x288,AVC_640x360,AVC_960x540,AVC_1280x720,AVC_1920x1080,.mp4.csmil\/master.m3u8\" type=\"application\/x-mpegURL\"><source src=\"https:\/\/tvdownloaddw-a.akamaihd.net\/dwtv_video\/flv\/js\/js20250626_TRUMPNUCLEAR06D_AVC_1920x1080.mp4\" type=\"video\/mp4\"><p class=\"vjs-no-js\">Para ver este video, habilite JavaScript y considere actualizar a un navegador web que admite el video HTML5<\/p>\n<p><\/source><\/source><\/video><\/div>\n<\/div>\n\n","protected":false},"excerpt":{"rendered":"<p>Ir\u00e1n celebrar\u00e1 el s\u00e1bado (28.06.2025) los funerales nacionales por unos 60 altos cargos y cient\u00edficos nucleares muertos durante la guerra de 12 d\u00edas lanzada por Israel, en la cuarta jornada de una fr\u00e1gil tregua y bajo amenazas de Donald Trump de atacar nuevamente la Rep\u00fablica Isl\u00e1mica. Varios comandantes de las fuerzas armadas iran\u00edes, incluidos los &hellip;<\/p>\n","protected":false},"author":1,"featured_media":33572,"comment_status":"open","ping_status":"open","sticky":false,"template":"","format":"standard","meta":{"fifu_image_url":"https:\/\/static.dw.com\/image\/72980982_6.jpg","fifu_image_alt":"","footnotes":""},"categories":[13],"tags":[],"class_list":["post-33571","post","type-post","status-publish","format-standard","has-post-thumbnail","","category-mundo"],"_links":{"self":[{"href":"https:\/\/noticiasveraces.com\/index.php?rest_route=\/wp\/v2\/posts\/33571","targetHints":{"allow":["GET"]}}],"collection":[{"href":"https:\/\/noticiasveraces.com\/index.php?rest_route=\/wp\/v2\/posts"}],"about":[{"href":"https:\/\/noticiasveraces.com\/index.php?rest_route=\/wp\/v2\/types\/post"}],"author":[{"embeddable":true,"href":"https:\/\/noticiasveraces.com\/index.php?rest_route=\/wp\/v2\/users\/1"}],"replies":[{"embeddable":true,"href":"https:\/\/noticiasveraces.com\/index.php?rest_route=%2Fwp%2Fv2%2Fcomments&post=33571"}],"version-history":[{"count":0,"href":"https:\/\/noticiasveraces.com\/index.php?rest_route=\/wp\/v2\/posts\/33571\/revisions"}],"wp:featuredmedia":[{"embeddable":true,"href":"https:\/\/noticiasveraces.com\/index.php?rest_route=\/wp\/v2\/media\/33572"}],"wp:attachment":[{"href":"https:\/\/noticiasveraces.com\/index.php?rest_route=%2Fwp%2Fv2%2Fmedia&parent=33571"}],"wp:term":[{"taxonomy":"category","embeddable":true,"href":"https:\/\/noticiasveraces.com\/index.php?rest_route=%2Fwp%2Fv2%2Fcategories&post=33571"},{"taxonomy":"post_tag","embeddable":true,"href":"https:\/\/noticiasveraces.com\/index.php?rest_route=%2Fwp%2Fv2%2Ftags&post=33571"}],"curies":[{"name":"wp","href":"https:\/\/api.w.org\/{rel}","templated":true}]}}