{"id":33569,"date":"2025-06-28T00:05:56","date_gmt":"2025-06-28T04:05:56","guid":{"rendered":"https:\/\/noticiasveraces.com\/?p=33569"},"modified":"2025-06-28T00:05:56","modified_gmt":"2025-06-28T04:05:56","slug":"presidente-de-universidad-de-virginia-renuncia-por-presiones-dw-28-06-2025","status":"publish","type":"post","link":"https:\/\/noticiasveraces.com\/?p=33569","title":{"rendered":"Presidente de Universidad de Virginia renuncia por presiones \u2013 DW \u2013 28\/06\/2025"},"content":{"rendered":"<p> \n<\/p>\n<div>\n<p>El presidente de la Universidad de Virginia anunci\u00f3 su renuncia al cargo el viernes (27.06.2025) ante la presi\u00f3n del gobierno de Donald Trump, que hab\u00eda abierto una investigaci\u00f3n sobre las pr\u00e1cticas de diversidad de la instituci\u00f3n acad\u00e9mica.<\/p>\n<p>La dimisi\u00f3n de James Ryan marca un nuevo etapa en los ataques que el mandatario de Estados Unidos ha lanzado contra la educaci\u00f3n superior desde su regreso al poder, en enero.<\/p>\n<p>En un comunicado, Ryan, que dirig\u00eda la Universidad de Virginia desde 2018, explic\u00f3 que prefer\u00eda renunciar antes que \u00abluchar contra el gobierno federal\u00bb.<\/p>\n<p>El Departamento de Justicia, que lidera la investigaci\u00f3n sobre su instituci\u00f3n, hab\u00eda reclamado su salida, seg\u00fan se\u00f1al\u00f3 el diario <em>The New York Times<\/em>.<\/p>\n<p>\u00abSi esto no fuera tan personal para m\u00ed, podr\u00eda haber elegido un camino diferente\u00bb, acot\u00f3 Ryan, enfatizando que \u00abprincipios muy importantes est\u00e1n en juego\u00bb en este asunto.<\/p>\n<blockquote class=\"tweet embed\" data-id=\"1938727210594054231\"\/>\n<p>Intentar permanecer en el puesto parec\u00eda \u00abego\u00edsta y egoc\u00e9ntrico ante los cientos de empleados que perder\u00edan sus empleos, los investigadores que perder\u00edan su financiaci\u00f3n y los cientos de estudiantes que podr\u00edan perder su ayuda financiera o ver sus visas denegadas\u00bb, a\u00f1adi\u00f3 al explicar su gesto.<\/p>\n<p>En un comunicado, los senadores dem\u00f3cratas Mark Warner y Tim Kaine denunciaron la situaci\u00f3n como \u00abun error que perjudica el futuro de Virginia\u00bb.<\/p>\n<p>\u00abEs indignante que funcionarios del Departamento de Justicia de Trump hayan exigido que la universidad\u00bb destituyera a Ryan, declararon.<\/p>\n<p>Desde su regreso a la Casa Blanca, Donald Trump ha liderado una ofensiva contra las universidades, acus\u00e1ndolas de propagar una ideolog\u00eda \u00abwoke\u00bb, t\u00e9rmino peyorativo de los conservadores para denunciar lo que consideran un activismo progresista excesivo, en particular en favor de las minor\u00edas.<\/p>\n<p>El gobierno de Trump tiene en la mira a instituciones prestigiosas como Harvard, a la que intenta prohibir la admisi\u00f3n de estudiantes extranjeros, y Columbia, a la que amenaza con revocar su acreditaci\u00f3n, lo que podr\u00eda privarla de todo el financiamiento federal.<\/p>\n<p>GS (AFP, AP)<\/p>\n<div class=\"vjs-wrapper embed big\">\n<h2 aria-label=\"Video integrado \u2014 Sin visa para estudiantes mexicanos\" class=\"headline\"><svg xmlns=\"http:\/\/www.w3.org\/2000\/svg\" viewbox=\"0 0 20 20\"><g fill-rule=\"evenodd\"><path d=\"M14.114 7.599H13.5l.002 4.706h.601l4.582 3.25-.005-11.11zM11.084 4.444l-9.007.002-1.336.797.002 9.514 1.334.793 9.007.006 1.509-.799-.004-9.516z\"\/><\/g><\/svg>Sin visa para estudiantes mexicanos<\/h2>\n<p><video id=\"video-72966394\" controls=\"\" playsinline=\"\" preload=\"none\" poster=\"data:image\/png;base64,iVBORw0KGgoAAAANSUhEUgAAAAEAAAABCAQAAAC1HAwCAAAAC0lEQVR42mNkYAAAAAYAAjCB0C8AAAAASUVORK5CYII=\" data-id=\"72966394\" data-posterurl=\"https:\/\/tvdownloaddw-a.akamaihd.net\/stills\/images\/js\/js20250619_XESTUDIANTES_image_512x288_3.jpg\" data-duration=\"03:39\"><source src=\"https:\/\/hlsvod.dw.com\/i\/dwtv_video\/flv\/js\/js20250619_XESTUDIANTES_,AVC_480x270,AVC_512x288,AVC_640x360,AVC_960x540,AVC_1280x720,AVC_1920x1080,.mp4.csmil\/master.m3u8\" type=\"application\/x-mpegURL\"><source src=\"https:\/\/tvdownloaddw-a.akamaihd.net\/dwtv_video\/flv\/js\/js20250619_XESTUDIANTES_AVC_1920x1080.mp4\" type=\"video\/mp4\"><track src=\"https:\/\/www.dw.com\/media\/subtitles\/73013402\" srclang=\"es\" label=\"SPANISH\" default=\"\"><p class=\"vjs-no-js\">Para ver este video, habilite JavaScript y considere actualizar a un navegador web que admite el video HTML5<\/p>\n<\/track><\/source><\/source><\/video><\/div>\n<\/div>\n\n","protected":false},"excerpt":{"rendered":"<p>El presidente de la Universidad de Virginia anunci\u00f3 su renuncia al cargo el viernes (27.06.2025) ante la presi\u00f3n del gobierno de Donald Trump, que hab\u00eda abierto una investigaci\u00f3n sobre las pr\u00e1cticas de diversidad de la instituci\u00f3n acad\u00e9mica. La dimisi\u00f3n de James Ryan marca un nuevo etapa en los ataques que el mandatario de Estados Unidos &hellip;<\/p>\n","protected":false},"author":1,"featured_media":33570,"comment_status":"open","ping_status":"open","sticky":false,"template":"","format":"standard","meta":{"fifu_image_url":"https:\/\/static.dw.com\/image\/73074172_6.jpg","fifu_image_alt":"","footnotes":""},"categories":[13],"tags":[],"class_list":["post-33569","post","type-post","status-publish","format-standard","has-post-thumbnail","","category-mundo"],"_links":{"self":[{"href":"https:\/\/noticiasveraces.com\/index.php?rest_route=\/wp\/v2\/posts\/33569","targetHints":{"allow":["GET"]}}],"collection":[{"href":"https:\/\/noticiasveraces.com\/index.php?rest_route=\/wp\/v2\/posts"}],"about":[{"href":"https:\/\/noticiasveraces.com\/index.php?rest_route=\/wp\/v2\/types\/post"}],"author":[{"embeddable":true,"href":"https:\/\/noticiasveraces.com\/index.php?rest_route=\/wp\/v2\/users\/1"}],"replies":[{"embeddable":true,"href":"https:\/\/noticiasveraces.com\/index.php?rest_route=%2Fwp%2Fv2%2Fcomments&post=33569"}],"version-history":[{"count":0,"href":"https:\/\/noticiasveraces.com\/index.php?rest_route=\/wp\/v2\/posts\/33569\/revisions"}],"wp:featuredmedia":[{"embeddable":true,"href":"https:\/\/noticiasveraces.com\/index.php?rest_route=\/wp\/v2\/media\/33570"}],"wp:attachment":[{"href":"https:\/\/noticiasveraces.com\/index.php?rest_route=%2Fwp%2Fv2%2Fmedia&parent=33569"}],"wp:term":[{"taxonomy":"category","embeddable":true,"href":"https:\/\/noticiasveraces.com\/index.php?rest_route=%2Fwp%2Fv2%2Fcategories&post=33569"},{"taxonomy":"post_tag","embeddable":true,"href":"https:\/\/noticiasveraces.com\/index.php?rest_route=%2Fwp%2Fv2%2Ftags&post=33569"}],"curies":[{"name":"wp","href":"https:\/\/api.w.org\/{rel}","templated":true}]}}