{"id":33550,"date":"2025-06-27T21:47:50","date_gmt":"2025-06-28T01:47:50","guid":{"rendered":"https:\/\/noticiasveraces.com\/?p=33550"},"modified":"2025-06-27T21:47:50","modified_gmt":"2025-06-28T01:47:50","slug":"canada-responde-despues-de-que-trump-detiene-las-conversaciones-comerciales-sobre-el-impuesto-de-servicios-digitales","status":"publish","type":"post","link":"https:\/\/noticiasveraces.com\/?p=33550","title":{"rendered":"Canad\u00e1 responde despu\u00e9s de que Trump detiene las conversaciones comerciales sobre el impuesto de servicios digitales"},"content":{"rendered":"<p> \n<\/p>\n<div><!----> <!----> <\/p>\n<div class=\"featured featured-video video-ct\">\n<div class=\"contain\">\n<div class=\"info\">\n<div class=\"caption\">\n<p>El empresario canadiense Kevin O&#8217;Leary discute la pelea de tarifas de Estados Unidos y Canad\u00e1 y el futuro del &#8216;gran y hermoso proyecto de ley&#8217; en &#8216;The Evening Edit&#8217;.<\/p>\n<\/div>\n<\/div>\n<\/div>\n<\/div>\n<p>OTTAWA &#8211; Canad\u00e1 proceder\u00e1 con un impuesto de servicios digitales (DST) sobre empresas de tecnolog\u00eda, que el presidente Donald Trump llam\u00f3 \u00abun ataque directo y descarado a nuestro pa\u00eds\u00bb en un puesto social de la verdad el viernes en el que dijo que su administraci\u00f3n estaba \u00abterminando todas las discusiones en el comercio con Canad\u00e1 con efectivo de inmediato\u00bb.<\/p>\n<p>El viernes, la oficina del primer ministro canadiense Mark Carney emiti\u00f3 una respuesta de una l\u00ednea al anuncio del presidente.<\/p>\n<p>\u00abEl gobierno canadiense continuar\u00e1 participando en estas complejas negociaciones con Estados Unidos en el mejor inter\u00e9s de los trabajadores y empresas canadienses\u00bb, dijo.<\/p>\n<p><strong>Trump dice que Estados Unidos termina todas las conversaciones comerciales con Canad\u00e1 sobre el impuesto de servicios digitales<\/strong><\/p>\n<div class=\"inline image-ct\">\n<div class=\"m\"><picture><source media=\"(max-width: 767px)\" srcset=\"https:\/\/a57.foxnews.com\/static.foxbusiness.com\/foxbusiness.com\/content\/uploads\/2025\/06\/343\/192\/trump-mark-carney-canada-pm-reuters.jpg?ve=1&amp;tl=1, https:\/\/a57.foxnews.com\/static.foxbusiness.com\/foxbusiness.com\/content\/uploads\/2025\/06\/686\/384\/trump-mark-carney-canada-pm-reuters.jpg?ve=1&amp;tl=1 2x\"><source media=\"(min-width: 768px) and (max-width: 1023px)\" srcset=\"https:\/\/a57.foxnews.com\/static.foxbusiness.com\/foxbusiness.com\/content\/uploads\/2025\/06\/672\/378\/trump-mark-carney-canada-pm-reuters.jpg?ve=1&amp;tl=1, https:\/\/a57.foxnews.com\/static.foxbusiness.com\/foxbusiness.com\/content\/uploads\/2025\/06\/1344\/756\/trump-mark-carney-canada-pm-reuters.jpg?ve=1&amp;tl=1 2x\"><source media=\"(min-width: 1024px) and (max-width: 1279px)\" srcset=\"https:\/\/a57.foxnews.com\/static.foxbusiness.com\/foxbusiness.com\/content\/uploads\/2025\/06\/931\/523\/trump-mark-carney-canada-pm-reuters.jpg?ve=1&amp;tl=1, https:\/\/a57.foxnews.com\/static.foxbusiness.com\/foxbusiness.com\/content\/uploads\/2025\/06\/1862\/1046\/trump-mark-carney-canada-pm-reuters.jpg?ve=1&amp;tl=1 2x\"><source media=\"(min-width: 1280px)\" srcset=\"https:\/\/a57.foxnews.com\/static.foxbusiness.com\/foxbusiness.com\/content\/uploads\/2025\/06\/720\/405\/trump-mark-carney-canada-pm-reuters.jpg?ve=1&amp;tl=1, https:\/\/a57.foxnews.com\/static.foxbusiness.com\/foxbusiness.com\/content\/uploads\/2025\/06\/1440\/810\/trump-mark-carney-canada-pm-reuters.jpg?ve=1&amp;tl=1 2x\"><img decoding=\"async\" src=\"https:\/\/a57.foxnews.com\/static.foxbusiness.com\/foxbusiness.com\/content\/uploads\/2025\/06\/931\/523\/trump-mark-carney-canada-pm-reuters.jpg?ve=1&amp;tl=1\" alt=\"El presidente Donald Trump se re\u00fane con el primer ministro canadiense Mark Carney en la Cumbre del G7 en Kananaskis, Alberta, Canad\u00e1, el 16 de junio de 2025.\"\/><\/source><\/source><\/source><\/source><\/picture><\/div>\n<div class=\"caption\">\n<p><span>El presidente Donald Trump se re\u00fane con el primer ministro canadiense Mark Carney en la Cumbre del G7 en Kananaskis, Alberta, Canad\u00e1, el 16 de junio de 2025.<\/span><span>  (Reuters\/Kevin Lamarque \/ Reuters)<\/span><\/p>\n<\/div>\n<\/div>\n<p>El primer pago del 3% del DST a\u00fan se debe el lunes, que el departamento de finanzas de Canad\u00e1 confirm\u00f3 a Bloomberg News, y cubre los ingresos de servicios digitales recaudados de los usuarios canadienses de manera retroactiva a 2022, ascendiendo a una factura de $ 2 mil millones para compa\u00f1\u00edas como Amazon, Meta y Google.<\/p>\n<p>La semana pasada, el ministro de Finanzas canadienses, Fran\u00e7ois-Philippe Champagne, dijo a los periodistas que el impuesto podr\u00eda negociarse como parte de discusiones comerciales m\u00e1s amplias de US-Canad\u00e1.<\/p>\n<p>En una declaraci\u00f3n publicada el viernes, el Consejo de Negocios de Canad\u00e1 dijo que ha advertido durante mucho tiempo que \u00abla implementaci\u00f3n de un impuesto unilateral de servicios digitales podr\u00eda arriesgarse a socavar la relaci\u00f3n econ\u00f3mica de Canad\u00e1 con su socio comercial m\u00e1s importante, Estados Unidos. Ese desafortunado desarrollo ha llegado a aprobar\u00bb.<\/p>\n<p>\u00abEn un esfuerzo por volver a las negociaciones comerciales, Canad\u00e1 deber\u00eda presentar una propuesta inmediata para eliminar el DST a cambio de una eliminaci\u00f3n de los aranceles de los Estados Unidos\u00bb, dijo Goldy Hyder, presidente y director ejecutivo del consejo.<\/p>\n<div class=\"inline image-ct\">\n<div class=\"m\"><picture><source media=\"(max-width: 767px)\" srcset=\"https:\/\/a57.foxnews.com\/static.foxbusiness.com\/foxbusiness.com\/content\/uploads\/2023\/07\/343\/192\/GettyImages-Canada-US.jpg?ve=1&amp;tl=1, https:\/\/a57.foxnews.com\/static.foxbusiness.com\/foxbusiness.com\/content\/uploads\/2023\/07\/686\/384\/GettyImages-Canada-US.jpg?ve=1&amp;tl=1 2x\"><source media=\"(min-width: 768px) and (max-width: 1023px)\" srcset=\"https:\/\/a57.foxnews.com\/static.foxbusiness.com\/foxbusiness.com\/content\/uploads\/2023\/07\/672\/378\/GettyImages-Canada-US.jpg?ve=1&amp;tl=1, https:\/\/a57.foxnews.com\/static.foxbusiness.com\/foxbusiness.com\/content\/uploads\/2023\/07\/1344\/756\/GettyImages-Canada-US.jpg?ve=1&amp;tl=1 2x\"><source media=\"(min-width: 1024px) and (max-width: 1279px)\" srcset=\"https:\/\/a57.foxnews.com\/static.foxbusiness.com\/foxbusiness.com\/content\/uploads\/2023\/07\/931\/523\/GettyImages-Canada-US.jpg?ve=1&amp;tl=1, https:\/\/a57.foxnews.com\/static.foxbusiness.com\/foxbusiness.com\/content\/uploads\/2023\/07\/1862\/1046\/GettyImages-Canada-US.jpg?ve=1&amp;tl=1 2x\"><source media=\"(min-width: 1280px)\" srcset=\"https:\/\/a57.foxnews.com\/static.foxbusiness.com\/foxbusiness.com\/content\/uploads\/2023\/07\/720\/405\/GettyImages-Canada-US.jpg?ve=1&amp;tl=1, https:\/\/a57.foxnews.com\/static.foxbusiness.com\/foxbusiness.com\/content\/uploads\/2023\/07\/1440\/810\/GettyImages-Canada-US.jpg?ve=1&amp;tl=1 2x\"><img decoding=\"async\" src=\"https:\/\/a57.foxnews.com\/static.foxbusiness.com\/foxbusiness.com\/content\/uploads\/2023\/07\/931\/523\/GettyImages-Canada-US.jpg?ve=1&amp;tl=1\" alt=\"Banderas de Canad\u00e1 de EE. UU.\"\/><\/source><\/source><\/source><\/source><\/picture><\/div>\n<div class=\"caption\">\n<p><span>Los veh\u00edculos cruzan el puente de agua azul sobre el r\u00edo St. Claire a Port Huron, Michigan desde Sarnia, Canad\u00e1, el 18 de marzo de 2020, en Port Huron, Michigan. <\/span><span>  (Foto de Jeff Kowalskyafp a trav\u00e9s de Getty Images \/ Getty Images)<\/span><\/p>\n<\/div>\n<\/div>\n<p><strong><u>Canad\u00e1 listo para la pelea de tarifas de Trump mientras los l\u00edderes del pa\u00eds amenazan las represalias: \u00abd\u00f3lar por d\u00f3lar\u00bb<\/u><\/strong><\/p>\n<p>Doug Ford, primer ministro de Ontario, la provincia m\u00e1s poblada de Canad\u00e1, ha pedido una \u00abpausa\u00bb en la implementaci\u00f3n del impuesto, que entr\u00f3 en vigor en junio pasado.<\/p>\n<p>\u00abPara nuestros socios estadounidenses, este no es m\u00e1s que un impuesto injusto que pone en riesgo a millones de empleos canadienses\u00bb, dijo en un discurso en octubre pasado.<\/p>\n<p>Sin embargo, en una entrevista con Fox News Digital, Frank McKenna, un ex embajador canadiense en los Estados Unidos, dijo que la declaraci\u00f3n sorpresa de Trump sobre el acabado de las conversaciones comerciales con Canad\u00e1 revela \u00ablo dif\u00edcil que ser\u00e1 esto\u00bb.<\/p>\n<p>\u00abEs una acci\u00f3n extraordinaria de un vecino y socio comercial, y solo demuestra cu\u00e1n impredecible y ca\u00f3tico es el presidente Trump\u00bb, dijo McKenna, actual presidente de Brookfield Corp. y vicepresidente de TD Securities.<\/p>\n<p><strong><u>Obtenga el negocio de Fox sobre la marcha haciendo clic aqu\u00ed<\/u><\/strong><\/p>\n<p>Bloomberg inform\u00f3 el viernes que el DST no afectar\u00e1 el reciente acuerdo del G7 que result\u00f3 en la eliminaci\u00f3n de la propuesta de \u00abimpuesto de venganza\u00bb de la Secci\u00f3n 899 del proyecto de ley de impuestos de Trump, seg\u00fan el departamento de finanzas canadienses.<\/p>\n<\/div>\n\n","protected":false},"excerpt":{"rendered":"<p>El empresario canadiense Kevin O&#8217;Leary discute la pelea de tarifas de Estados Unidos y Canad\u00e1 y el futuro del &#8216;gran y hermoso proyecto de ley&#8217; en &#8216;The Evening Edit&#8217;. OTTAWA &#8211; Canad\u00e1 proceder\u00e1 con un impuesto de servicios digitales (DST) sobre empresas de tecnolog\u00eda, que el presidente Donald Trump llam\u00f3 \u00abun ataque directo y descarado &hellip;<\/p>\n","protected":false},"author":1,"featured_media":33552,"comment_status":"open","ping_status":"open","sticky":false,"template":"","format":"standard","meta":{"fifu_image_url":"https:\/\/a57.foxnews.com\/static.foxbusiness.com\/foxbusiness.com\/content\/uploads\/2023\/07\/0\/0\/GettyImages-Canada-US.jpg?ve=1&tl=1","fifu_image_alt":"","footnotes":""},"categories":[3],"tags":[],"class_list":["post-33550","post","type-post","status-publish","format-standard","has-post-thumbnail","","category-negocio"],"_links":{"self":[{"href":"https:\/\/noticiasveraces.com\/index.php?rest_route=\/wp\/v2\/posts\/33550","targetHints":{"allow":["GET"]}}],"collection":[{"href":"https:\/\/noticiasveraces.com\/index.php?rest_route=\/wp\/v2\/posts"}],"about":[{"href":"https:\/\/noticiasveraces.com\/index.php?rest_route=\/wp\/v2\/types\/post"}],"author":[{"embeddable":true,"href":"https:\/\/noticiasveraces.com\/index.php?rest_route=\/wp\/v2\/users\/1"}],"replies":[{"embeddable":true,"href":"https:\/\/noticiasveraces.com\/index.php?rest_route=%2Fwp%2Fv2%2Fcomments&post=33550"}],"version-history":[{"count":0,"href":"https:\/\/noticiasveraces.com\/index.php?rest_route=\/wp\/v2\/posts\/33550\/revisions"}],"wp:featuredmedia":[{"embeddable":true,"href":"https:\/\/noticiasveraces.com\/index.php?rest_route=\/wp\/v2\/media\/33552"}],"wp:attachment":[{"href":"https:\/\/noticiasveraces.com\/index.php?rest_route=%2Fwp%2Fv2%2Fmedia&parent=33550"}],"wp:term":[{"taxonomy":"category","embeddable":true,"href":"https:\/\/noticiasveraces.com\/index.php?rest_route=%2Fwp%2Fv2%2Fcategories&post=33550"},{"taxonomy":"post_tag","embeddable":true,"href":"https:\/\/noticiasveraces.com\/index.php?rest_route=%2Fwp%2Fv2%2Ftags&post=33550"}],"curies":[{"name":"wp","href":"https:\/\/api.w.org\/{rel}","templated":true}]}}