{"id":33534,"date":"2025-06-27T20:02:06","date_gmt":"2025-06-28T00:02:06","guid":{"rendered":"https:\/\/noticiasveraces.com\/?p=33534"},"modified":"2025-06-27T20:02:06","modified_gmt":"2025-06-28T00:02:06","slug":"oea-elige-a-rosa-maria-paya-como-miembro-de-la-cidh-dw-28-06-2025","status":"publish","type":"post","link":"https:\/\/noticiasveraces.com\/?p=33534","title":{"rendered":"OEA elige a Rosa Mar\u00eda Pay\u00e1 como miembro de la CIDH \u2013 DW \u2013 28\/06\/2025"},"content":{"rendered":"<p> \n<\/p>\n<div>\n<p>La OEA eligi\u00f3 este viernes (27.05.2025) a la disidente cubana Rosa Mar\u00eda Pay\u00e1, candidata de Estados Unidos, como miembro de la Comisi\u00f3n Interamericana de Derechos Humanos (CIDH), durante una asamblea general en Antigua y Barbuda.<\/p>\n<p>La hija del fallecido Oswaldo Pay\u00e1 obtuvo en la primera vuelta 20 votos, dos m\u00e1s de los necesarios, de los pa\u00edses miembros de la Organizaci\u00f3n de los Estados Americanos. Se convierte as\u00ed en la primera cubana en ocupar el puesto.<\/p>\n<p>En la red social X, Rosa Mar\u00eda Pay\u00e1 prometi\u00f3 \u00abservir a todos los pueblos de las Am\u00e9ricas\u00bb.<\/p>\n<p>\u00abMis prioridades son claras: proteger a quienes m\u00e1s lo necesitan, defender la democracia, garantizar una comisi\u00f3n eficaz y transparente, y acercar el sistema a los m\u00e1s vulnerables\u00bb, enumer\u00f3 la directora de la Fundaci\u00f3n para la Democracia Panamericana.<\/p>\n<p>En su mensaje arremeti\u00f3 contra los gobiernos de Cuba, Nicaragua y Venezuela, a los que el jefe de la diplomacia estadounidense Marco Rubio considera \u00abenemigos de la humanidad\u00bb.<\/p>\n<p>\u00abNac\u00ed bajo la dictadura m\u00e1s larga y sangrienta que este continente ha conocido. Esa tiran\u00eda ha provocado el colapso de la democracia en Nicaragua y Venezuela y ha desencadenado la mayor crisis migratoria de nuestra historia. Las Am\u00e9ricas han pagado un muy alto precio por tolerar el r\u00e9gimen cubano tanto tiempo\u00bb, afirm\u00f3 Pay\u00e1.<\/p>\n<p>\u00abNos corresponde a nosotros, las mujeres y los hombres de las Am\u00e9ricas, acabar de una vez por todas con la cabeza del pulpo autoritario y con todos sus tent\u00e1culos, que tanto dolor han causado a nuestras naciones\u00bb, a\u00f1adi\u00f3.<\/p>\n<p>Estados Unidos hizo una intensa campa\u00f1a a favor de la opositora cubana, fundadora de Cuba Decide. <\/p>\n<p><span data-slot-id=\"Article_InContent-1\" class=\"rich-text-ad\"\/><\/p>\n<h2>Tercer puesto de comisionado vacante<\/h2>\n<p>\u00abRosa Mar\u00eda aporta la dignidad y la determinaci\u00f3n necesarias para abordar los mayores desaf\u00edos de la Comisi\u00f3n con soluciones innovadoras\u00bb, insisti\u00f3 este viernes por la ma\u00f1ana Marco Rubio, un halc\u00f3n opuesto al gobierno castrista de Cuba, que no participa en la OEA desde 1962.<\/p>\n<p>Oswaldo Pay\u00e1, ganador en 2002 del premio Sajarov de derechos humanos del Parlamento Europeo y l\u00edder pol\u00edtico, y el disidente Harold Cepero murieron en 2012 cuando viajaban en un autom\u00f3vil a la altura de Bayamo, a unos 650 kil\u00f3metros al este de La Habana.<\/p>\n<p>En 2023 un informe de la CIDH concluy\u00f3 que \u00abagentes estatales\u00bb de Cuba participaron en la muerte de los dos disidentes.<\/p>\n<p>Marion Bethel, de Bahamas, tambi\u00e9n fue elegida comisionada de la CIDH en la primera vuelta. Sin embargo no existe consenso para el tercer puesto de comisionado vacante.<\/p>\n<p>La elecci\u00f3n ser\u00e1 entre el mexicano Jos\u00e9 Luis Caballero Ochoa y el brasile\u00f1o Fabio de S\u00e1 e Silva, que pasaron a la segunda ronda.<\/p>\n<p>M\u00e9xico pidi\u00f3 un receso para entablar negociaciones antes de una tercera vuelta. Los nuevos miembros asumir\u00e1n sus cargos en enero de 2026 por un periodo de cuatro a\u00f1os.<\/p>\n<p>La CIDH supervisa desde hace 65 a\u00f1os las obligaciones de los Estados miembros en materia de derechos humanos. Sus siete comisionados son elegidos a t\u00edtulo personal.<\/p>\n<p>Mg (AFP, Efe)<\/p>\n<\/p>\n<\/div>\n\n","protected":false},"excerpt":{"rendered":"<p>La OEA eligi\u00f3 este viernes (27.05.2025) a la disidente cubana Rosa Mar\u00eda Pay\u00e1, candidata de Estados Unidos, como miembro de la Comisi\u00f3n Interamericana de Derechos Humanos (CIDH), durante una asamblea general en Antigua y Barbuda. La hija del fallecido Oswaldo Pay\u00e1 obtuvo en la primera vuelta 20 votos, dos m\u00e1s de los necesarios, de los &hellip;<\/p>\n","protected":false},"author":1,"featured_media":33535,"comment_status":"open","ping_status":"open","sticky":false,"template":"","format":"standard","meta":{"fifu_image_url":"https:\/\/static.dw.com\/image\/59486086_6.jpg","fifu_image_alt":"","footnotes":""},"categories":[13],"tags":[],"class_list":["post-33534","post","type-post","status-publish","format-standard","has-post-thumbnail","","category-mundo"],"_links":{"self":[{"href":"https:\/\/noticiasveraces.com\/index.php?rest_route=\/wp\/v2\/posts\/33534","targetHints":{"allow":["GET"]}}],"collection":[{"href":"https:\/\/noticiasveraces.com\/index.php?rest_route=\/wp\/v2\/posts"}],"about":[{"href":"https:\/\/noticiasveraces.com\/index.php?rest_route=\/wp\/v2\/types\/post"}],"author":[{"embeddable":true,"href":"https:\/\/noticiasveraces.com\/index.php?rest_route=\/wp\/v2\/users\/1"}],"replies":[{"embeddable":true,"href":"https:\/\/noticiasveraces.com\/index.php?rest_route=%2Fwp%2Fv2%2Fcomments&post=33534"}],"version-history":[{"count":0,"href":"https:\/\/noticiasveraces.com\/index.php?rest_route=\/wp\/v2\/posts\/33534\/revisions"}],"wp:featuredmedia":[{"embeddable":true,"href":"https:\/\/noticiasveraces.com\/index.php?rest_route=\/wp\/v2\/media\/33535"}],"wp:attachment":[{"href":"https:\/\/noticiasveraces.com\/index.php?rest_route=%2Fwp%2Fv2%2Fmedia&parent=33534"}],"wp:term":[{"taxonomy":"category","embeddable":true,"href":"https:\/\/noticiasveraces.com\/index.php?rest_route=%2Fwp%2Fv2%2Fcategories&post=33534"},{"taxonomy":"post_tag","embeddable":true,"href":"https:\/\/noticiasveraces.com\/index.php?rest_route=%2Fwp%2Fv2%2Ftags&post=33534"}],"curies":[{"name":"wp","href":"https:\/\/api.w.org\/{rel}","templated":true}]}}