{"id":33523,"date":"2025-06-27T16:55:15","date_gmt":"2025-06-27T20:55:15","guid":{"rendered":"https:\/\/noticiasveraces.com\/?p=33523"},"modified":"2025-06-27T16:55:15","modified_gmt":"2025-06-27T20:55:15","slug":"socialdemocratas-eligen-nuevos-lideres-en-alemania-dw-27-06-2025","status":"publish","type":"post","link":"https:\/\/noticiasveraces.com\/?p=33523","title":{"rendered":"Socialdem\u00f3cratas eligen nuevos l\u00edderes en Alemania \u2013 DW \u2013 27\/06\/2025"},"content":{"rendered":"<p> \n<\/p>\n<div>\n<p>Los delegados del congreso federal del Partido Socialdem\u00f3crata de Alemania (SPD) ratificaron este viernes (27.06.2025) a Lars Klingbeil y B\u00e4rbel Bas como los nuevos l\u00edderes de la formaci\u00f3n.<\/p>\n<p>Sin embargo, Klingbeil, objeto de cr\u00edticas por c\u00f3mo gestion\u00f3 el proceso de renovaci\u00f3n tras el desastroso resultado de las \u00faltimas elecciones generales, obtuvo solo una baja cuota de aprobaci\u00f3n.<\/p>\n<p>Klingbeil, que ya era desde 2021 col\u00edder del SPD y actualmente ejerce de vicecanciller y ministro de Finanzas en el gobierno del conservador Friedrich Merz, obtuvo 402 votos a favor, 166 en contra y 51 abstenciones, lo que representa una cuota de 64,9%. \u00abEs un resultado dif\u00edcil para m\u00ed\u00bb, dijo tras conocerse las cifras.<\/p>\n<p>\u00abS\u00e9 que mis decisiones de los \u00faltimos meses no han gustado a todos en el partido. Pero fue correcto buscar la renovaci\u00f3n para recuperar la fortaleza. Tambi\u00e9n s\u00e9 que mi posici\u00f3n firme al lado de Ucrania, que rompe con la vieja pol\u00edtica del SPD, no gusta a todos, pero seguir\u00e9 por este camino\u00bb, asegur\u00f3.<\/p>\n<p>Bas, ministra de Trabajo, y que sustituir\u00e1 en la c\u00fapula del partido a la col\u00edder saliente Saskia Esken, recibi\u00f3 589 votos a favor, 16 en contra y 15 abstenciones, un apoyo de 95%.<\/p>\n<p>RR (DPA\/EFE)<\/p>\n<\/div>\n\n","protected":false},"excerpt":{"rendered":"<p>Los delegados del congreso federal del Partido Socialdem\u00f3crata de Alemania (SPD) ratificaron este viernes (27.06.2025) a Lars Klingbeil y B\u00e4rbel Bas como los nuevos l\u00edderes de la formaci\u00f3n. Sin embargo, Klingbeil, objeto de cr\u00edticas por c\u00f3mo gestion\u00f3 el proceso de renovaci\u00f3n tras el desastroso resultado de las \u00faltimas elecciones generales, obtuvo solo una baja cuota &hellip;<\/p>\n","protected":false},"author":1,"featured_media":33524,"comment_status":"open","ping_status":"open","sticky":false,"template":"","format":"standard","meta":{"fifu_image_url":"https:\/\/static.dw.com\/image\/73072935_6.jpg","fifu_image_alt":"","footnotes":""},"categories":[13],"tags":[],"class_list":["post-33523","post","type-post","status-publish","format-standard","has-post-thumbnail","","category-mundo"],"_links":{"self":[{"href":"https:\/\/noticiasveraces.com\/index.php?rest_route=\/wp\/v2\/posts\/33523","targetHints":{"allow":["GET"]}}],"collection":[{"href":"https:\/\/noticiasveraces.com\/index.php?rest_route=\/wp\/v2\/posts"}],"about":[{"href":"https:\/\/noticiasveraces.com\/index.php?rest_route=\/wp\/v2\/types\/post"}],"author":[{"embeddable":true,"href":"https:\/\/noticiasveraces.com\/index.php?rest_route=\/wp\/v2\/users\/1"}],"replies":[{"embeddable":true,"href":"https:\/\/noticiasveraces.com\/index.php?rest_route=%2Fwp%2Fv2%2Fcomments&post=33523"}],"version-history":[{"count":0,"href":"https:\/\/noticiasveraces.com\/index.php?rest_route=\/wp\/v2\/posts\/33523\/revisions"}],"wp:featuredmedia":[{"embeddable":true,"href":"https:\/\/noticiasveraces.com\/index.php?rest_route=\/wp\/v2\/media\/33524"}],"wp:attachment":[{"href":"https:\/\/noticiasveraces.com\/index.php?rest_route=%2Fwp%2Fv2%2Fmedia&parent=33523"}],"wp:term":[{"taxonomy":"category","embeddable":true,"href":"https:\/\/noticiasveraces.com\/index.php?rest_route=%2Fwp%2Fv2%2Fcategories&post=33523"},{"taxonomy":"post_tag","embeddable":true,"href":"https:\/\/noticiasveraces.com\/index.php?rest_route=%2Fwp%2Fv2%2Ftags&post=33523"}],"curies":[{"name":"wp","href":"https:\/\/api.w.org\/{rel}","templated":true}]}}