{"id":33512,"date":"2025-06-27T14:52:21","date_gmt":"2025-06-27T18:52:21","guid":{"rendered":"https:\/\/noticiasveraces.com\/?p=33512"},"modified":"2025-06-27T14:52:21","modified_gmt":"2025-06-27T18:52:21","slug":"por-que-a-cada-vez-mas-alemanes-no-les-alcanza-el-salario-dw-27-06-2025","status":"publish","type":"post","link":"https:\/\/noticiasveraces.com\/?p=33512","title":{"rendered":"Por qu\u00e9 a cada vez m\u00e1s alemanes no les alcanza el salario \u2013 DW \u2013 27\/06\/2025"},"content":{"rendered":"<p> \n<\/p>\n<div>\n<p>El canciller de Alemania,\u00a0Friedrich Merz, del partido conservador Uni\u00f3n Dem\u00f3crata Cristiana (CDU) expuso esta semana ante el Parlamento\u00a0\u00a0la postura del Gobierno\u00a0sobre lo que denomin\u00f3 una de las pr\u00f3ximas prioridades importantes: sus planes para reformar la prestaci\u00f3n por desempleo, o <em>Asignaci\u00f3n de ciudadanos<\/em> (\u00abingreso ciudadano\u201d).<\/p>\n<p>Repiti\u00f3 un lema recurrente sobre el \u00e1mbito laboral: que \u00abtrabajar debe merecer la pena\u201d. Quiere \u00abgarantizar que la poblaci\u00f3n alemana en su conjunto vuelva a comprobar que sus esfuerzos dan sus frutos y que se aplique de nuevo el principio de la remuneraci\u00f3n basada en el rendimiento\u00bb.<\/p>\n<p>Sin embargo, una estad\u00edstica reciente parece contradecirlo: en 2024, unos 826.000 trabajadores depend\u00edan de la prestaci\u00f3n por desempleo, o <em>Asignaci\u00f3n de ciudadanos<\/em>. Esto representa un aumento de alrededor de 30.000 desde 2023. Es la primera vez que el n\u00famero de personas empleadas que reciben una prestaci\u00f3n social aumenta desde 2015.<\/p>\n<p>Ese fue -quiz\u00e1s no por casualidad- tambi\u00e9n el a\u00f1o en que Alemania introdujo su primer salario m\u00ednimo. En aquel momento, m\u00e1s de un mill\u00f3n de trabajadores a\u00fan depend\u00edan de las ayudas estatales, cifra que ha disminuido constantemente desde entonces. Estas prestaciones adicionales costaron al Estado casi 7.000 millones de euros (8.100 millones de d\u00f3lares) en 2024, m\u00e1s de 1.000 millones m\u00e1s que los 5.700 millones de euros que el Estado pag\u00f3 por estos casos en 2022.<\/p>\n<p>El Gobierno alem\u00e1n revel\u00f3 esas cifras en respuesta a una solicitud del diputado Cem Ince, del partido La Izquierda, quien declar\u00f3 a DW: \u00abEs inaceptable que cientos de miles de personas dependan de las ayudas estatales a pesar de tener trabajo. Esto significa que estamos apoyando los bajos salarios y perpetuando la explotaci\u00f3n laboral\u201d.<\/p>\n<figure class=\"placeholder-image master_landscape big\"><img data-format=\"MASTER_LANDSCAPE\" data-id=\"73053546\" data-url=\"https:\/\/static.dw.com\/image\/73053546_${formatId}.jpg\" data-aspect-ratio=\"16\/9\" alt=\"Tiendas de campa\u00f1a de personas sin techo en una estaci\u00f3n de ferrocarril de Berl\u00edn.\" style=\"padding-bottom: 56.25%; height: 0; max-height: 0;\"\/><figcaption class=\"img-caption\">Personas sin techo acampan en una estaci\u00f3n del ferrocarril en Berl\u00edn.<small class=\"copyright\">Im\u00e1genes de Imagen: Sabine Gudath\/Imelo<\/small><\/figcaption><\/figure>\n<h2>Cifras demostrar\u00edan que el salario m\u00ednimo es demasiado bajo<\/h2>\n<p>Cem Ince cree que estas cifras demuestran que el salario m\u00ednimo alem\u00e1n es, simplemente, demasiado bajo. Aunque el anterior gobierno lo increment\u00f3 considerablemente -hasta 12 euros a principios de 2023-, desde entonces solo ha aumentado m\u00ednimamente, hasta los 12,82 euros por hora actuales.<\/p>\n<p>Este viernes 27 de junio de 2025, la comisi\u00f3n alemana para el salario m\u00ednimo, formada por representantes de las asociaciones de empleadores y de los sindicatos, anunci\u00f3 que el salario m\u00ednimo aumentar\u00eda en dos etapas: a 13,90 euros el 1 de enero de 2026, y a 14,60 euros en 2027, cifra inferior a los 15 euros propuestos por los socialdem\u00f3cratas del SPD durante su campa\u00f1a.<\/p>\n<p>Para Helena Steinhaus, fundadora del grupo activista Sanktionsfrei (Sin sanciones), que apoya a las personas que viven de la prestaci\u00f3n social, afirma que los peque\u00f1os aumentos no han seguido el ritmo de los incrementos del alquiler y del costo de vida en los \u00faltimos a\u00f1os. El alquiler promedio en Alemania, por ejemplo, subi\u00f3 un 4,7 % solo el a\u00f1o pasado, y lleg\u00f3 a subir un 8,5 % en Berl\u00edn.<\/p>\n<p>\u00abYo dir\u00eda que esa es nuestra respuesta a por qu\u00e9 m\u00e1s gente tiene que complementar sus ingresos, porque el salario m\u00ednimo, incluso si se trabaja a tiempo completo, no cubre lo que se supone que deber\u00eda cubrir\u00bb, dijo Steinhaus.<\/p>\n<h2>El problema del trabajo a tiempo parcial<\/h2>\n<p>Sin embargo, algunos economistas argumentan que el salario m\u00ednimo tiene poco que ver con el n\u00famero de trabajadores que necesitan beneficios. \u00abHay que reconocer que la mayor\u00eda de estas personas no trabajan a tiempo completo. La mayor\u00eda est\u00e1n en formaci\u00f3n o trabajan a tiempo parcial\u00bb, dijo a DW Holger Sch\u00e4fer, economista senior de econom\u00eda del mercado laboral en el Instituto Econ\u00f3mico Alem\u00e1n de Colonia (IW).<\/p>\n<div class=\"vjs-wrapper embed big\">\n<h2 aria-label=\"Video integrado \u2014 \u00bfEs posible trabajar solo cuatro d\u00edas?\" class=\"headline\"><svg xmlns=\"http:\/\/www.w3.org\/2000\/svg\" viewbox=\"0 0 20 20\"><g fill-rule=\"evenodd\"><path d=\"M14.114 7.599H13.5l.002 4.706h.601l4.582 3.25-.005-11.11zM11.084 4.444l-9.007.002-1.336.797.002 9.514 1.334.793 9.007.006 1.509-.799-.004-9.516z\"\/><\/g><\/svg>\u00bfEs posible trabajar solo cuatro d\u00edas?<\/h2>\n<p><video id=\"video-71573532\" controls=\"\" playsinline=\"\" preload=\"none\" poster=\"data:image\/png;base64,iVBORw0KGgoAAAANSUhEUgAAAAEAAAABCAQAAAC1HAwCAAAAC0lEQVR42mNkYAAAAAYAAjCB0C8AAAAASUVORK5CYII=\" data-id=\"71573532\" data-posterurl=\"https:\/\/static.dw.com\/image\/71542607_605.webp\" data-duration=\"04:30\"><source src=\"https:\/\/hlsvod.dw.com\/i\/dwtv_video\/flv\/hea\/hea250212_4_Tage_Woche_,AVC_480x270,AVC_512x288,AVC_640x360,AVC_960x540,AVC_1280x720,AVC_1920x1080,.mp4.csmil\/master.m3u8\" type=\"application\/x-mpegURL\"><source src=\"https:\/\/tvdownloaddw-a.akamaihd.net\/dwtv_video\/flv\/hea\/hea250212_4_Tage_Woche_AVC_1920x1080.mp4\" type=\"video\/mp4\"><track src=\"https:\/\/www.dw.com\/media\/subtitles\/71883631\" srclang=\"es\" label=\"SPANISH\" default=\"\"><p class=\"vjs-no-js\">Para ver este video, habilite JavaScript y considere actualizar a un navegador web que admite el video HTML5<\/p>\n<\/track><\/source><\/source><\/video><\/div>\n<p>\u00abAll\u00ed el salario m\u00ednimo no servir\u00e1 de nada, ya que el hecho de que la gente no pueda vivir de sus ingresos no se debe al bajo salario por hora, sino a la baja cantidad de horas trabajadas\u00bb.<\/p>\n<p>Esto se ve confirmado por las cifras. Seg\u00fan los \u00faltimos datos de la Agencia Alemana de Empleo, de los 826.000 trabajadores que reciben prestaciones, solo unos 81.000 trabajaban a tiempo completo.<\/p>\n<p>Sin embargo, eso no es excusa para pagar salarios bajos, explica Ince. \u00abLa realidad es que el salario m\u00ednimo actual es un salario de miseria. Los empleadores no pueden salirse con la suya\u00bb, afirm\u00f3.<\/p>\n<p>\u00abEl n\u00famero de personas que reciben prestaciones depende en gran medida de los bajos salarios. Una de mis investigaciones recientes revel\u00f3 que quienes ganan el salario m\u00ednimo por un trabajo a tiempo completo no pueden permitirse una vivienda adecuada en el 50 por ciento de las principales ciudades de Alemania, y dependen de ayudas econ\u00f3micas\u201d.<\/p>\n<p><span data-slot-id=\"Article_InContent-1\" class=\"rich-text-ad\"\/><\/p>\n<h2>La pobreza relativa va en aumento en Alemania<\/h2>\n<p>Como argument\u00f3 Steinhaus, la raz\u00f3n por la que muchas personas solo trabajan a tiempo parcial es simple: tienen hijos u otras personas dependientes a su cuidado, y muchas ciudades alemanas carecen de infraestructuras para esos cuidados. El IW calcul\u00f3 el a\u00f1o pasado que 306.000 ni\u00f1os alemanes menores de tres a\u00f1os no tienen una plaza en una guarder\u00eda o preescolar, a pesar de tener derecho a una por ley.<\/p>\n<p>Un estudio de 2021 del Instituto de Investigaci\u00f3n del Empleo (IAB) revel\u00f3 que cuantos m\u00e1s hijos tienen las personas que trabajan, mayor es la probabilidad de que necesiten prestaciones sociales. Ince, el diputado del Partido de Izquierda, argument\u00f3 que si el Estado invirtiera m\u00e1s en guarder\u00edas, \u00abmuchas personas podr\u00edan escapar de la trampa del trabajo a tiempo parcial\u201d.<\/p>\n<div class=\"vjs-wrapper embed big\">\n<h2 aria-label=\"Video integrado \u2014 Jubilados pobres en Alemania\" class=\"headline\"><svg xmlns=\"http:\/\/www.w3.org\/2000\/svg\" viewbox=\"0 0 20 20\"><g fill-rule=\"evenodd\"><path d=\"M14.114 7.599H13.5l.002 4.706h.601l4.582 3.25-.005-11.11zM11.084 4.444l-9.007.002-1.336.797.002 9.514 1.334.793 9.007.006 1.509-.799-.004-9.516z\"\/><\/g><\/svg>Jubilados pobres en Alemania<\/h2>\n<p><video id=\"video-70251902\" controls=\"\" playsinline=\"\" preload=\"none\" poster=\"data:image\/png;base64,iVBORw0KGgoAAAANSUhEUgAAAAEAAAABCAQAAAC1HAwCAAAAC0lEQVR42mNkYAAAAAYAAjCB0C8AAAAASUVORK5CYII=\" data-id=\"70251902\" data-posterurl=\"https:\/\/static.dw.com\/image\/69439798_605.webp\" data-duration=\"08:10\"><source src=\"https:\/\/hlsvod.dw.com\/i\/dwtv_video\/flv\/es\/es240919_altersarmut_,AVC_480x270,AVC_512x288,AVC_640x360,AVC_960x540,AVC_1280x720,AVC_1920x1080,.mp4.csmil\/master.m3u8\" type=\"application\/x-mpegURL\"><source src=\"https:\/\/tvdownloaddw-a.akamaihd.net\/dwtv_video\/flv\/es\/es240919_altersarmut_AVC_1920x1080.mp4\" type=\"video\/mp4\"><track src=\"https:\/\/www.dw.com\/media\/subtitles\/70451317\" srclang=\"es\" label=\"SPANISH\" default=\"\"><p class=\"vjs-no-js\">Para ver este video, habilite JavaScript y considere actualizar a un navegador web que admite el video HTML5<\/p>\n<\/track><\/source><\/source><\/video><\/div>\n<p>Sch\u00e4fer argumenta que aumentar el salario m\u00ednimo no es la soluci\u00f3n y podr\u00eda ser contraproducente, ya que \u00abpodr\u00eda empeorar la situaci\u00f3n si las empresas limitan su demanda de trabajo debido al mayor costo del salario\u201d.<\/p>\n<p>Pero Steinhaus no est\u00e1 convencida de ello: \u00abLas asociaciones de empleadores llevan diez a\u00f1os defendiendo este argumento, pero en estos diez a\u00f1os no se ha demostrado ni una sola vez que sea cierto\u00bb, afirma.<\/p>\n<p>\u00abPor supuesto, hay empresas que tienen problemas cuando aumenta el salario m\u00ednimo, pero muchas se benefician de poder contratar personal a bajo costo\u00bb.<\/p>\n<h2>Gobierno de Merz reforma el sistema de prestaciones sociales<\/h2>\n<p>Holger Sch\u00e4fer cree que la tendencia general a la baja en cuanto a prestaciones se mantiene desde 2015. El aumento de 2024 se debi\u00f3 m\u00e1s a las condiciones del mercado laboral, indica.<\/p>\n<p>El canciller alem\u00e1n, Friedrich Merz, posiblemente se mantenga fiel a sus planes de reformar el sistema de prestaciones por desempleo.<\/p>\n<p>\u00abDesafortunadamente, los argumentos de Merz sobre el trabajo est\u00e1n al rev\u00e9s\u201d, se\u00f1ala la activista Helena Steinhaus. \u00abCuando dice que \u2018el trabajo debe merecer la pena&#8217;, quiere decir que deber\u00edan reducirse las prestaciones por desempleo. Pero el m\u00ednimo necesario para vivir es independiente de lo que ganen los trabajadores pobres. Deber\u00edan ganar m\u00e1s, sin duda. Pero simplemente reducir las prestaciones es contraproducente y enfrenta a los m\u00e1s pobres entre s\u00ed\u201d.<\/p>\n<p>(cp\/el)<\/p>\n<\/div>\n\n","protected":false},"excerpt":{"rendered":"<p>El canciller de Alemania,\u00a0Friedrich Merz, del partido conservador Uni\u00f3n Dem\u00f3crata Cristiana (CDU) expuso esta semana ante el Parlamento\u00a0\u00a0la postura del Gobierno\u00a0sobre lo que denomin\u00f3 una de las pr\u00f3ximas prioridades importantes: sus planes para reformar la prestaci\u00f3n por desempleo, o Asignaci\u00f3n de ciudadanos (\u00abingreso ciudadano\u201d). Repiti\u00f3 un lema recurrente sobre el \u00e1mbito laboral: que \u00abtrabajar debe &hellip;<\/p>\n","protected":false},"author":1,"featured_media":33513,"comment_status":"open","ping_status":"open","sticky":false,"template":"","format":"standard","meta":{"fifu_image_url":"https:\/\/static.dw.com\/image\/72790683_6.jpg","fifu_image_alt":"","footnotes":""},"categories":[13],"tags":[],"class_list":["post-33512","post","type-post","status-publish","format-standard","has-post-thumbnail","","category-mundo"],"_links":{"self":[{"href":"https:\/\/noticiasveraces.com\/index.php?rest_route=\/wp\/v2\/posts\/33512","targetHints":{"allow":["GET"]}}],"collection":[{"href":"https:\/\/noticiasveraces.com\/index.php?rest_route=\/wp\/v2\/posts"}],"about":[{"href":"https:\/\/noticiasveraces.com\/index.php?rest_route=\/wp\/v2\/types\/post"}],"author":[{"embeddable":true,"href":"https:\/\/noticiasveraces.com\/index.php?rest_route=\/wp\/v2\/users\/1"}],"replies":[{"embeddable":true,"href":"https:\/\/noticiasveraces.com\/index.php?rest_route=%2Fwp%2Fv2%2Fcomments&post=33512"}],"version-history":[{"count":0,"href":"https:\/\/noticiasveraces.com\/index.php?rest_route=\/wp\/v2\/posts\/33512\/revisions"}],"wp:featuredmedia":[{"embeddable":true,"href":"https:\/\/noticiasveraces.com\/index.php?rest_route=\/wp\/v2\/media\/33513"}],"wp:attachment":[{"href":"https:\/\/noticiasveraces.com\/index.php?rest_route=%2Fwp%2Fv2%2Fmedia&parent=33512"}],"wp:term":[{"taxonomy":"category","embeddable":true,"href":"https:\/\/noticiasveraces.com\/index.php?rest_route=%2Fwp%2Fv2%2Fcategories&post=33512"},{"taxonomy":"post_tag","embeddable":true,"href":"https:\/\/noticiasveraces.com\/index.php?rest_route=%2Fwp%2Fv2%2Ftags&post=33512"}],"curies":[{"name":"wp","href":"https:\/\/api.w.org\/{rel}","templated":true}]}}