{"id":33497,"date":"2025-06-27T12:49:22","date_gmt":"2025-06-27T16:49:22","guid":{"rendered":"https:\/\/noticiasveraces.com\/?p=33497"},"modified":"2025-06-27T12:49:22","modified_gmt":"2025-06-27T16:49:22","slug":"tolerancia-cero-en-eurocopa-femenina-2025-dw-27-06-2025","status":"publish","type":"post","link":"https:\/\/noticiasveraces.com\/?p=33497","title":{"rendered":"tolerancia cero en Eurocopa femenina 2025 \u2013 DW \u2013 27\/06\/2025"},"content":{"rendered":"<p> \n<\/p>\n<div>\n<p>\u00abDimos un impulso importante en Alemania y la situaci\u00f3n sigue evolucionando\u00bb, afirm\u00f3 Sylvia Schenk, de Transparencia Internacional Alemania. La abogada y exatleta form\u00f3 parte del Consejo Asesor de Derechos Humanos de la UEFA durante la Eurocopa de 2024 en Alemania. El consejo\u00a0atendi\u00f3 denuncias sobre violaciones de derechos humanos durante el torneo.<\/p>\n<p>La UEFA, la Federaci\u00f3n Alemana de F\u00fatbol, el Gobierno alem\u00e1n, los estados federados participantes y las diez ciudades, donde se disputaron los partidos, se comprometieron a priorizar la democracia, el respeto, la igualdad y la promoci\u00f3n y protecci\u00f3n de los derechos humanos en la Eurocopa. <\/p>\n<h2>Eurocopa masculina 2024, ejemplo\u00a0para la femenina<\/h2>\n<p>La Eurocopa femenina, que se disputar\u00e1 en Suiza del 2 al 27 de julio, ha seguido en cuesti\u00f3n de derechos humanos el ejemplo alem\u00e1n. El Gobierno suizo y las dem\u00e1s asociaciones e instituciones participantes en el torneo tambi\u00e9n firmaron una declaraci\u00f3n en marzo, en particular, con la \u00abdiversidad, la igualdad de oportunidades y la inclusi\u00f3n en y a trav\u00e9s del deporte\u00bb, como aclar\u00f3 la ministra suiza de Deportes, Viola Amherd.<\/p>\n<p>Tambi\u00e9n existe un Consejo Asesor de Derechos Humanos para el torneo femenino, que tambi\u00e9n incluye ONG, como Amnist\u00eda Suiza y el Centro para el Deporte y los Derechos Humanos, con sede en Ginebra.<\/p>\n<p><span data-slot-id=\"Article_InContent-1\" class=\"rich-text-ad\"\/><\/p>\n<h2>Amnist\u00eda: \u00abMedidas menos extensas de lo deseado\u00bb<\/h2>\n<p>El organismo rector del f\u00fatbol europeo ha aprendido de la experiencia del a\u00f1o pasado, seg\u00fan Schenk. Se incluy\u00f3 al consejo asesor al evaluar los riesgos de violaciones de derechos humanos en la Eurocopa, afirm\u00f3 Lisa Salza, jefa de deporte y derechos humanos de Amnist\u00eda Suiza. Posteriormente, la UEFA, la Federaci\u00f3n Suiza de F\u00fatbol y las ocho ciudades anfitrionas adoptaron medidas pertinentes.<\/p>\n<p>\u00abAunque estas sean menos extensas de lo deseado, este enfoque es un paso en la direcci\u00f3n correcta\u00bb, declar\u00f3 a DW. Adem\u00e1s es importante que las normas de conducta de este torneo sean claramente visibles en el estadio, en las zonas de aficionados y en lugares sensibles, como las estaciones de trenes: tolerancia cero ante la discriminaci\u00f3n, el racismo y la violencia sexual.<\/p>\n<p>Cualquier persona que se sienta amenazada o discriminada en los estadios puede escanear un c\u00f3digo QR visible en los carteles y recibir\u00e1\u00a0ayuda inmediata de un equipo sensibilizado con el tema.<\/p>\n<p>Las quejas y denuncias sobre violaciones de derechos humanos tambi\u00e9n pueden presentarse ante el\u00a0organismo rector del f\u00fatbol europeo, a trav\u00e9s de la aplicaci\u00f3n del torneo o la p\u00e1gina web de la UEFA. Un organismo jur\u00eddico independiente eval\u00faa las quejas y denuncias y, si lo considera necesario, las remite a las autoridades responsables.<\/p>\n<p>Un bufete de abogados con sede en Fr\u00e1ncfort se encarg\u00f3 de gestionar las denuncias relacionadas con la Eurocopa masculina de 2024. <\/p>\n<h2>UEFA: \u00abMETA, X y TikTok siguen colaborando con nosotros\u00bb<\/h2>\n<p>Otro aspecto es la lucha contra el ciberacoso. En la Eurocopa del a\u00f1o pasado en Alemania\u00a0se monitorizaron alrededor de 700 cuentas de redes sociales de jugadores, entrenadores y \u00e1rbitros. Seg\u00fan la UEFA, s\u00f3lo durante la fase de grupos se denunciaron 666 publicaciones ofensivas en las plataformas de redes sociales para que se tomaran medidas. En aproximadamente tres de cada cuatro casos, las publicaciones estaban dirigidas contra jugadores, y m\u00e1s del 90 % eran incitaciones al odio. La UEFA estim\u00f3 la proporci\u00f3n de insultos racistas en torno al 5 % y declaraciones hom\u00f3fobas en el 2,5 %.<\/p>\n<p>El hecho de que las empresas Meta y X hayan cambiado sus pol\u00edticas corporativas, tras la reelecci\u00f3n del presidente estadounidense Donald Trump, y tomen medidas menos contundentes contra el discurso de odio, no ha afectado a la lucha contra el ciberacoso durante la Eurocopa Femenina en Suiza, seg\u00fan la UEFA: \u00abLas empresas de redes sociales reafirmaron su compromiso de colaborar con la UEFA y siguen apoyando los esfuerzos para proteger el f\u00fatbol\u201d.<\/p>\n<figure class=\"placeholder-image master_landscape big\"><img data-format=\"MASTER_LANDSCAPE\" data-id=\"72931980\" data-url=\"https:\/\/static.dw.com\/image\/72931980_${formatId}.jpg\" data-aspect-ratio=\"16\/9\" alt=\"Bal\u00f3n de f\u00fatbol de la Eurocopa 2025.\" style=\"padding-bottom: 56.25%; height: 0; max-height: 0;\"\/><figcaption class=\"img-caption\">Bal\u00f3n de f\u00fatbol oficial de la Eurocopa femenina 2025.<small class=\"copyright\">Imagen: Sch\u00e4fer\/Photo State\/Imelo<\/small><\/figcaption><\/figure>\n<h2>Protecci\u00f3n de la libertad de expresi\u00f3n y de reuni\u00f3n<\/h2>\n<p>\u00bfTendr\u00e1 el sexismo un mayor peso en la Eurocopa femenina 2025 que en la Eurocopa masculina de 2024? \u00abCreo que no en la zona de espectadores, porque la mezcla es diferente. All\u00ed se respira un ambiente m\u00e1s familiar\u00bb, respondi\u00f3 Sylvia Schenk, pero \u00abpodr\u00eda tener un mayor peso en el discurso de odio en l\u00ednea\u00bb.<\/p>\n<p>Salza, en cambio, ve un \u00abriesgo intacto de violencia sexual, verbal o f\u00edsica, tanto en las zonas de aficionados como en el estadio, contra aficionados y jugadoras. El discurso de odio y la violencia que emanan de movimientos de extrema derecha no pueden ignorarse dado el resurgimiento de estas fuerzas\u00bb.<\/p>\n<p>Salza tambi\u00e9n insta \u00aba los responsables a proteger adecuadamente la libertad de expresi\u00f3n y de reuni\u00f3n, incluso en esta situaci\u00f3n excepcional\u00bb.<\/p>\n<p>(RMR\/EL)<\/p>\n<\/p>\n<\/div>\n\n","protected":false},"excerpt":{"rendered":"<p>\u00abDimos un impulso importante en Alemania y la situaci\u00f3n sigue evolucionando\u00bb, afirm\u00f3 Sylvia Schenk, de Transparencia Internacional Alemania. La abogada y exatleta form\u00f3 parte del Consejo Asesor de Derechos Humanos de la UEFA durante la Eurocopa de 2024 en Alemania. El consejo\u00a0atendi\u00f3 denuncias sobre violaciones de derechos humanos durante el torneo. La UEFA, la Federaci\u00f3n &hellip;<\/p>\n","protected":false},"author":1,"featured_media":33498,"comment_status":"open","ping_status":"open","sticky":false,"template":"","format":"standard","meta":{"fifu_image_url":"https:\/\/static.dw.com\/image\/73068173_6.jpg","fifu_image_alt":"","footnotes":""},"categories":[13],"tags":[],"class_list":["post-33497","post","type-post","status-publish","format-standard","has-post-thumbnail","","category-mundo"],"_links":{"self":[{"href":"https:\/\/noticiasveraces.com\/index.php?rest_route=\/wp\/v2\/posts\/33497","targetHints":{"allow":["GET"]}}],"collection":[{"href":"https:\/\/noticiasveraces.com\/index.php?rest_route=\/wp\/v2\/posts"}],"about":[{"href":"https:\/\/noticiasveraces.com\/index.php?rest_route=\/wp\/v2\/types\/post"}],"author":[{"embeddable":true,"href":"https:\/\/noticiasveraces.com\/index.php?rest_route=\/wp\/v2\/users\/1"}],"replies":[{"embeddable":true,"href":"https:\/\/noticiasveraces.com\/index.php?rest_route=%2Fwp%2Fv2%2Fcomments&post=33497"}],"version-history":[{"count":0,"href":"https:\/\/noticiasveraces.com\/index.php?rest_route=\/wp\/v2\/posts\/33497\/revisions"}],"wp:featuredmedia":[{"embeddable":true,"href":"https:\/\/noticiasveraces.com\/index.php?rest_route=\/wp\/v2\/media\/33498"}],"wp:attachment":[{"href":"https:\/\/noticiasveraces.com\/index.php?rest_route=%2Fwp%2Fv2%2Fmedia&parent=33497"}],"wp:term":[{"taxonomy":"category","embeddable":true,"href":"https:\/\/noticiasveraces.com\/index.php?rest_route=%2Fwp%2Fv2%2Fcategories&post=33497"},{"taxonomy":"post_tag","embeddable":true,"href":"https:\/\/noticiasveraces.com\/index.php?rest_route=%2Fwp%2Fv2%2Ftags&post=33497"}],"curies":[{"name":"wp","href":"https:\/\/api.w.org\/{rel}","templated":true}]}}