{"id":33483,"date":"2025-06-27T10:17:52","date_gmt":"2025-06-27T14:17:52","guid":{"rendered":"https:\/\/noticiasveraces.com\/?p=33483"},"modified":"2025-06-27T10:17:52","modified_gmt":"2025-06-27T14:17:52","slug":"ruud-van-nistelrooy-deja-de-ser-entrenador-del-leicester","status":"publish","type":"post","link":"https:\/\/noticiasveraces.com\/?p=33483","title":{"rendered":"Ruud van Nistelrooy deja de ser entrenador del Leicester"},"content":{"rendered":"<p> \n<\/p>\n<div>\n<p data-mrf-recirculation=\"Links P\u00e1rrafos\" class=\"ue-c-article__ ue-c-article--first-letter-highlighted\">El que fuera jugador del Real Madrid, <strong>Ruud van Nistelrooy, deja de ser entrenador del Leicester City.<\/strong> Loss <em>zorros <\/em>lo han anunciado a trav\u00e9s de sus redes sociales, despu\u00e9s de que estuviera en el banquillo apenas medio a\u00f1o. El holand\u00e9s llegaba al club con la esperanza de mantenerlo en Premier League, pero finalmente<strong> acabaron descendiendo a la EFL,<\/strong> despu\u00e9s de acabar 18\u00ba, a 13 puntos de la salvaci\u00f3n.<\/p>\n<p data-mrf-recirculation=\"Links P\u00e1rrafos\" class=\"ue-c-article__\"><strong>De esta manera termina su tercera etapa como entrenador,<\/strong> despu\u00e9s de haber iniciado su carrera en el <strong>PSV<\/strong>en las categor\u00edas inferiores, ascendiendo hasta el primer equipo. Luego recal\u00f3 en el<strong> Manchester United<\/strong>donde no tuvo mucha suerte, para finalmente acabar en el <strong>Leicester City,<\/strong> club al que lleg\u00f3 casi a mitad de temporada y en el que no cumpli\u00f3 el objetivo de la permanencia.<\/p>\n<h2 class=\"ue-c-article__subheadline\">Comunicado del club<\/h2>\n<p data-mrf-recirculation=\"Links P\u00e1rrafos\" class=\"ue-c-article__\"><em>Ruud ha liderado un per\u00edodo dif\u00edcil para el club. Desde su nombramiento en noviembre de 2024, asumi\u00f3 el cargo con profesionalismo, integridad y un claro compromiso con nuestros objetivos, incluyendo la integraci\u00f3n de varias promesas de la Academia del Club en el equipo titular. Ruud deja su puesto con el respeto y el agradecimiento de todo el Club de F\u00fatbol por su dedicaci\u00f3n y esfuerzo, y con nuestros mejores deseos para el futuro.<\/em><\/p>\n<p>Ruud coment\u00f3 lo siguiente: \u201cQuiero agradecer personalmente a los jugadores, entrenadores, academia y todo el personal del Leicester City con el que he trabajado por su profesionalismo y dedicaci\u00f3n durante mi tiempo en el Club, y agradecer a los aficionados por su apoyo. Aprovecho esta oportunidad para desearle al club lo mejor para el futuro\u201d.<\/p>\n<p><em>La preparaci\u00f3n para la temporada del Campeonato de la EFL continuar\u00e1 con el inicio previsto de la pretemporada el lunes 30 de junio. El cuerpo t\u00e9cnico del primer equipo supervisar\u00e1 la ejecuci\u00f3n de estos planes hasta el nombramiento de un nuevo entrenador.<\/em><\/p>\n<p>No habr\u00e1 m\u00e1s comentarios hasta que se complete este proceso.<\/p>\n<\/div>\n\n","protected":false},"excerpt":{"rendered":"<p>El que fuera jugador del Real Madrid, Ruud van Nistelrooy, deja de ser entrenador del Leicester City. Loss zorros lo han anunciado a trav\u00e9s de sus redes sociales, despu\u00e9s de que estuviera en el banquillo apenas medio a\u00f1o. El holand\u00e9s llegaba al club con la esperanza de mantenerlo en Premier League, pero finalmente acabaron descendiendo &hellip;<\/p>\n","protected":false},"author":1,"featured_media":33484,"comment_status":"open","ping_status":"open","sticky":false,"template":"","format":"standard","meta":{"fifu_image_url":"https:\/\/e00-xlk-ue-marca.uecdn.es\/files\/phantom_desktop_1200w\/uploads\/2025\/06\/27\/685e6afc69254.jpeg","fifu_image_alt":"","footnotes":""},"categories":[6],"tags":[],"class_list":["post-33483","post","type-post","status-publish","format-standard","has-post-thumbnail","","category-deportes"],"_links":{"self":[{"href":"https:\/\/noticiasveraces.com\/index.php?rest_route=\/wp\/v2\/posts\/33483","targetHints":{"allow":["GET"]}}],"collection":[{"href":"https:\/\/noticiasveraces.com\/index.php?rest_route=\/wp\/v2\/posts"}],"about":[{"href":"https:\/\/noticiasveraces.com\/index.php?rest_route=\/wp\/v2\/types\/post"}],"author":[{"embeddable":true,"href":"https:\/\/noticiasveraces.com\/index.php?rest_route=\/wp\/v2\/users\/1"}],"replies":[{"embeddable":true,"href":"https:\/\/noticiasveraces.com\/index.php?rest_route=%2Fwp%2Fv2%2Fcomments&post=33483"}],"version-history":[{"count":0,"href":"https:\/\/noticiasveraces.com\/index.php?rest_route=\/wp\/v2\/posts\/33483\/revisions"}],"wp:featuredmedia":[{"embeddable":true,"href":"https:\/\/noticiasveraces.com\/index.php?rest_route=\/wp\/v2\/media\/33484"}],"wp:attachment":[{"href":"https:\/\/noticiasveraces.com\/index.php?rest_route=%2Fwp%2Fv2%2Fmedia&parent=33483"}],"wp:term":[{"taxonomy":"category","embeddable":true,"href":"https:\/\/noticiasveraces.com\/index.php?rest_route=%2Fwp%2Fv2%2Fcategories&post=33483"},{"taxonomy":"post_tag","embeddable":true,"href":"https:\/\/noticiasveraces.com\/index.php?rest_route=%2Fwp%2Fv2%2Ftags&post=33483"}],"curies":[{"name":"wp","href":"https:\/\/api.w.org\/{rel}","templated":true}]}}