{"id":33473,"date":"2025-06-27T07:38:37","date_gmt":"2025-06-27T11:38:37","guid":{"rendered":"https:\/\/noticiasveraces.com\/?p=33473"},"modified":"2025-06-27T07:38:37","modified_gmt":"2025-06-27T11:38:37","slug":"alemania-aumentara-el-salario-minimo-a-1460-euros-por-hora-dw-27-06-2025","status":"publish","type":"post","link":"https:\/\/noticiasveraces.com\/?p=33473","title":{"rendered":"Alemania aumentar\u00e1 el salario m\u00ednimo a 14,60 euros por hora \u2013 DW \u2013 27\/06\/2025"},"content":{"rendered":"<p> \n<\/p>\n<div>\n<p>Alrededor de seis millones de personas podr\u00edan beneficiarse en el futuro del aumento del salario m\u00ednimo propuesto el viernes (27.6.2025) por la Comisi\u00f3n del Salario M\u00ednimo de Alemania.<\/p>\n<p>La presidenta del mencionado grupo de trabajo, Christiane Sch\u00f6nefeld, afirm\u00f3 que la decisi\u00f3n, tomada por unanimidad, era un compromiso para ofrecer protecci\u00f3n a los trabajadores y consider\u00f3 que es algo asumible para las empresas, a pesar de\u00a0la dif\u00edcil situaci\u00f3n econ\u00f3mica actual. Para Sch\u00f6nefeld, se trata de una \u00absoluci\u00f3n viable\u00bb, que los interlocutores sociales han encontrado en el marco de la Comisi\u00f3n.<\/p>\n<h2>Aumento progresivo\u00a0hasta 2027<\/h2>\n<p>La propuesta supone un incremento del salario m\u00ednimo hasta los 13,90 euros por hora en 2026. Para el 1 de enero de 2027 est\u00e1 previsto un nuevo aumento de 70 c\u00e9ntimos, hasta alcanzar los 14,60 euros. Actualmente, el salario m\u00ednimo es de 12,82 euros.<\/p>\n<p>La ministra de Trabajo, B\u00e4rbel Bas, del partido socialdem\u00f3crata SPD, ya ha anunciado que quiere seguir la recomendaci\u00f3n. Durante la campa\u00f1a electoral, el partido socialdem\u00f3crata SPD exig\u00eda un salario m\u00ednimo de 15 euros. En el acuerdo de coalici\u00f3n de gobierno entre el partido democristiano CDU\/CSU y el SPD se afirmaba que este importe ser\u00eda \u00abalcanzable\u00bb en 2026.<\/p>\n<p>MS (DPA\/EPD)<\/p>\n<\/p>\n<\/div>\n\n","protected":false},"excerpt":{"rendered":"<p>Alrededor de seis millones de personas podr\u00edan beneficiarse en el futuro del aumento del salario m\u00ednimo propuesto el viernes (27.6.2025) por la Comisi\u00f3n del Salario M\u00ednimo de Alemania. La presidenta del mencionado grupo de trabajo, Christiane Sch\u00f6nefeld, afirm\u00f3 que la decisi\u00f3n, tomada por unanimidad, era un compromiso para ofrecer protecci\u00f3n a los trabajadores y consider\u00f3 &hellip;<\/p>\n","protected":false},"author":1,"featured_media":33474,"comment_status":"open","ping_status":"open","sticky":false,"template":"","format":"standard","meta":{"fifu_image_url":"https:\/\/static.dw.com\/image\/71952110_6.jpg","fifu_image_alt":"","footnotes":""},"categories":[13],"tags":[],"class_list":["post-33473","post","type-post","status-publish","format-standard","has-post-thumbnail","","category-mundo"],"_links":{"self":[{"href":"https:\/\/noticiasveraces.com\/index.php?rest_route=\/wp\/v2\/posts\/33473","targetHints":{"allow":["GET"]}}],"collection":[{"href":"https:\/\/noticiasveraces.com\/index.php?rest_route=\/wp\/v2\/posts"}],"about":[{"href":"https:\/\/noticiasveraces.com\/index.php?rest_route=\/wp\/v2\/types\/post"}],"author":[{"embeddable":true,"href":"https:\/\/noticiasveraces.com\/index.php?rest_route=\/wp\/v2\/users\/1"}],"replies":[{"embeddable":true,"href":"https:\/\/noticiasveraces.com\/index.php?rest_route=%2Fwp%2Fv2%2Fcomments&post=33473"}],"version-history":[{"count":0,"href":"https:\/\/noticiasveraces.com\/index.php?rest_route=\/wp\/v2\/posts\/33473\/revisions"}],"wp:featuredmedia":[{"embeddable":true,"href":"https:\/\/noticiasveraces.com\/index.php?rest_route=\/wp\/v2\/media\/33474"}],"wp:attachment":[{"href":"https:\/\/noticiasveraces.com\/index.php?rest_route=%2Fwp%2Fv2%2Fmedia&parent=33473"}],"wp:term":[{"taxonomy":"category","embeddable":true,"href":"https:\/\/noticiasveraces.com\/index.php?rest_route=%2Fwp%2Fv2%2Fcategories&post=33473"},{"taxonomy":"post_tag","embeddable":true,"href":"https:\/\/noticiasveraces.com\/index.php?rest_route=%2Fwp%2Fv2%2Ftags&post=33473"}],"curies":[{"name":"wp","href":"https:\/\/api.w.org\/{rel}","templated":true}]}}