{"id":33454,"date":"2025-06-27T05:06:54","date_gmt":"2025-06-27T09:06:54","guid":{"rendered":"https:\/\/noticiasveraces.com\/?p=33454"},"modified":"2025-06-27T05:06:54","modified_gmt":"2025-06-27T09:06:54","slug":"soy-mecanico-este-auto-usado-es-tan-bueno-que-lo-he-estado-conduciendo-durante-anos","status":"publish","type":"post","link":"https:\/\/noticiasveraces.com\/?p=33454","title":{"rendered":"&#8216;Soy mec\u00e1nico: este auto usado es tan bueno que lo he estado conduciendo durante a\u00f1os&#8217;"},"content":{"rendered":"<p> \n<\/p>\n<div>\n<p>Un mec\u00e1nico de autom\u00f3viles ha dicho que un autom\u00f3vil usado que compr\u00f3 por \u00a3 4,000 es uno de los m\u00e1s c\u00f3modos que hay en el mercado. Przemek Chamack dijo que su Audi A6 era muy c\u00f3modo y servicial para alguien que era bastante alto.<\/p>\n<p>Le dijo al Daily Mail: \u00abConduzco un Audi A6 de segunda mano que sali\u00f3 en 2007. Este es un motor confiable que ofrece uno de los viajes m\u00e1s c\u00f3modos, y puede comprar un gran ejemplo por \u00a3 4,000. Tengo seis pies y seis pulgadas de altura, as\u00ed que lucha con algunos de veh\u00edculos modernos nuevos y m\u00e1s peque\u00f1os\u00bb.<\/p>\n<p>Los comentarios de Przemek se producen a medida que m\u00e1s y m\u00e1s personas recurren al mercado de autom\u00f3viles usados \u200b\u200ben lugar de comprar un autom\u00f3vil nuevo debido al precio de los veh\u00edculos modernos.<\/p>\n<p>Como resultado, los expertos est\u00e1n presentando consejos sobre c\u00f3mo las personas pueden evitar ser estafadas y obtener la mayor cantidad de autom\u00f3vil por su dinero. Un controlador de autom\u00f3vil usado, Jeff Wong del Centro de Porsche Bristol, le dijo a The Express que hab\u00eda un potencial de bandera roja que los compradores potenciales deber\u00edan tener en cuenta.<\/p>\n<\/div>\n<div>\n<p>Dijo que si un autom\u00f3vil tiene un precio muy por debajo de lo que se valora, los compradores deben exhibir precauci\u00f3n antes de comprar y lo que los compradores deben hacer.<\/p>\n<p>Jeff explic\u00f3: \u00abTiene que haber una raz\u00f3n para eso en t\u00e9rminos de ser tan barato. Por eso en el mundo en el que vivimos hoy puedes hacer tanta tarea en estos autos, con los foros de Porsche en todas partes que las personas hablan de autos nuevos y usados \u200b\u200btodo el tiempo. <\/p>\n<p>\u00abEstoy bastante seguro de que cuando una persona est\u00e1 interesada en un autom\u00f3vil, lo aprovechar\u00e1n en un foro y alguien dir\u00e1 &#8216;Ese fue mi auto, lo tuve hace a\u00f1os, no lo compre&#8217;. Puede encontrar mucha historia hoy en d\u00eda con foros. <\/p>\n<p>\u00abPero las inspecciones y cosas de AA, las inspecciones RAC pueden hacerlo f\u00e1cilmente y verlo tambi\u00e9n por usted. No hay necesidad en el mundo de hoy para comprar un autom\u00f3vil dudoso en alguna parte\u00bb.<\/p>\n<\/div>\n<div>\n<p>Los comentarios de Jeff y Przemek sobre el asunto despu\u00e9s de los datos del SMMT (Sociedad de Fabricantes y Traderos de Motores) publicados en mayo de este a\u00f1o que us\u00f3 las ventas de autom\u00f3viles hab\u00edan alcanzado dos millones por primera vez desde 2019.<\/p>\n<p>En un comunicado, el director ejecutivo del SMMT Mike Hawes dijo: \u201cEl mercado de autom\u00f3viles usados \u200b\u200bha disfrutado de su comienzo m\u00e1s fuerte por un a\u00f1o desde antes de la pandemia, con un suministro alimentado por un mercado de autom\u00f3viles nuevos en recuperaci\u00f3n.<\/p>\n<p>\u201cCr\u00edticamente, m\u00e1s compradores de segunda mano est\u00e1n optando por veh\u00edculos el\u00e9ctricos, con una mayor elecci\u00f3n y asequibilidad que permiten cambiar m\u00e1s personas y empresas.<\/p>\n<p>\u00abSin embargo, mantener y expandir este crecimiento depende de un suministro saludable de EV del mercado de autom\u00f3viles nuevos, lo que a su vez requiere incentivos fiscales junto con una red de puntos de carga accesible y asequible a nivel nacional para que todos sean su presupuesto o necesidades de conducci\u00f3n, puedan beneficiarse de cero automovilismo\u00bb.<\/p>\n<\/div>\n\n","protected":false},"excerpt":{"rendered":"<p>Un mec\u00e1nico de autom\u00f3viles ha dicho que un autom\u00f3vil usado que compr\u00f3 por \u00a3 4,000 es uno de los m\u00e1s c\u00f3modos que hay en el mercado. Przemek Chamack dijo que su Audi A6 era muy c\u00f3modo y servicial para alguien que era bastante alto. Le dijo al Daily Mail: \u00abConduzco un Audi A6 de segunda &hellip;<\/p>\n","protected":false},"author":1,"featured_media":33455,"comment_status":"open","ping_status":"open","sticky":false,"template":"","format":"standard","meta":{"fifu_image_url":"https:\/\/cdn.images.express.co.uk\/img\/dynamic\/24\/1200x630\/6251738.jpg","fifu_image_alt":"","footnotes":""},"categories":[763],"tags":[],"class_list":["post-33454","post","type-post","status-publish","format-standard","has-post-thumbnail","","category-estilo-de-vida"],"_links":{"self":[{"href":"https:\/\/noticiasveraces.com\/index.php?rest_route=\/wp\/v2\/posts\/33454","targetHints":{"allow":["GET"]}}],"collection":[{"href":"https:\/\/noticiasveraces.com\/index.php?rest_route=\/wp\/v2\/posts"}],"about":[{"href":"https:\/\/noticiasveraces.com\/index.php?rest_route=\/wp\/v2\/types\/post"}],"author":[{"embeddable":true,"href":"https:\/\/noticiasveraces.com\/index.php?rest_route=\/wp\/v2\/users\/1"}],"replies":[{"embeddable":true,"href":"https:\/\/noticiasveraces.com\/index.php?rest_route=%2Fwp%2Fv2%2Fcomments&post=33454"}],"version-history":[{"count":0,"href":"https:\/\/noticiasveraces.com\/index.php?rest_route=\/wp\/v2\/posts\/33454\/revisions"}],"wp:featuredmedia":[{"embeddable":true,"href":"https:\/\/noticiasveraces.com\/index.php?rest_route=\/wp\/v2\/media\/33455"}],"wp:attachment":[{"href":"https:\/\/noticiasveraces.com\/index.php?rest_route=%2Fwp%2Fv2%2Fmedia&parent=33454"}],"wp:term":[{"taxonomy":"category","embeddable":true,"href":"https:\/\/noticiasveraces.com\/index.php?rest_route=%2Fwp%2Fv2%2Fcategories&post=33454"},{"taxonomy":"post_tag","embeddable":true,"href":"https:\/\/noticiasveraces.com\/index.php?rest_route=%2Fwp%2Fv2%2Ftags&post=33454"}],"curies":[{"name":"wp","href":"https:\/\/api.w.org\/{rel}","templated":true}]}}