{"id":33428,"date":"2025-06-26T23:23:47","date_gmt":"2025-06-27T03:23:47","guid":{"rendered":"https:\/\/noticiasveraces.com\/?p=33428"},"modified":"2025-06-26T23:23:47","modified_gmt":"2025-06-27T03:23:47","slug":"japon-ejecuta-al-asesino-de-twitter-por-matar-a-9-personas-dw-27-06-2025","status":"publish","type":"post","link":"https:\/\/noticiasveraces.com\/?p=33428","title":{"rendered":"Jap\u00f3n ejecuta al \u00abasesino de Twitter\u00bb por matar a 9 personas \u2013 DW \u2013 27\/06\/2025"},"content":{"rendered":"<p> \n<\/p>\n<div>\n<p>Jap\u00f3n ejecut\u00f3 al llamado \u00abasesino de Twitter\u00bb, un hombre que mat\u00f3 a nueve personas contactadas por esa red social, afirm\u00f3 el viernes (27.06.2025) la prensa local en la primera aplicaci\u00f3n de la pena capital desde 2022 en este pa\u00eds.<\/p>\n<p>Takahiro Shiraishi hab\u00eda sido condenado a muerte por estrangular y desmembrar en 2017 a ocho mujeres y un hombre en su apartamento en la ciudad de Zama, en Kanagawa, cerca de Tokio. Se le conoc\u00eda como el \u00abasesino de Twitter\u00bb por contactar a las v\u00edctimas a trav\u00e9s de la red social.<\/p>\n<p>El ministro de Justicia, Keisuke Suzuki, quien autoriz\u00f3 el ahorcamiento de Shiraishi, declar\u00f3 que tom\u00f3 la decisi\u00f3n tras un cuidadoso an\u00e1lisis, teniendo en cuenta el motivo \u00abextremadamente ego\u00edsta\u00bb del convicto para cometer cr\u00edmenes que \u00abcausaron gran conmoci\u00f3n y malestar social\u00bb.<\/p>\n<p>Shiraishi, de 34 a\u00f1os, reconoci\u00f3 los nueve asesinatos, dijo la prensa. Seg\u00fan explic\u00f3, contactaba en esa plataforma con personas con tendencias suicidas y les ofrec\u00eda ayuda para morir.<\/p>\n<p>Las v\u00edctimas, de entre 15 y 26 a\u00f1os, iban a su casa cerca de Tokio, donde \u00e9l las asesinaba, las descuartizaba y escond\u00eda los restos de sus cuerpos en peque\u00f1as neveras.<\/p>\n<p>En Jap\u00f3n, la pena capital se ejecuta mediante la horca y los presos son notificados de su ejecuci\u00f3n horas antes, lo que ha sido denunciado durante mucho tiempo por grupos de derechos humanos debido al estr\u00e9s que genera en los condenados a muerte.<\/p>\n<p>\u00abNo es apropiado abolir la pena de muerte mientras se sigan cometiendo estos cr\u00edmenes violentos\u00bb, declar\u00f3 Suzuki en una rueda de prensa. Actualmente hay 105 presos condenados a muerte en Jap\u00f3n, a\u00f1adi\u00f3.<\/p>\n<p>JC (AFP, Reuters)<\/p>\n<\/p>\n<\/div>\n\n","protected":false},"excerpt":{"rendered":"<p>Jap\u00f3n ejecut\u00f3 al llamado \u00abasesino de Twitter\u00bb, un hombre que mat\u00f3 a nueve personas contactadas por esa red social, afirm\u00f3 el viernes (27.06.2025) la prensa local en la primera aplicaci\u00f3n de la pena capital desde 2022 en este pa\u00eds. Takahiro Shiraishi hab\u00eda sido condenado a muerte por estrangular y desmembrar en 2017 a ocho mujeres &hellip;<\/p>\n","protected":false},"author":1,"featured_media":33429,"comment_status":"open","ping_status":"open","sticky":false,"template":"","format":"standard","meta":{"fifu_image_url":"https:\/\/static.dw.com\/image\/67576542_6.jpg","fifu_image_alt":"","footnotes":""},"categories":[13],"tags":[],"class_list":["post-33428","post","type-post","status-publish","format-standard","has-post-thumbnail","","category-mundo"],"_links":{"self":[{"href":"https:\/\/noticiasveraces.com\/index.php?rest_route=\/wp\/v2\/posts\/33428","targetHints":{"allow":["GET"]}}],"collection":[{"href":"https:\/\/noticiasveraces.com\/index.php?rest_route=\/wp\/v2\/posts"}],"about":[{"href":"https:\/\/noticiasveraces.com\/index.php?rest_route=\/wp\/v2\/types\/post"}],"author":[{"embeddable":true,"href":"https:\/\/noticiasveraces.com\/index.php?rest_route=\/wp\/v2\/users\/1"}],"replies":[{"embeddable":true,"href":"https:\/\/noticiasveraces.com\/index.php?rest_route=%2Fwp%2Fv2%2Fcomments&post=33428"}],"version-history":[{"count":0,"href":"https:\/\/noticiasveraces.com\/index.php?rest_route=\/wp\/v2\/posts\/33428\/revisions"}],"wp:featuredmedia":[{"embeddable":true,"href":"https:\/\/noticiasveraces.com\/index.php?rest_route=\/wp\/v2\/media\/33429"}],"wp:attachment":[{"href":"https:\/\/noticiasveraces.com\/index.php?rest_route=%2Fwp%2Fv2%2Fmedia&parent=33428"}],"wp:term":[{"taxonomy":"category","embeddable":true,"href":"https:\/\/noticiasveraces.com\/index.php?rest_route=%2Fwp%2Fv2%2Fcategories&post=33428"},{"taxonomy":"post_tag","embeddable":true,"href":"https:\/\/noticiasveraces.com\/index.php?rest_route=%2Fwp%2Fv2%2Ftags&post=33428"}],"curies":[{"name":"wp","href":"https:\/\/api.w.org\/{rel}","templated":true}]}}