{"id":33423,"date":"2025-06-26T22:22:42","date_gmt":"2025-06-27T02:22:42","guid":{"rendered":"https:\/\/noticiasveraces.com\/?p=33423"},"modified":"2025-06-26T22:22:42","modified_gmt":"2025-06-27T02:22:42","slug":"ecuador-anuncia-la-captura-en-abu-dabi-de-lider-guerrillero-dw-26-06-2025","status":"publish","type":"post","link":"https:\/\/noticiasveraces.com\/?p=33423","title":{"rendered":"Ecuador anuncia la captura en Abu Dabi de l\u00edder guerrillero \u2013 DW \u2013 26\/06\/2025"},"content":{"rendered":"<p> \n<\/p>\n<div>\n<p>Ecuador anunci\u00f3 este jueves (26.06.2025) la captura en Emiratos \u00c1rabes Unidos de un cabecilla de una guerrilla colombiana responsable de matar a 11 militares ecuatorianos.<\/p>\n<p>Los rebeldes de los Comandos de la Frontera, que negocian la paz con el gobierno del presidente colombiano Gustavo Petro, emboscaron a los soldados el 10 de mayo y los atacaron con fusiles, granadas y explosivos.<\/p>\n<p>El ministro del Interior de Ecuador, John Reimberg, asegur\u00f3 este jueves que uno de los cabecillas involucrado en esta masacre fue detenido en Abu Dabi en una operaci\u00f3n coordinada con Interpol.<\/p>\n<p>Identificado como Roberto \u00c1lvarez Vera, de nacionalidad ecuatoriana, el rebelde tiene un pedido de extradici\u00f3n de Quito, dijo Reimberg. \u00abNo vamos a descansar hasta que todos paguen sus cuentas con la justicia\u00bb, agreg\u00f3.<\/p>\n<p><strong>Operativo contra la miner\u00eda ilegal<\/strong><\/p>\n<p>Los militares abatidos por los Comandos de la Frontera, una facci\u00f3n disidente al acuerdo de paz de 2016 con la guerrilla FARC, realizaban una operaci\u00f3n contra la miner\u00eda ilegal.<\/p>\n<p>Tras los asesinatos, el presidente Daniel Noboa despleg\u00f3 unos 1.500 militares en la zona selv\u00e1tica del Alto Punino, en la provincia de Orellana (este), fronteriza con Per\u00fa.<\/p>\n<p>En la zona opera la guerrilla colombiana. Tambi\u00e9n hacen presencia bandas criminales como Los Lobos, Los Choneros, Tiguerones y el Comando Vermelho, una de las organizaciones narco m\u00e1s poderosas de Brasil.<\/p>\n<p>El anuncio de la detenci\u00f3n del l\u00edder de los Comandos de la Frontera se da un d\u00eda despu\u00e9s de la recaptura de Adolfo Mac\u00edas, alias Fito, el criminal m\u00e1s buscado de Ecuador.<\/p>\n<p>Fito estuvo pr\u00f3fugo durante un a\u00f1o y medio. Su evasi\u00f3n de una c\u00e1rcel de Guayaquil, en el suroeste de Ecuador, desat\u00f3 una ola de violencia que incluy\u00f3 amotinamientos en prisiones, la toma armada de un canal de televisi\u00f3n, explosi\u00f3n de coches bomba y la retenci\u00f3n temporal de unos 200 guardias carcelarios.<\/p>\n<p>CT (AFP, Efe)<\/p>\n<\/p>\n<\/div>\n\n","protected":false},"excerpt":{"rendered":"<p>Ecuador anunci\u00f3 este jueves (26.06.2025) la captura en Emiratos \u00c1rabes Unidos de un cabecilla de una guerrilla colombiana responsable de matar a 11 militares ecuatorianos. Los rebeldes de los Comandos de la Frontera, que negocian la paz con el gobierno del presidente colombiano Gustavo Petro, emboscaron a los soldados el 10 de mayo y los &hellip;<\/p>\n","protected":false},"author":1,"featured_media":33424,"comment_status":"open","ping_status":"open","sticky":false,"template":"","format":"standard","meta":{"fifu_image_url":"https:\/\/static.dw.com\/image\/71996102_6.jpg","fifu_image_alt":"","footnotes":""},"categories":[13],"tags":[],"class_list":["post-33423","post","type-post","status-publish","format-standard","has-post-thumbnail","","category-mundo"],"_links":{"self":[{"href":"https:\/\/noticiasveraces.com\/index.php?rest_route=\/wp\/v2\/posts\/33423","targetHints":{"allow":["GET"]}}],"collection":[{"href":"https:\/\/noticiasveraces.com\/index.php?rest_route=\/wp\/v2\/posts"}],"about":[{"href":"https:\/\/noticiasveraces.com\/index.php?rest_route=\/wp\/v2\/types\/post"}],"author":[{"embeddable":true,"href":"https:\/\/noticiasveraces.com\/index.php?rest_route=\/wp\/v2\/users\/1"}],"replies":[{"embeddable":true,"href":"https:\/\/noticiasveraces.com\/index.php?rest_route=%2Fwp%2Fv2%2Fcomments&post=33423"}],"version-history":[{"count":0,"href":"https:\/\/noticiasveraces.com\/index.php?rest_route=\/wp\/v2\/posts\/33423\/revisions"}],"wp:featuredmedia":[{"embeddable":true,"href":"https:\/\/noticiasveraces.com\/index.php?rest_route=\/wp\/v2\/media\/33424"}],"wp:attachment":[{"href":"https:\/\/noticiasveraces.com\/index.php?rest_route=%2Fwp%2Fv2%2Fmedia&parent=33423"}],"wp:term":[{"taxonomy":"category","embeddable":true,"href":"https:\/\/noticiasveraces.com\/index.php?rest_route=%2Fwp%2Fv2%2Fcategories&post=33423"},{"taxonomy":"post_tag","embeddable":true,"href":"https:\/\/noticiasveraces.com\/index.php?rest_route=%2Fwp%2Fv2%2Ftags&post=33423"}],"curies":[{"name":"wp","href":"https:\/\/api.w.org\/{rel}","templated":true}]}}