{"id":33396,"date":"2025-06-26T19:15:18","date_gmt":"2025-06-26T23:15:18","guid":{"rendered":"https:\/\/noticiasveraces.com\/?p=33396"},"modified":"2025-06-26T19:15:18","modified_gmt":"2025-06-26T23:15:18","slug":"drasticos-recortes-en-ayuda-humanitaria-dw-26-06-2025","status":"publish","type":"post","link":"https:\/\/noticiasveraces.com\/?p=33396","title":{"rendered":"dr\u00e1sticos recortes en ayuda humanitaria \u2013 DW \u2013 26\/06\/2025"},"content":{"rendered":"<p> \n<\/p>\n<div>\n<p>Michael Herbst esper\u00f3 en vano un cambio de actitud en el nuevo Gobierno alem\u00e1n, formado por la uni\u00f3n conservadora CDU\/CSU, y el socialdem\u00f3crata SPD: \u00abNuevos recortes ser\u00edan absolutamente irresponsables\u00bb, advirti\u00f3 el presidente de la Asociaci\u00f3n Paraguas de Organizaciones de Cooperaci\u00f3n para el Desarrollo (VENRO) un d\u00eda antes de la publicaci\u00f3n del proyecto de presupuesto para 2025.<\/p>\n<p>Desde el 24 de junio, sus temores se volvieron certezas: el presupuesto estatal\u00a0prev\u00e9 recortes masivos a la ayuda al desarrollo. El Ministerio Federal de Cooperaci\u00f3n Econ\u00f3mica y Desarrollo (BMZ) recibir\u00e1 solo 10.300 millones de euros, casi 1.000 millones menos que en 2024, el segundo recorte consecutivo. Cu\u00e1n dram\u00e1tica es la reducci\u00f3n de esos fondos se ve mirando atr\u00e1s, hacia 2022. En ese a\u00f1o, Alemania gast\u00f3 13.800 millones de euros en ayuda al desarrollo.<\/p>\n<h2>\u00abM\u00e1s de 100 millones de personas huyen\u201d de guerras en el mundo<\/h2>\n<p>El jefe de VENRO ejemplific\u00f3 lo que significan estos dr\u00e1sticos recortes para las personas afectadas en un mundo donde cada vez hay m\u00e1s guerras y conflictos: \u00abM\u00e1s de 100 millones de personas est\u00e1n huyendo. Al mismo tiempo, cada vez m\u00e1s pa\u00edses donantes se retiran. Por eso es necesaria una financiaci\u00f3n estable por parte del Gobierno alem\u00e1n de la cooperaci\u00f3n al desarrollo y la ayuda humanitaria, pero lo contrario es el caso\u201d.<\/p>\n<p>Lo que agrava la situaci\u00f3n, desde su punto de vista, es el recorte de un 53 por ciento, en cerca de 1.000 millones de euros, de la ayuda humanitaria. Herbst considera que esto demuestra falta de visi\u00f3n: \u00abComo la tercera econom\u00eda del mundo, Alemania puede y debe asumir responsabilidad y no debe seguir recortando sus presupuestos en esas \u00e1reas\u201d, exige.<\/p>\n<figure class=\"placeholder-image master_landscape big\"><img data-format=\"MASTER_LANDSCAPE\" data-id=\"72651980\" data-url=\"https:\/\/static.dw.com\/image\/72651980_${formatId}.jpg\" data-aspect-ratio=\"16\/9\" alt=\"Personas en Nigeria distribuyendo alimentos provenientes de ayuda humanitaria.\" style=\"padding-bottom: 56.25%; height: 0; max-height: 0;\"\/><figcaption class=\"img-caption\">La retirada de donantes al desarrollo ser\u00e1 dram\u00e1tico para muchos pa\u00edses pobres del mundo, dicen organizaciones humanitarias alemanas.<small class=\"copyright\">Imagen: DW<\/small><\/figcaption><\/figure>\n<h2>\u00bfEst\u00e1 da\u00f1ada la reputaci\u00f3n de Alemania en el sur global?<\/h2>\n<p>Su argumento, que se topa con o\u00eddos sordos en el Gobierno alem\u00e1n, es que \u00abcomo pa\u00eds exportador, Alemania depende de las buenas relaciones y de la estabilidad global\u201d. Y afirma que \u00abla econom\u00eda alemana se beneficia de una buena reputaci\u00f3n y de la fortaleza de las relaciones con pa\u00edses del sur global. Eso tambi\u00e9n asegura puestos de trabajo en nuestro pa\u00eds\u201d.<\/p>\n<p>Los recortes llegan en un momento en el que el presidente de Estados Unidos, Donald Trump, inici\u00f3 justo al comienzo de su segundo mandato profundos recortes en la ayuda al desarrollo, de cerca de un 80 por ciento.<\/p>\n<h2>Alemania no llega a cumplir el objetivo del 0,7 por ciento<\/h2>\n<p>Debido a la dr\u00e1stica reducci\u00f3n del presupuesto del BMZ, ya la llamada tasa de AOD (Ayuda Oficial al Desarrollo) ya hab\u00eda ca\u00eddo por debajo de la meta autoimpuesta del 0,7 por ciento del ingreso nacional bruto en 2024. Desde 2020, se hab\u00eda mantenido consistentemente por encima de ese objetivo.<\/p>\n<p>La organizaci\u00f3n de ayuda no gubernamental y sin fines de lucro Deutsche Welthungerhilfe y la organizaci\u00f3n de ayuda a la infancia Terre des Hommes consideran que los recortes son una se\u00f1al fatal, sobre todo porque los partidos conservadores CDU y CSU y el socialdem\u00f3crata SPD ya no se comprometen expl\u00edcitamente con el objetivo del 0,7 por ciento en el acuerdo de coalici\u00f3n: \u00abCon esto, el Gobierno federal anuncia no solo una desviaci\u00f3n financiera sino tambi\u00e9n pol\u00edtica de sus obligaciones internacionales\u00bb, critican ambas organizaciones en su informe \u00abKompass 2025\u00bb sobre pol\u00edtica de desarrollo, presentado a mediados de junio.<\/p>\n<figure class=\"placeholder-image master_landscape big\"><img data-format=\"MASTER_LANDSCAPE\" data-id=\"72144442\" data-url=\"https:\/\/static.dw.com\/image\/72144442_${formatId}.jpg\" data-aspect-ratio=\"16\/9\" alt=\"Personas leyendo informes en Camboya, al aire libre.\" style=\"padding-bottom: 56.25%; height: 0; max-height: 0;\"\/><figcaption class=\"img-caption\">Los medios independientes y la prensa libre est\u00e1n en peligro en Camboya debido a los recortes a la ayuda al desarrollo. China, en cambio, invierte m\u00e1s en esta ayuda, con condiciones.<small class=\"copyright\">Imagen:  Akanksha Saxena\/DW<\/small><\/figcaption><\/figure>\n<h2>\u00bfQui\u00e9n asume el liderazgo en la pol\u00edtica de pacificaci\u00f3n?<\/h2>\n<p>El secretario general de Deutsche Welthungerhilfe, Joshua Hofert, insta al Gobierno alem\u00e1n, en vista de un mundo cada vez menos pac\u00edfico, a asumir un papel protag\u00f3nico en las pol\u00edticas de paz, con m\u00e1s de 30 p\u00e1ginas que contienen numerosas recomendaciones para los responsables pol\u00edticos y gr\u00e1ficos ilustrativos sobre la cooperaci\u00f3n al desarrollo.<\/p>\n<p>\u00abAlemania debe comprometerse con un respeto consecuente del derecho internacional humanitario y de los principios humanitarios, as\u00ed como con el acceso a la ayuda y la protecci\u00f3n de la poblaci\u00f3n civil en guerras y conflictos. Adem\u00e1s, debe comprometerse para que el hambre no sea utilizada como arma de guerra\u201d, se lee en las declaraciones de esa organizaci\u00f3n.<\/p>\n<p><span data-slot-id=\"Article_InContent-1\" class=\"rich-text-ad\"\/><\/p>\n<h2>Dinero para armamento: 2,7 billones de d\u00f3lares, seg\u00fan SIPRI<\/h2>\n<p>En mayo, el Instituto Internacional de Estudios para la Paz de Estocolmo (SIPRI) report\u00f3 un nuevo r\u00e9cord de acumulaci\u00f3n armament\u00edstica mundial\u00a0en su informe anual: 2,7 billones de d\u00f3lares en gasto militar. Esto representa un aumento de casi el diez por ciento. Adem\u00e1s, la Organizaci\u00f3n del Tratado del Atl\u00e1ntico Norte (OTAN) planea acordar en su cumbre de La Haya que cada Estado miembro dedique anualmente el cinco por ciento de su producto interno bruto al gasto de defensa.<\/p>\n<p>En este contexto, la disminuci\u00f3n global de la financiaci\u00f3n para la ayuda al desarrollo resulta especialmente impactante. Ya se prev\u00e9n consecuencias dram\u00e1ticas, sobre todo en la ayuda humanitaria. Estados Unidos ha suspendido por completo su apoyo a la Oficina de las Naciones Unidas para la Coordinaci\u00f3n de Asuntos Humanitarios (OCHA). Debido a los masivos recortes globales, el coordinador de ayuda de emergencia, Tom Fletcher, se ve obligado a eliminar numerosos programas de ayuda para los m\u00e1s pobres.<\/p>\n<figure class=\"placeholder-image master_landscape big\"><img data-format=\"MASTER_LANDSCAPE\" data-id=\"72420054\" data-url=\"https:\/\/static.dw.com\/image\/72420054_${formatId}.jpg\" data-aspect-ratio=\"16\/9\" alt=\"Un hospital para mujeres gestantes y madres en Pakist\u00e1n.\" style=\"padding-bottom: 56.25%; height: 0; max-height: 0;\"\/><figcaption class=\"img-caption\">Los recortes de USAID afectan a las mujeres gestantes y madres en Pakist\u00e1n.<small class=\"copyright\">Imagen: DW<\/small><\/figcaption><\/figure>\n<h2>Ayuda humanitaria solo para 114 millones de 180 millones de personas necesitadas<\/h2>\n<p>Los efectos de los recortes golpear\u00e1n a las personas m\u00e1s necesitadas y hambrientas y ser\u00e1n devastadores, dijo Fletcher semanas atr\u00e1s. En lugar de 44.000 millones de d\u00f3lares, el representante de la ONU cuenta con que solo habr\u00e1 29.000 millones para la distribuci\u00f3n de alimentos, agua, medicinas, refugios y otros bienes humanitarios. As\u00ed las cosas, la ayuda humanitaria mundial solo alcanza para 114 millones de personas, en lugar de 180 millones.<\/p>\n<p>Los pa\u00edses que ya son los m\u00e1s pobres del mundo ser\u00e1n los m\u00e1s afectados, entre ellos, Burundi, Mozambique y Liberia, donde la ayuda al desarrollo de los pa\u00edses donantes representaba en 2023 entre un 24 y un 14 por ciento del volumen de la econom\u00eda. Las consecuencias concretas: venta de animales de ganado y de herramientas de trabajo para sobrevivir, lo que reduce sus posibilidades de ganarse la vida a largo plazo. Un c\u00edrculo vicioso.<\/p>\n<p>Tanto Deutsche Welthungerhilfe como Terres des Hommes critican al Gobierno alem\u00e1n, que, en su contrato de coalici\u00f3n, considera los recortes \u00abadecuados\u201d. \u00abEsto es contrario a sus objetivos igualmente declarados de garantizar una financiaci\u00f3n adecuada a la ayuda humanitaria, especialmente si otros donantes se retiran\u00bb, replican las organizaciones de ayuda.<\/p>\n<p>La ministra alemana de Desarrollo, Reem Alabali Radovan (SPD), sin embargo, asegur\u00f3 que Alemania cumplir\u00e1 con su responsabilidad en el mundo, \u00aba pesar de los dolorosos recortes presupuestarios previstos en el sector del desarrollo seg\u00fan el acuerdo de coalici\u00f3n\u201d.<\/p>\n<p><em>Este art\u00edculo se public\u00f3 el 17 de junio de 2025 y ha sido ampliamente actualizado\u00a0tras la publicaci\u00f3n del proyecto de presupuesto del Gobierno alem\u00e1n para 2025.<\/em><\/p>\n<p>(cp\/el)<\/p>\n<\/div>\n\n","protected":false},"excerpt":{"rendered":"<p>Michael Herbst esper\u00f3 en vano un cambio de actitud en el nuevo Gobierno alem\u00e1n, formado por la uni\u00f3n conservadora CDU\/CSU, y el socialdem\u00f3crata SPD: \u00abNuevos recortes ser\u00edan absolutamente irresponsables\u00bb, advirti\u00f3 el presidente de la Asociaci\u00f3n Paraguas de Organizaciones de Cooperaci\u00f3n para el Desarrollo (VENRO) un d\u00eda antes de la publicaci\u00f3n del proyecto de presupuesto para &hellip;<\/p>\n","protected":false},"author":1,"featured_media":33397,"comment_status":"open","ping_status":"open","sticky":false,"template":"","format":"standard","meta":{"fifu_image_url":"https:\/\/static.dw.com\/image\/64505598_6.jpg","fifu_image_alt":"","footnotes":""},"categories":[13],"tags":[],"class_list":["post-33396","post","type-post","status-publish","format-standard","has-post-thumbnail","","category-mundo"],"_links":{"self":[{"href":"https:\/\/noticiasveraces.com\/index.php?rest_route=\/wp\/v2\/posts\/33396","targetHints":{"allow":["GET"]}}],"collection":[{"href":"https:\/\/noticiasveraces.com\/index.php?rest_route=\/wp\/v2\/posts"}],"about":[{"href":"https:\/\/noticiasveraces.com\/index.php?rest_route=\/wp\/v2\/types\/post"}],"author":[{"embeddable":true,"href":"https:\/\/noticiasveraces.com\/index.php?rest_route=\/wp\/v2\/users\/1"}],"replies":[{"embeddable":true,"href":"https:\/\/noticiasveraces.com\/index.php?rest_route=%2Fwp%2Fv2%2Fcomments&post=33396"}],"version-history":[{"count":0,"href":"https:\/\/noticiasveraces.com\/index.php?rest_route=\/wp\/v2\/posts\/33396\/revisions"}],"wp:featuredmedia":[{"embeddable":true,"href":"https:\/\/noticiasveraces.com\/index.php?rest_route=\/wp\/v2\/media\/33397"}],"wp:attachment":[{"href":"https:\/\/noticiasveraces.com\/index.php?rest_route=%2Fwp%2Fv2%2Fmedia&parent=33396"}],"wp:term":[{"taxonomy":"category","embeddable":true,"href":"https:\/\/noticiasveraces.com\/index.php?rest_route=%2Fwp%2Fv2%2Fcategories&post=33396"},{"taxonomy":"post_tag","embeddable":true,"href":"https:\/\/noticiasveraces.com\/index.php?rest_route=%2Fwp%2Fv2%2Ftags&post=33396"}],"curies":[{"name":"wp","href":"https:\/\/api.w.org\/{rel}","templated":true}]}}