{"id":33391,"date":"2025-06-26T18:14:21","date_gmt":"2025-06-26T22:14:21","guid":{"rendered":"https:\/\/noticiasveraces.com\/?p=33391"},"modified":"2025-06-26T18:14:21","modified_gmt":"2025-06-26T22:14:21","slug":"plazo-para-incremento-de-aranceles-podria-extenderse-dw-26-06-2025","status":"publish","type":"post","link":"https:\/\/noticiasveraces.com\/?p=33391","title":{"rendered":"plazo para incremento de aranceles podr\u00eda extenderse \u2013 DW \u2013 26\/06\/2025"},"content":{"rendered":"<p> \n<\/p>\n<div>\n<p>El gobierno del presidente estadounidense Donald Trump podr\u00eda extender la fecha l\u00edmite de julio, cuando deben entrar en vigor aranceles m\u00e1s altos a las importaciones de decenas de pa\u00edses, anunci\u00f3 este jueves (26.06.2025) la Casa Blanca.<\/p>\n<p>\u00abQuiz\u00e1s se pueda extender, pero esa es una decisi\u00f3n que le corresponde al presidente\u00bb, declar\u00f3 la portavoz Karoline Leavitt a periodistas cuando le preguntaron si est\u00e1 previsto prolongar la pausa en los aranceles m\u00e1s altos anunciada en abril. El plazo vence el 9 de julio.<\/p>\n<p>\u00abEl presidente puede sencillamente ofrecer a estos pa\u00edses un acuerdo si rechazan proponer uno antes de la fecha l\u00edmite\u00bb, a\u00f1adi\u00f3 Leavitt. Esto significa que Trump puede \u00abelegir una tasa arancelaria rec\u00edproca que considere ventajosa para Estados Unidos\u00bb, precis\u00f3.<\/p>\n<p>Por lo pronto, a\u00f1adi\u00f3 Leavitt, el representante comercial de Estados Unidos, Jamieson Greer, \u00abtrabaja muy duro\u00bb y ha mantenido \u00abbuenas y productivas conversaciones con muchos de nuestros principales socios comerciales\u00bb.<\/p>\n<p>CT (AFP, Efe)<\/p>\n<\/div>\n\n","protected":false},"excerpt":{"rendered":"<p>El gobierno del presidente estadounidense Donald Trump podr\u00eda extender la fecha l\u00edmite de julio, cuando deben entrar en vigor aranceles m\u00e1s altos a las importaciones de decenas de pa\u00edses, anunci\u00f3 este jueves (26.06.2025) la Casa Blanca. \u00abQuiz\u00e1s se pueda extender, pero esa es una decisi\u00f3n que le corresponde al presidente\u00bb, declar\u00f3 la portavoz Karoline Leavitt &hellip;<\/p>\n","protected":false},"author":1,"featured_media":33392,"comment_status":"open","ping_status":"open","sticky":false,"template":"","format":"standard","meta":{"fifu_image_url":"https:\/\/static.dw.com\/image\/72981154_6.jpg","fifu_image_alt":"","footnotes":""},"categories":[13],"tags":[],"class_list":["post-33391","post","type-post","status-publish","format-standard","has-post-thumbnail","","category-mundo"],"_links":{"self":[{"href":"https:\/\/noticiasveraces.com\/index.php?rest_route=\/wp\/v2\/posts\/33391","targetHints":{"allow":["GET"]}}],"collection":[{"href":"https:\/\/noticiasveraces.com\/index.php?rest_route=\/wp\/v2\/posts"}],"about":[{"href":"https:\/\/noticiasveraces.com\/index.php?rest_route=\/wp\/v2\/types\/post"}],"author":[{"embeddable":true,"href":"https:\/\/noticiasveraces.com\/index.php?rest_route=\/wp\/v2\/users\/1"}],"replies":[{"embeddable":true,"href":"https:\/\/noticiasveraces.com\/index.php?rest_route=%2Fwp%2Fv2%2Fcomments&post=33391"}],"version-history":[{"count":0,"href":"https:\/\/noticiasveraces.com\/index.php?rest_route=\/wp\/v2\/posts\/33391\/revisions"}],"wp:featuredmedia":[{"embeddable":true,"href":"https:\/\/noticiasveraces.com\/index.php?rest_route=\/wp\/v2\/media\/33392"}],"wp:attachment":[{"href":"https:\/\/noticiasveraces.com\/index.php?rest_route=%2Fwp%2Fv2%2Fmedia&parent=33391"}],"wp:term":[{"taxonomy":"category","embeddable":true,"href":"https:\/\/noticiasveraces.com\/index.php?rest_route=%2Fwp%2Fv2%2Fcategories&post=33391"},{"taxonomy":"post_tag","embeddable":true,"href":"https:\/\/noticiasveraces.com\/index.php?rest_route=%2Fwp%2Fv2%2Ftags&post=33391"}],"curies":[{"name":"wp","href":"https:\/\/api.w.org\/{rel}","templated":true}]}}