{"id":33348,"date":"2025-06-26T11:04:06","date_gmt":"2025-06-26T15:04:06","guid":{"rendered":"https:\/\/noticiasveraces.com\/?p=33348"},"modified":"2025-06-26T11:04:06","modified_gmt":"2025-06-26T15:04:06","slug":"el-campeon-de-wingsuit-liam-byrne-muere-despues-de-chocar-contra-el-afloramiento-rocoso-durante-el-salto-de-alpes-suizos","status":"publish","type":"post","link":"https:\/\/noticiasveraces.com\/?p=33348","title":{"rendered":"El campe\u00f3n de Wingsuit, Liam Byrne, muere despu\u00e9s de chocar contra el afloramiento rocoso durante el salto de Alpes suizos"},"content":{"rendered":"<p> \n<\/p>\n<div>\n<div id=\"beyondwords-wrapper\" class=\"beyondwords-wrapper\">\n<p><span class=\"label-bg\">NUEVO<\/span>\u00a1Ahora puedes escuchar art\u00edculos de Fox News!\n  <\/p>\n<\/div>\n<p class=\"speakable\">Un volante campe\u00f3n de traje de alas que apareci\u00f3 en un documental de la BBC llamado The Boy Who Can Fly ha muerto despu\u00e9s de que result\u00f3 gravemente herido en un salto durante el fin de semana. <\/p>\n<p class=\"speakable\">Liam Byrne, de 24 a\u00f1os, particip\u00f3 en un salto de alto riesgo a casi 8,000 pies sobre el nivel del mar en los Alpes suizos el s\u00e1bado cuando golpe\u00f3 la tragedia, seg\u00fan el Telegraph, citando a la polic\u00eda local. <\/p>\n<p>Byrne, de Escocia, llevaba un traje de alas, un mono especializado de manga web con membranas entre los brazos, el cuerpo y las piernas que permite que un buzo deslice el vuelo en el aire.<\/p>\n<div class=\"image-ct inline\">\n<div class=\"m\"><picture><source media=\"(max-width: 767px)\" srcset=\"https:\/\/a57.foxnews.com\/static.foxnews.com\/foxnews.com\/content\/uploads\/2025\/06\/343\/192\/liam-byrne-wingsuit-feature.jpg?ve=1&amp;tl=1, https:\/\/a57.foxnews.com\/static.foxnews.com\/foxnews.com\/content\/uploads\/2025\/06\/686\/384\/liam-byrne-wingsuit-feature.jpg?ve=1&amp;tl=1 2x\" height=\"192\" width=\"343\"><source media=\"(min-width: 768px) and (max-width: 1023px)\" srcset=\"https:\/\/a57.foxnews.com\/static.foxnews.com\/foxnews.com\/content\/uploads\/2025\/06\/672\/378\/liam-byrne-wingsuit-feature.jpg?ve=1&amp;tl=1, https:\/\/a57.foxnews.com\/static.foxnews.com\/foxnews.com\/content\/uploads\/2025\/06\/1344\/756\/liam-byrne-wingsuit-feature.jpg?ve=1&amp;tl=1 2x\" height=\"378\" width=\"672\"><source media=\"(min-width: 1024px) and (max-width: 1279px)\" srcset=\"https:\/\/a57.foxnews.com\/static.foxnews.com\/foxnews.com\/content\/uploads\/2025\/06\/931\/523\/liam-byrne-wingsuit-feature.jpg?ve=1&amp;tl=1, https:\/\/a57.foxnews.com\/static.foxnews.com\/foxnews.com\/content\/uploads\/2025\/06\/1862\/1046\/liam-byrne-wingsuit-feature.jpg?ve=1&amp;tl=1 2x\" height=\"523\" width=\"931\"><source media=\"(min-width: 1280px)\" srcset=\"https:\/\/a57.foxnews.com\/static.foxnews.com\/foxnews.com\/content\/uploads\/2025\/06\/720\/405\/liam-byrne-wingsuit-feature.jpg?ve=1&amp;tl=1, https:\/\/a57.foxnews.com\/static.foxnews.com\/foxnews.com\/content\/uploads\/2025\/06\/1440\/810\/liam-byrne-wingsuit-feature.jpg?ve=1&amp;tl=1 2x\" height=\"405\" width=\"720\"><img loading=\"lazy\" decoding=\"async\" src=\"https:\/\/a57.foxnews.com\/static.foxnews.com\/foxnews.com\/content\/uploads\/2025\/06\/1200\/675\/liam-byrne-wingsuit-feature.jpg?ve=1&amp;tl=1\" alt=\"Diver de traje de alas Liam Byrne en acci\u00f3n y sonriendo en un collage\" width=\"1200\" height=\"675\"\/><\/source><\/source><\/source><\/source><\/picture><\/div>\n<div class=\"info\">\n<div class=\"caption\">\n<p><span>Diver de traje de alas Liam Byrne en acci\u00f3n y sonriendo en un collage. Muri\u00f3 el s\u00e1bado.<\/span> <span>(Instagram @liambyrne0)<\/span><\/p>\n<\/div>\n<\/div>\n<\/div>\n<p><strong>El paracaidismo de Colorado cae en su muerte en un extra\u00f1o accidente<\/strong><\/p>\n<p>Fue uno de los tres pilotos de traje de alas que lanzaron un salto desde Gitschen, una monta\u00f1a con vista al lago Lucerna en Suiza.<\/p>\n<p>Sin embargo, Byrne \u00abse desvi\u00f3 de su curso previsto poco despu\u00e9s del despegue por razones a\u00fan desconocidas y se estrell\u00f3 contra un afloramiento rocoso\u00bb, dijo la polic\u00eda. \u00abSufri\u00f3 heridas fatales\u00bb.<\/p>\n<p>Byrne, una campeona brit\u00e1nica en el deporte alimentado por adrenalina, fue un volante experimentado con m\u00e1s de 4,000 saltos a su nombre, seg\u00fan The Outlet. Su cuenta de Instagram tambi\u00e9n lo enumera como instructor de paracaidismo, entrenador de traje de alas y base (edificio, antena, tramo y tierra).<\/p>\n<p>En el documental producido por la BBC, los cineastas siguen el viaje de Byrne a Champion Flyer.<\/p>\n<p>Byrne le dijo al documental: \u00abCreo que ten\u00eda unos 13 a\u00f1os cuando le dije a mi pap\u00e1 que quer\u00eda aprender a volar como un p\u00e1jaro\u00bb.<\/p>\n<div class=\"image-ct inline\">\n<div class=\"m\"><picture><source media=\"(max-width: 767px)\" srcset=\"https:\/\/a57.foxnews.com\/static.foxnews.com\/foxnews.com\/content\/uploads\/2025\/06\/343\/192\/wingsuit-liam-byrne.jpg?ve=1&amp;tl=1, https:\/\/a57.foxnews.com\/static.foxnews.com\/foxnews.com\/content\/uploads\/2025\/06\/686\/384\/wingsuit-liam-byrne.jpg?ve=1&amp;tl=1 2x\" height=\"192\" width=\"343\"><source media=\"(min-width: 768px) and (max-width: 1023px)\" srcset=\"https:\/\/a57.foxnews.com\/static.foxnews.com\/foxnews.com\/content\/uploads\/2025\/06\/672\/378\/wingsuit-liam-byrne.jpg?ve=1&amp;tl=1, https:\/\/a57.foxnews.com\/static.foxnews.com\/foxnews.com\/content\/uploads\/2025\/06\/1344\/756\/wingsuit-liam-byrne.jpg?ve=1&amp;tl=1 2x\" height=\"378\" width=\"672\"><source media=\"(min-width: 1024px) and (max-width: 1279px)\" srcset=\"https:\/\/a57.foxnews.com\/static.foxnews.com\/foxnews.com\/content\/uploads\/2025\/06\/931\/523\/wingsuit-liam-byrne.jpg?ve=1&amp;tl=1, https:\/\/a57.foxnews.com\/static.foxnews.com\/foxnews.com\/content\/uploads\/2025\/06\/1862\/1046\/wingsuit-liam-byrne.jpg?ve=1&amp;tl=1 2x\" height=\"523\" width=\"931\"><source media=\"(min-width: 1280px)\" srcset=\"https:\/\/a57.foxnews.com\/static.foxnews.com\/foxnews.com\/content\/uploads\/2025\/06\/720\/405\/wingsuit-liam-byrne.jpg?ve=1&amp;tl=1, https:\/\/a57.foxnews.com\/static.foxnews.com\/foxnews.com\/content\/uploads\/2025\/06\/1440\/810\/wingsuit-liam-byrne.jpg?ve=1&amp;tl=1 2x\" height=\"405\" width=\"720\"><img loading=\"lazy\" decoding=\"async\" src=\"https:\/\/a57.foxnews.com\/static.foxnews.com\/foxnews.com\/content\/uploads\/2025\/06\/1200\/675\/wingsuit-liam-byrne.jpg?ve=1&amp;tl=1\" alt=\"Jumper del traje de alas Liam Byrne y otro hombre en un traje de alas.\" width=\"1200\" height=\"675\"\/><\/source><\/source><\/source><\/source><\/picture><\/div>\n<div class=\"info\">\n<div class=\"caption\">\n<p><span>Byrne se prepar\u00f3 para saltar, a la izquierda, un hombre con traje de alas en la monta\u00f1a Tianmen en Zhangjiajie, la provincia de Hunan de China, que muestra su traje completo.<\/span> <span>(Instagram @Liambyrne0; Wang Zhao\/AFP a trav\u00e9s de Getty Images).<\/span><\/p>\n<\/div>\n<\/div>\n<\/div>\n<p><strong>Piloto franc\u00e9s del avi\u00f3n que decapit\u00f3 el paracaidista declarado culpable de homicidio involuntario<\/strong><\/p>\n<p>Dijo que un trabajo de oficina lo asust\u00f3 mucho m\u00e1s que el miedo a morir de una base o salto de traje de alas. Insisti\u00f3 en que una buena preparaci\u00f3n estaba en el coraz\u00f3n de todos sus saltos y lo mantuvo a salvo y reconoci\u00f3 que el deporte de alto riesgo preocupaba a su familia.<\/p>\n<p>Byrne subi\u00f3 al Monte Kilimanjaro a los 12 a\u00f1os, se convirti\u00f3 en un paraglider con licencia a los 14 a\u00f1os, complet\u00f3 su primer paracaidismo a los 16 a\u00f1os y volaba en un traje de alas a los 18 a\u00f1os, seg\u00fan la BBC.<\/p>\n<p>La familia de Byrne emiti\u00f3 una declaraci\u00f3n alab\u00e1ndolo y diciendo que el deporte era \u00abm\u00e1s que una emoci\u00f3n por Liam, era libertad. Fue donde se sent\u00eda m\u00e1s vivo\u00bb.<\/p>\n<p>\u00abNos gustar\u00eda recordar a Liam no solo por la forma en que dej\u00f3 este mundo, sino por c\u00f3mo vivi\u00f3 en \u00e9l\u00bb, se lee en parte la declaraci\u00f3n.<\/p>\n<div class=\"image-ct inline\">\n<div class=\"m\"><picture><source media=\"(max-width: 767px)\" srcset=\"https:\/\/a57.foxnews.com\/static.foxnews.com\/foxnews.com\/content\/uploads\/2025\/06\/343\/192\/byrne-shot.jpg?ve=1&amp;tl=1, https:\/\/a57.foxnews.com\/static.foxnews.com\/foxnews.com\/content\/uploads\/2025\/06\/686\/384\/byrne-shot.jpg?ve=1&amp;tl=1 2x\" height=\"192\" width=\"343\"><source media=\"(min-width: 768px) and (max-width: 1023px)\" srcset=\"https:\/\/a57.foxnews.com\/static.foxnews.com\/foxnews.com\/content\/uploads\/2025\/06\/672\/378\/byrne-shot.jpg?ve=1&amp;tl=1, https:\/\/a57.foxnews.com\/static.foxnews.com\/foxnews.com\/content\/uploads\/2025\/06\/1344\/756\/byrne-shot.jpg?ve=1&amp;tl=1 2x\" height=\"378\" width=\"672\"><source media=\"(min-width: 1024px) and (max-width: 1279px)\" srcset=\"https:\/\/a57.foxnews.com\/static.foxnews.com\/foxnews.com\/content\/uploads\/2025\/06\/931\/523\/byrne-shot.jpg?ve=1&amp;tl=1, https:\/\/a57.foxnews.com\/static.foxnews.com\/foxnews.com\/content\/uploads\/2025\/06\/1862\/1046\/byrne-shot.jpg?ve=1&amp;tl=1 2x\" height=\"523\" width=\"931\"><source media=\"(min-width: 1280px)\" srcset=\"https:\/\/a57.foxnews.com\/static.foxnews.com\/foxnews.com\/content\/uploads\/2025\/06\/720\/405\/byrne-shot.jpg?ve=1&amp;tl=1, https:\/\/a57.foxnews.com\/static.foxnews.com\/foxnews.com\/content\/uploads\/2025\/06\/1440\/810\/byrne-shot.jpg?ve=1&amp;tl=1 2x\" height=\"405\" width=\"720\"><img loading=\"lazy\" decoding=\"async\" src=\"https:\/\/a57.foxnews.com\/static.foxnews.com\/foxnews.com\/content\/uploads\/2025\/06\/1200\/675\/byrne-shot.jpg?ve=1&amp;tl=1\" alt=\"Liam Byrne en un salto de traje de alas\" width=\"1200\" height=\"675\"\/><\/source><\/source><\/source><\/source><\/picture><\/div>\n<div class=\"info\">\n<div class=\"caption\">\n<p><span>Liam Byrne en el \u00faltimo salto de traje de alas que public\u00f3 en Instagram.<\/span> <span>(Instagram @liambyrne0)<\/span><\/p>\n<\/div>\n<\/div>\n<\/div>\n<p><strong>Haga clic aqu\u00ed para obtener la aplicaci\u00f3n Fox News<\/strong><\/p>\n<p>\u00abLiam no ten\u00eda miedo, no necesariamente porque no ten\u00eda miedo, sino porque se neg\u00f3 a dejar que el miedo lo detuviera. Persigui\u00f3 la vida de una manera que la mayor\u00eda de nosotros solo so\u00f1amos y se dispar\u00f3\u00bb.<\/p>\n<p>La declaraci\u00f3n continu\u00f3: \u00abNos inspir\u00f3 a todos y mejor\u00f3 la vida con su audaz esp\u00edritu y su coraz\u00f3n amable. Extra\u00f1aremos la energ\u00eda salvaje de Liam y la risa contagiosa. Aunque ahora ha volado m\u00e1s all\u00e1 de nuestro alcance, siempre estar\u00e1 con nosotros\u00bb.<\/p>\n<p>Ha habido una serie de muertes relacionadas con el traje de alas en los Estados Unidos, incluido un incidente de enero de 2024 en el que Gregory Coates, de 36 a\u00f1os, muri\u00f3 en Colorado despu\u00e9s de que sus paraca\u00eddas primarios y de reserva no se desplegaron.<\/p>\n<p>En septiembre, Jonathan Bizilia, de 27 a\u00f1os, de Alabama muri\u00f3 en un salto en Utah.<\/p>\n<p> <!----> <\/p>\n<div class=\"article-meta\">\n<div class=\"author-bio\">\n<p>Michael Dorgan es escritor de Fox News Digital y Fox Business.<\/p>\n<p>Puede enviar consejos a Michael.dorgan@fox.com y seguirlo en Twitter @M_Dorgan.<\/p>\n<\/div>\n<\/div>\n<\/div>\n\n","protected":false},"excerpt":{"rendered":"<p>NUEVO\u00a1Ahora puedes escuchar art\u00edculos de Fox News! Un volante campe\u00f3n de traje de alas que apareci\u00f3 en un documental de la BBC llamado The Boy Who Can Fly ha muerto despu\u00e9s de que result\u00f3 gravemente herido en un salto durante el fin de semana. Liam Byrne, de 24 a\u00f1os, particip\u00f3 en un salto de alto &hellip;<\/p>\n","protected":false},"author":1,"featured_media":33350,"comment_status":"open","ping_status":"open","sticky":false,"template":"","format":"standard","meta":{"fifu_image_url":"https:\/\/static.foxnews.com\/foxnews.com\/content\/uploads\/2025\/06\/liam-byrne-wingsuit-feature.jpg","fifu_image_alt":"","footnotes":""},"categories":[13],"tags":[],"class_list":["post-33348","post","type-post","status-publish","format-standard","has-post-thumbnail","","category-mundo"],"_links":{"self":[{"href":"https:\/\/noticiasveraces.com\/index.php?rest_route=\/wp\/v2\/posts\/33348","targetHints":{"allow":["GET"]}}],"collection":[{"href":"https:\/\/noticiasveraces.com\/index.php?rest_route=\/wp\/v2\/posts"}],"about":[{"href":"https:\/\/noticiasveraces.com\/index.php?rest_route=\/wp\/v2\/types\/post"}],"author":[{"embeddable":true,"href":"https:\/\/noticiasveraces.com\/index.php?rest_route=\/wp\/v2\/users\/1"}],"replies":[{"embeddable":true,"href":"https:\/\/noticiasveraces.com\/index.php?rest_route=%2Fwp%2Fv2%2Fcomments&post=33348"}],"version-history":[{"count":0,"href":"https:\/\/noticiasveraces.com\/index.php?rest_route=\/wp\/v2\/posts\/33348\/revisions"}],"wp:featuredmedia":[{"embeddable":true,"href":"https:\/\/noticiasveraces.com\/index.php?rest_route=\/wp\/v2\/media\/33350"}],"wp:attachment":[{"href":"https:\/\/noticiasveraces.com\/index.php?rest_route=%2Fwp%2Fv2%2Fmedia&parent=33348"}],"wp:term":[{"taxonomy":"category","embeddable":true,"href":"https:\/\/noticiasveraces.com\/index.php?rest_route=%2Fwp%2Fv2%2Fcategories&post=33348"},{"taxonomy":"post_tag","embeddable":true,"href":"https:\/\/noticiasveraces.com\/index.php?rest_route=%2Fwp%2Fv2%2Ftags&post=33348"}],"curies":[{"name":"wp","href":"https:\/\/api.w.org\/{rel}","templated":true}]}}