{"id":33333,"date":"2025-06-26T09:00:14","date_gmt":"2025-06-26T13:00:14","guid":{"rendered":"https:\/\/noticiasveraces.com\/?p=33333"},"modified":"2025-06-26T09:00:14","modified_gmt":"2025-06-26T13:00:14","slug":"cientos-arrestados-las-ejecuciones-informadas-en-iran-represiones-despues-del-alto-el-fuego-con-israel","status":"publish","type":"post","link":"https:\/\/noticiasveraces.com\/?p=33333","title":{"rendered":"Cientos arrestados, las ejecuciones informadas en Ir\u00e1n represiones despu\u00e9s del alto el fuego con Israel"},"content":{"rendered":"<p> \n<\/p>\n<div>\n<div id=\"beyondwords-wrapper\" class=\"beyondwords-wrapper\">\n<p><span class=\"label-bg\">NUEVO<\/span>\u00a1Ahora puedes escuchar art\u00edculos de Fox News!\n  <\/p>\n<\/div>\n<p class=\"speakable\">Los iran\u00edes est\u00e1n experimentando agitaci\u00f3n interna a medida que las autoridades intensifican una represi\u00f3n de seguridad nacional despu\u00e9s de la guerra de 12 d\u00edas en la que tres sitios nucleares principales fueron destruidos efectivamente. Ha habido informes de arrestos masivos y ejecuciones en el pa\u00eds.<\/p>\n<p class=\"speakable\">Las autoridades en Ir\u00e1n comenzaron la represi\u00f3n despu\u00e9s de los ataques a\u00e9reos del 13 de junio de Israel. Comenz\u00f3 con arrestos generalizados y una presencia de la calle intensificada, seg\u00fan Reuters, que cit\u00f3 activistas y funcionarios.<\/p>\n<p>Las duras medidas han amortiguado las esperanzas, entre algunas tanto en Israel como en los disidentes iran\u00edes, que el pa\u00eds podr\u00eda ver un cambio de levantamiento y r\u00e9gimen. Sin embargo, todav\u00eda no han tenido manifestaciones significativas, inform\u00f3 Reuters. La salida tambi\u00e9n se\u00f1al\u00f3 que algunos en el terreno expresaron su frustraci\u00f3n con las pol\u00edticas de la Rep\u00fablica Isl\u00e1mica, que creen que condujo a la guerra contra los Estados Unidos e Israel.<\/p>\n<div class=\"image-ct inline\">\n<div class=\"m\"><picture><source media=\"(max-width: 767px)\" srcset=\"https:\/\/a57.foxnews.com\/static.foxnews.com\/foxnews.com\/content\/uploads\/2025\/06\/343\/192\/iran-police.jpg?ve=1&amp;tl=1, https:\/\/a57.foxnews.com\/static.foxnews.com\/foxnews.com\/content\/uploads\/2025\/06\/686\/384\/iran-police.jpg?ve=1&amp;tl=1 2x\" height=\"192\" width=\"343\"><source media=\"(min-width: 768px) and (max-width: 1023px)\" srcset=\"https:\/\/a57.foxnews.com\/static.foxnews.com\/foxnews.com\/content\/uploads\/2025\/06\/672\/378\/iran-police.jpg?ve=1&amp;tl=1, https:\/\/a57.foxnews.com\/static.foxnews.com\/foxnews.com\/content\/uploads\/2025\/06\/1344\/756\/iran-police.jpg?ve=1&amp;tl=1 2x\" height=\"378\" width=\"672\"><source media=\"(min-width: 1024px) and (max-width: 1279px)\" srcset=\"https:\/\/a57.foxnews.com\/static.foxnews.com\/foxnews.com\/content\/uploads\/2025\/06\/931\/523\/iran-police.jpg?ve=1&amp;tl=1, https:\/\/a57.foxnews.com\/static.foxnews.com\/foxnews.com\/content\/uploads\/2025\/06\/1862\/1046\/iran-police.jpg?ve=1&amp;tl=1 2x\" height=\"523\" width=\"931\"><source media=\"(min-width: 1280px)\" srcset=\"https:\/\/a57.foxnews.com\/static.foxnews.com\/foxnews.com\/content\/uploads\/2025\/06\/720\/405\/iran-police.jpg?ve=1&amp;tl=1, https:\/\/a57.foxnews.com\/static.foxnews.com\/foxnews.com\/content\/uploads\/2025\/06\/1440\/810\/iran-police.jpg?ve=1&amp;tl=1 2x\" height=\"405\" width=\"720\"><img loading=\"lazy\" decoding=\"async\" src=\"https:\/\/a57.foxnews.com\/static.foxnews.com\/foxnews.com\/content\/uploads\/2025\/06\/1200\/675\/iran-police.jpg?ve=1&amp;tl=1\" alt=\"Polic\u00eda iran\u00ed en la escena mientras la gente celebra el alto el fuego\" width=\"1200\" height=\"675\"\/><\/source><\/source><\/source><\/source><\/picture><\/div>\n<div class=\"info\">\n<div class=\"caption\">\n<p><span>Las unidades de polic\u00eda especial de NOpo armadas est\u00e1n en la escena, ya que los iran\u00edes salen a las calles en la plaza del centro de Enghelab (Revolution) en Teher\u00e1n, Ir\u00e1n, el 24 de junio de 2025, para celebrar el alto el fuego despu\u00e9s de una guerra de 12 d\u00edas con Israel.<\/span> <span>(Im\u00e1genes negares\/Medio Oriente\/AFP a trav\u00e9s de Getty Images)<\/span><\/p>\n<\/div>\n<\/div>\n<\/div>\n<p><strong>El informe filtrado de Ir\u00e1n se basa solo en un d\u00eda de informes de inteligencia, dice Source<\/strong><\/p>\n<p>\u00abEl r\u00e9gimen convence e impone la pena de muerte basada en los cargos superados para difundir el terror entre los iran\u00edes. Mientras tanto, la operaci\u00f3n de Israel en ascenso le\u00f3n ha ayudado al p\u00fablico a darse cuenta de que el r\u00e9gimen iran\u00ed es un tigre de papel que es m\u00e1s d\u00e9bil que nunca\u00bb, la base de la defensa de las democracias (FDD) Ir\u00e1n y la econom\u00eda financiera y la econom\u00eda financiera Saeed Ghasseminejad en una declaraci\u00f3n.<\/p>\n<p>La Agencia de Noticias de Activistas de Derechos Humanos (HRANA) dijo el lunes que 705 personas hab\u00edan sido arrestadas en Ir\u00e1n por \u00abcargos pol\u00edticos o relacionados con la seguridad\u00bb. <\/p>\n<p>Este informe se hizo eco de la agencia de noticias Fars de la Rep\u00fablica Isl\u00e1mica, que dijo que 700 fueron detenidos por presuntamente trabajar con Israel.<\/p>\n<div class=\"image-ct inline\">\n<div class=\"m\"><picture><source media=\"(max-width: 767px)\" srcset=\"https:\/\/a57.foxnews.com\/static.foxnews.com\/foxnews.com\/content\/uploads\/2025\/06\/343\/192\/police-tehran-iran.jpg?ve=1&amp;tl=1, https:\/\/a57.foxnews.com\/static.foxnews.com\/foxnews.com\/content\/uploads\/2025\/06\/686\/384\/police-tehran-iran.jpg?ve=1&amp;tl=1 2x\" height=\"192\" width=\"343\"><source media=\"(min-width: 768px) and (max-width: 1023px)\" srcset=\"https:\/\/a57.foxnews.com\/static.foxnews.com\/foxnews.com\/content\/uploads\/2025\/06\/672\/378\/police-tehran-iran.jpg?ve=1&amp;tl=1, https:\/\/a57.foxnews.com\/static.foxnews.com\/foxnews.com\/content\/uploads\/2025\/06\/1344\/756\/police-tehran-iran.jpg?ve=1&amp;tl=1 2x\" height=\"378\" width=\"672\"><source media=\"(min-width: 1024px) and (max-width: 1279px)\" srcset=\"https:\/\/a57.foxnews.com\/static.foxnews.com\/foxnews.com\/content\/uploads\/2025\/06\/931\/523\/police-tehran-iran.jpg?ve=1&amp;tl=1, https:\/\/a57.foxnews.com\/static.foxnews.com\/foxnews.com\/content\/uploads\/2025\/06\/1862\/1046\/police-tehran-iran.jpg?ve=1&amp;tl=1 2x\" height=\"523\" width=\"931\"><source media=\"(min-width: 1280px)\" srcset=\"https:\/\/a57.foxnews.com\/static.foxnews.com\/foxnews.com\/content\/uploads\/2025\/06\/720\/405\/police-tehran-iran.jpg?ve=1&amp;tl=1, https:\/\/a57.foxnews.com\/static.foxnews.com\/foxnews.com\/content\/uploads\/2025\/06\/1440\/810\/police-tehran-iran.jpg?ve=1&amp;tl=1 2x\" height=\"405\" width=\"720\"><img loading=\"lazy\" decoding=\"async\" src=\"https:\/\/a57.foxnews.com\/static.foxnews.com\/foxnews.com\/content\/uploads\/2025\/06\/1200\/675\/police-tehran-iran.jpg?ve=1&amp;tl=1\" alt=\"Oficial de polic\u00eda en Teher\u00e1n\" width=\"1200\" height=\"675\"\/><\/source><\/source><\/source><\/source><\/picture><\/div>\n<div class=\"info\">\n<div class=\"caption\">\n<p><span>Un oficial de polic\u00eda est\u00e1 en guardia cuando los manifestantes saludan las banderas y animan durante una reuni\u00f3n para honrar a las fuerzas militares de Ir\u00e1n, luego del anuncio de un alto el fuego entre Israel e Ir\u00e1n, el 24 de junio de 2025, en Teher\u00e1n, Ir\u00e1n.<\/span> <span>(Majid Saeedi\/Getty Images)<\/span><\/p>\n<\/div>\n<\/div>\n<\/div>\n<p><strong>El ataque a\u00e9reo estadounidense en las instalaciones nucleares sigue a\u00f1os de las parcelas iran\u00edes en el suelo estadounidense<\/strong><\/p>\n<p>Adem\u00e1s de los arrestos, hay informes de que tres personas en Ir\u00e1n acusadas de ser esp\u00edas del Mossad fueron ejecutados, inform\u00f3 NBC News, citando a Tasnim, que est\u00e1 afiliado al Cuerpo de la Guardia Revolucionaria Isl\u00e1mica (IRGC). La salida tambi\u00e9n se\u00f1al\u00f3 que los tres fueron acusados \u200b\u200bde traer \u00abequipos de asesinato\u00bb disfrazados de bebidas alcoh\u00f3licas al pa\u00eds. Seg\u00fan NBC News, citando a Tasnim, el \u00abequipo\u00bb supuestamente se us\u00f3 en el asesinato de una figura p\u00fablica.<\/p>\n<div class=\"image-ct inline\">\n<div class=\"m\"><picture><source media=\"(max-width: 767px)\" srcset=\"https:\/\/a57.foxnews.com\/static.foxnews.com\/foxnews.com\/content\/uploads\/2025\/06\/343\/192\/gettyimages-2212801006-scaled.jpg?ve=1&amp;tl=1, https:\/\/a57.foxnews.com\/static.foxnews.com\/foxnews.com\/content\/uploads\/2025\/06\/686\/384\/gettyimages-2212801006-scaled.jpg?ve=1&amp;tl=1 2x\" height=\"192\" width=\"343\"><source media=\"(min-width: 768px) and (max-width: 1023px)\" srcset=\"https:\/\/a57.foxnews.com\/static.foxnews.com\/foxnews.com\/content\/uploads\/2025\/06\/672\/378\/gettyimages-2212801006-scaled.jpg?ve=1&amp;tl=1, https:\/\/a57.foxnews.com\/static.foxnews.com\/foxnews.com\/content\/uploads\/2025\/06\/1344\/756\/gettyimages-2212801006-scaled.jpg?ve=1&amp;tl=1 2x\" height=\"378\" width=\"672\"><source media=\"(min-width: 1024px) and (max-width: 1279px)\" srcset=\"https:\/\/a57.foxnews.com\/static.foxnews.com\/foxnews.com\/content\/uploads\/2025\/06\/931\/523\/gettyimages-2212801006-scaled.jpg?ve=1&amp;tl=1, https:\/\/a57.foxnews.com\/static.foxnews.com\/foxnews.com\/content\/uploads\/2025\/06\/1862\/1046\/gettyimages-2212801006-scaled.jpg?ve=1&amp;tl=1 2x\" height=\"523\" width=\"931\"><source media=\"(min-width: 1280px)\" srcset=\"https:\/\/a57.foxnews.com\/static.foxnews.com\/foxnews.com\/content\/uploads\/2025\/06\/720\/405\/gettyimages-2212801006-scaled.jpg?ve=1&amp;tl=1, https:\/\/a57.foxnews.com\/static.foxnews.com\/foxnews.com\/content\/uploads\/2025\/06\/1440\/810\/gettyimages-2212801006-scaled.jpg?ve=1&amp;tl=1 2x\" height=\"405\" width=\"720\"><img loading=\"lazy\" decoding=\"async\" src=\"https:\/\/a57.foxnews.com\/static.foxnews.com\/foxnews.com\/content\/uploads\/2025\/06\/1200\/675\/gettyimages-2212801006-scaled.jpg?ve=1&amp;tl=1\" alt=\"Retrato de l\u00edderes alineados en Ir\u00e1n vistos en Teher\u00e1n\" width=\"1200\" height=\"675\"\/><\/source><\/source><\/source><\/source><\/picture><\/div>\n<div class=\"info\">\n<div class=\"caption\">\n<p><span>La gente pasa m\u00e1s all\u00e1 de una gran pancarta con retratos de l\u00edderes asesinados de grupos armados alineados con Ir\u00e1n, incluido el l\u00edder de Hamas, Yahya Sinwar, el l\u00edder de Hezbol\u00e1, Hassan Nasrallah, y el comandante iran\u00ed Qasem Soleimani, en el centro de Teher\u00e1n, Ir\u00e1n, el 1 de mayo de 2025. <\/span> <span>(Mohammadali Najib\/Medio Oriente\/AFP a trav\u00e9s de Getty Images)<\/span><\/p>\n<\/div>\n<\/div>\n<\/div>\n<p><strong><u>Haga clic aqu\u00ed para obtener la aplicaci\u00f3n Fox News<\/u><\/strong><\/p>\n<p>Los derechos humanos sin fines de lucro (IHR) advirtieron que al menos otros seis en el corredor de la muerte por presuntamente espiar por Israel est\u00e1n en riesgo de ejecuci\u00f3n. La organizaci\u00f3n tambi\u00e9n dijo que al menos nueve personas han sido ejecutadas este a\u00f1o con cargos similares.<\/p>\n<p> <!----> <\/p>\n<div class=\"article-meta\">\n<div class=\"author-bio\">\n<p>Rachel Wolf es una escritora de noticias de Fox News Digital y Fox Business.<\/p>\n<\/div>\n<\/div>\n<\/div>\n\n","protected":false},"excerpt":{"rendered":"<p>NUEVO\u00a1Ahora puedes escuchar art\u00edculos de Fox News! Los iran\u00edes est\u00e1n experimentando agitaci\u00f3n interna a medida que las autoridades intensifican una represi\u00f3n de seguridad nacional despu\u00e9s de la guerra de 12 d\u00edas en la que tres sitios nucleares principales fueron destruidos efectivamente. Ha habido informes de arrestos masivos y ejecuciones en el pa\u00eds. Las autoridades en &hellip;<\/p>\n","protected":false},"author":1,"featured_media":33335,"comment_status":"open","ping_status":"open","sticky":false,"template":"","format":"standard","meta":{"fifu_image_url":"https:\/\/static.foxnews.com\/foxnews.com\/content\/uploads\/2025\/06\/iran-police.jpg","fifu_image_alt":"","footnotes":""},"categories":[13],"tags":[],"class_list":["post-33333","post","type-post","status-publish","format-standard","has-post-thumbnail","","category-mundo"],"_links":{"self":[{"href":"https:\/\/noticiasveraces.com\/index.php?rest_route=\/wp\/v2\/posts\/33333","targetHints":{"allow":["GET"]}}],"collection":[{"href":"https:\/\/noticiasveraces.com\/index.php?rest_route=\/wp\/v2\/posts"}],"about":[{"href":"https:\/\/noticiasveraces.com\/index.php?rest_route=\/wp\/v2\/types\/post"}],"author":[{"embeddable":true,"href":"https:\/\/noticiasveraces.com\/index.php?rest_route=\/wp\/v2\/users\/1"}],"replies":[{"embeddable":true,"href":"https:\/\/noticiasveraces.com\/index.php?rest_route=%2Fwp%2Fv2%2Fcomments&post=33333"}],"version-history":[{"count":0,"href":"https:\/\/noticiasveraces.com\/index.php?rest_route=\/wp\/v2\/posts\/33333\/revisions"}],"wp:featuredmedia":[{"embeddable":true,"href":"https:\/\/noticiasveraces.com\/index.php?rest_route=\/wp\/v2\/media\/33335"}],"wp:attachment":[{"href":"https:\/\/noticiasveraces.com\/index.php?rest_route=%2Fwp%2Fv2%2Fmedia&parent=33333"}],"wp:term":[{"taxonomy":"category","embeddable":true,"href":"https:\/\/noticiasveraces.com\/index.php?rest_route=%2Fwp%2Fv2%2Fcategories&post=33333"},{"taxonomy":"post_tag","embeddable":true,"href":"https:\/\/noticiasveraces.com\/index.php?rest_route=%2Fwp%2Fv2%2Ftags&post=33333"}],"curies":[{"name":"wp","href":"https:\/\/api.w.org\/{rel}","templated":true}]}}