{"id":33329,"date":"2025-06-26T07:58:04","date_gmt":"2025-06-26T11:58:04","guid":{"rendered":"https:\/\/noticiasveraces.com\/?p=33329"},"modified":"2025-06-26T07:58:04","modified_gmt":"2025-06-26T11:58:04","slug":"la-euro2025-femenina-tendra-fuera-de-juego-semiautomatico-dw-26-06-2025","status":"publish","type":"post","link":"https:\/\/noticiasveraces.com\/?p=33329","title":{"rendered":"La Euro2025 femenina tendr\u00e1 fuera de juego semiautom\u00e1tico \u2013 DW \u2013 26\/06\/2025"},"content":{"rendered":"<p> \n<\/p>\n<div>\n<p>La Eurocopa femenina de 2025, que se disputar\u00e1 entre el 2 y el 27 de julio en Suiza, incorporar\u00e1 por primera vez el fuera de juego semiautom\u00e1tico (SAOT), una tecnolog\u00eda dise\u00f1ada para asistir al VAR mediante la detecci\u00f3n precisa de posiciones adelantadas y ya presente desde 2022 en competiciones masculinas, como la Liga de Campeones.<\/p>\n<p>Seg\u00fan anunci\u00f3 esta semana la UEFA en un comunicado<svg xmlns=\"http:\/\/www.w3.org\/2000\/svg\" width=\"20\" height=\"20\" viewbox=\"0 0 20 20\"><path d=\"M11.5 3.5 11.5 4.233C14.342 4.233 15.167 4.245 15.167 4.258L8.984 10.467 10.033 11.516C14.826 6.725 16.228 5.333 16.242 5.333L16.267 9 17.733 9 17.733 2.767 11.5 2.767 11.5 3.5M2.267 11 2.267 17.233 16.733 17.233 16.733 12 15.267 12 15.25 15.75 9.5 15.75 3.75 15.75 3.75 6.25 9.5 6.233 9.5 4.767 2.267 4.767 2.267 11 \"\/><\/svg>Suiza ser\u00e1 testigo de este hito tecnol\u00f3gico que \u00abpermite a los equipos de VAR determinar situaciones de fuera de juego de forma r\u00e1pida y m\u00e1s precisa gracias a diez c\u00e1maras especializadas instaladas en el estadio y que rastrean 29 puntos corporales diferentes por jugadora\u00bb, precis\u00f3 la organizaci\u00f3n.<\/p>\n<p>El uso de esta tecnolog\u00eda, que ya se implement\u00f3 en competiciones masculinas como la Liga de Campeones 2022 y LaLiga EA Sports 2024-2025, ser\u00e1 una novedad en el f\u00fatbol femenino europeo, junto a la tecnolog\u00eda de bal\u00f3n conectado, usada en la Eurocopa masculina 2024 y en el Mundial de Qatar 2022.<\/p>\n<p>El bal\u00f3n, denominado &#8216;Konektis&#8217;, incorpora un sensor en su interior que permite captar y enviar informaci\u00f3n sobre el movimiento y contacto del esf\u00e9rico, que podr\u00e1 ser utilizada por el equipo arbitral y el sistema de videoarbitraje (VAR), gracias a su forma de combinar \u00ablos datos de posici\u00f3n de los jugadores con la Inteligencia Artificial (IA)\u00bb, explic\u00f3 el organismo.<\/p>\n<p>Por su parte, el \u00c1rbitro Asistente de V\u00eddeo (VAR) figurar\u00e1 en la competici\u00f3n continental por segunda edici\u00f3n consecutiva, tras su estreno en Inglaterra 2022.<\/p>\n<figure class=\"placeholder-image master_landscape big\"><img data-format=\"MASTER_LANDSCAPE\" data-id=\"73048856\" data-url=\"https:\/\/static.dw.com\/image\/73048856_${formatId}.jpg\" data-aspect-ratio=\"16\/9\" alt=\"Partido amistoso entre la selecci\u00f3n femenina de f\u00fatbol de Alemania y Suiza.\" style=\"padding-bottom: 56.25%; height: 0; max-height: 0;\"\/><figcaption class=\"img-caption\">El equipo de VAR ser\u00e1 el gran responsable de comprobar los errores claros y manifiestos relacionados con goles, incidentes en el \u00e1rea del penalti, tarjetas rojas o confusi\u00f3n de identidad.<small class=\"copyright\">Imagen: Michael Buholzer\/Keystone\/Picture Alliance<\/small><\/figcaption><\/figure>\n<h2>\u00bfC\u00f3mo funcionar\u00e1 el VAR?<\/h2>\n<p>\u00abHabr\u00e1 un VAR, un \u00e1rbitro asistente de v\u00eddeo (AVAR) y tres operadores de v\u00eddeo en todos los partidos de la fase de grupos. A partir de cuartos de final, el n\u00famero de AVARs aumentar\u00e1 a dos\u00bb, destac\u00f3 la entidad, mientras a\u00f1adi\u00f3 que el centro del VAR tendr\u00e1 su sede en Nyon.<\/p>\n<p><span data-slot-id=\"Article_InContent-1\" class=\"rich-text-ad\"\/><\/p>\n<p>Por ello, el equipo de VAR ser\u00e1 el gran responsable de comprobar los errores claros y manifiestos relacionados con goles, incidentes en el \u00e1rea del penalti, tarjetas rojas o confusi\u00f3n de identidad.<\/p>\n<p>Finalmente, la UEFA anunci\u00f3 haber instalado la tecnolog\u00eda de l\u00ednea de gol (GLT) en todas las sedes del torneo: Basilea, Berna, Ginebra, Z\u00farich, San Galo, Lucerna, Sion y Thun.<\/p>\n<p>\u00abEl sistema, en uso en las competiciones de elite de clubes y selecciones nacionales de la UEFA desde 2016, despliega siete c\u00e1maras por porter\u00eda, utilizando un software de control para rastrear el bal\u00f3n dentro del \u00e1rea de porter\u00eda\u00bb, se\u00f1al\u00f3.<\/p>\n<p>De esta forma y a trav\u00e9s t\u00e9cnicas de procesamiento de visi\u00f3n y software, el GLT \u00abindica si se ha marcado un gol en el primer segundo de la acci\u00f3n, gracias a una vibraci\u00f3n y una se\u00f1al visual en el reloj de cada \u00e1rbitro\u00bb, subraya. Se trata de un avance in\u00e9dito en la historia del torneo femenino continental, que marca un nuevo paso en la integraci\u00f3n de herramientas tecnol\u00f3gicas en el arbitraje.<\/p>\n<p>AA (Efe, Mune Deportivo, UEFA)<\/p>\n<\/div>\n\n","protected":false},"excerpt":{"rendered":"<p>La Eurocopa femenina de 2025, que se disputar\u00e1 entre el 2 y el 27 de julio en Suiza, incorporar\u00e1 por primera vez el fuera de juego semiautom\u00e1tico (SAOT), una tecnolog\u00eda dise\u00f1ada para asistir al VAR mediante la detecci\u00f3n precisa de posiciones adelantadas y ya presente desde 2022 en competiciones masculinas, como la Liga de Campeones. &hellip;<\/p>\n","protected":false},"author":1,"featured_media":33330,"comment_status":"open","ping_status":"open","sticky":false,"template":"","format":"standard","meta":{"fifu_image_url":"https:\/\/static.dw.com\/image\/73048829_6.jpg","fifu_image_alt":"","footnotes":""},"categories":[13],"tags":[],"class_list":["post-33329","post","type-post","status-publish","format-standard","has-post-thumbnail","","category-mundo"],"_links":{"self":[{"href":"https:\/\/noticiasveraces.com\/index.php?rest_route=\/wp\/v2\/posts\/33329","targetHints":{"allow":["GET"]}}],"collection":[{"href":"https:\/\/noticiasveraces.com\/index.php?rest_route=\/wp\/v2\/posts"}],"about":[{"href":"https:\/\/noticiasveraces.com\/index.php?rest_route=\/wp\/v2\/types\/post"}],"author":[{"embeddable":true,"href":"https:\/\/noticiasveraces.com\/index.php?rest_route=\/wp\/v2\/users\/1"}],"replies":[{"embeddable":true,"href":"https:\/\/noticiasveraces.com\/index.php?rest_route=%2Fwp%2Fv2%2Fcomments&post=33329"}],"version-history":[{"count":0,"href":"https:\/\/noticiasveraces.com\/index.php?rest_route=\/wp\/v2\/posts\/33329\/revisions"}],"wp:featuredmedia":[{"embeddable":true,"href":"https:\/\/noticiasveraces.com\/index.php?rest_route=\/wp\/v2\/media\/33330"}],"wp:attachment":[{"href":"https:\/\/noticiasveraces.com\/index.php?rest_route=%2Fwp%2Fv2%2Fmedia&parent=33329"}],"wp:term":[{"taxonomy":"category","embeddable":true,"href":"https:\/\/noticiasveraces.com\/index.php?rest_route=%2Fwp%2Fv2%2Fcategories&post=33329"},{"taxonomy":"post_tag","embeddable":true,"href":"https:\/\/noticiasveraces.com\/index.php?rest_route=%2Fwp%2Fv2%2Ftags&post=33329"}],"curies":[{"name":"wp","href":"https:\/\/api.w.org\/{rel}","templated":true}]}}