{"id":33289,"date":"2025-06-26T02:50:55","date_gmt":"2025-06-26T06:50:55","guid":{"rendered":"https:\/\/noticiasveraces.com\/?p=33289"},"modified":"2025-06-26T02:50:55","modified_gmt":"2025-06-26T06:50:55","slug":"seul-y-la-otan-acuerdan-organo-de-cooperacion-para-defensa-dw-26-06-2025","status":"publish","type":"post","link":"https:\/\/noticiasveraces.com\/?p=33289","title":{"rendered":"Se\u00fal y la OTAN acuerdan \u00f3rgano de cooperaci\u00f3n para defensa \u2013 DW \u2013 26\/06\/2025"},"content":{"rendered":"<p> \n<\/p>\n<div>\n<p>Corea del Sur y la OTAN acordaron crear un \u00f3rgano consultivo sobre cooperaci\u00f3n en la industria de defensa en un encuentro en La Haya el mi\u00e9rcoles (25.06.2025), en el marco de la cumbre de la Alianza Atl\u00e1ntica entre su secretario general, Mark Rutte, y el asesor de seguridad nacional surcoreano, Wi Sung-lac.<\/p>\n<p>Durante el encuentro, Wi le entreg\u00f3 a Rutte una carta personal del presidente surcoreano, Lee Jae Myung, explicando los motivos de su ausencia en la cumbre de este a\u00f1o, a la que hab\u00eda sido invitado, y en la que reafirma el compromiso de Se\u00fal con profundizar su asociaci\u00f3n con el organismo, seg\u00fan un comunicado difundido este jueves por la oficina presidencial surcoreana.<\/p>\n<p>\u00abWi le transmiti\u00f3 su deseo de que la Rep\u00fablica de Corea (nombre oficial de Corea del Sur) y la OTAN, que comparten los valores de la democracia y la paz, cooperen activamente en respuesta a los complejos retos globales\u00bb actuales, de acuerdo al comunicado.<\/p>\n<p>El asesor de seguridad nacional surcoreano destac\u00f3 el potencial para expandir la cooperaci\u00f3n en lo que respecta a la industria de defensa, se\u00f1alando los avances en las capacidades de su pa\u00eds.<\/p>\n<p>\u00abAmbas partes acordaron establecer un nuevo \u00f3rgano consultivo a nivel de direcci\u00f3n general sobre la industria de defensa para debatir medidas espec\u00edficas para fortalecer la cooperaci\u00f3n en dicho sector\u00bb, inform\u00f3 Se\u00fal sin mayores detalles.<\/p>\n<p>Tambi\u00e9n se mostraron partidarios de promover la cooperaci\u00f3n en materia de seguridad mediante la participaci\u00f3n de Corea del Sur en futuros proyectos de la OTAN destinados a fortalecer las capacidades de defensa de la Alianza Atl\u00e1ntica.<\/p>\n<p>GS (EFE, DPA)<\/p>\n<\/div>\n\n","protected":false},"excerpt":{"rendered":"<p>Corea del Sur y la OTAN acordaron crear un \u00f3rgano consultivo sobre cooperaci\u00f3n en la industria de defensa en un encuentro en La Haya el mi\u00e9rcoles (25.06.2025), en el marco de la cumbre de la Alianza Atl\u00e1ntica entre su secretario general, Mark Rutte, y el asesor de seguridad nacional surcoreano, Wi Sung-lac. Durante el encuentro, &hellip;<\/p>\n","protected":false},"author":1,"featured_media":33290,"comment_status":"open","ping_status":"open","sticky":false,"template":"","format":"standard","meta":{"fifu_image_url":"https:\/\/static.dw.com\/image\/72897777_6.jpg","fifu_image_alt":"","footnotes":""},"categories":[13],"tags":[],"class_list":["post-33289","post","type-post","status-publish","format-standard","has-post-thumbnail","","category-mundo"],"_links":{"self":[{"href":"https:\/\/noticiasveraces.com\/index.php?rest_route=\/wp\/v2\/posts\/33289","targetHints":{"allow":["GET"]}}],"collection":[{"href":"https:\/\/noticiasveraces.com\/index.php?rest_route=\/wp\/v2\/posts"}],"about":[{"href":"https:\/\/noticiasveraces.com\/index.php?rest_route=\/wp\/v2\/types\/post"}],"author":[{"embeddable":true,"href":"https:\/\/noticiasveraces.com\/index.php?rest_route=\/wp\/v2\/users\/1"}],"replies":[{"embeddable":true,"href":"https:\/\/noticiasveraces.com\/index.php?rest_route=%2Fwp%2Fv2%2Fcomments&post=33289"}],"version-history":[{"count":0,"href":"https:\/\/noticiasveraces.com\/index.php?rest_route=\/wp\/v2\/posts\/33289\/revisions"}],"wp:featuredmedia":[{"embeddable":true,"href":"https:\/\/noticiasveraces.com\/index.php?rest_route=\/wp\/v2\/media\/33290"}],"wp:attachment":[{"href":"https:\/\/noticiasveraces.com\/index.php?rest_route=%2Fwp%2Fv2%2Fmedia&parent=33289"}],"wp:term":[{"taxonomy":"category","embeddable":true,"href":"https:\/\/noticiasveraces.com\/index.php?rest_route=%2Fwp%2Fv2%2Fcategories&post=33289"},{"taxonomy":"post_tag","embeddable":true,"href":"https:\/\/noticiasveraces.com\/index.php?rest_route=%2Fwp%2Fv2%2Ftags&post=33289"}],"curies":[{"name":"wp","href":"https:\/\/api.w.org\/{rel}","templated":true}]}}