{"id":33280,"date":"2025-06-25T22:44:47","date_gmt":"2025-06-26T02:44:47","guid":{"rendered":"https:\/\/noticiasveraces.com\/?p=33280"},"modified":"2025-06-25T22:44:47","modified_gmt":"2025-06-26T02:44:47","slug":"el-primer-ministro-espanol-sanchez-se-postulara-para-la-reeleccion-en-2027-a-pesar-de-las-sondas-de-corrupcion","status":"publish","type":"post","link":"https:\/\/noticiasveraces.com\/?p=33280","title":{"rendered":"El primer ministro espa\u00f1ol S\u00e1nchez se postular\u00e1 para la reelecci\u00f3n en 2027 a pesar de las sondas de corrupci\u00f3n"},"content":{"rendered":"<p> \n<\/p>\n<div>\n<div id=\"beyondwords-wrapper\" class=\"beyondwords-wrapper\">\n<p><span class=\"label-bg\">NUEVO<\/span>\u00a1Ahora puedes escuchar art\u00edculos de Fox News!\n  <\/p>\n<\/div>\n<p class=\"speakable\">El primer ministro espa\u00f1ol, Pedro S\u00e1nchez, anunci\u00f3 el mi\u00e9rcoles que planea postularse para la reelecci\u00f3n cuando su mandato termina en 2027, a pesar de los esc\u00e1ndalos de corrupci\u00f3n que bordan a su partido socialista.<\/p>\n<p class=\"speakable\">\u00abEstoy decidido a correr en las pr\u00f3ximas elecciones generales en 2027\u00bb, dijo S\u00e1nchez a los periodistas el mi\u00e9rcoles.<\/p>\n<p><strong>Soros v Trump: los socialistas se dirigen a los conservadores en las pr\u00f3ximas elecciones de la naci\u00f3n europea<\/strong><\/p>\n<p>En lo \u00faltimo de una serie de esc\u00e1ndalos, S\u00e1nchez est\u00e1 actualmente bajo investigaci\u00f3n por presunto injerto en su Partido Socialista de Trabajadores Espa\u00f1ol (PSOE). Si bien S\u00e1nchez, que ha servido como primer ministro desde 2018, no ha sido directamente implicada, la oposici\u00f3n del pa\u00eds le ha pedido que renuncie, seg\u00fan BBC News.<\/p>\n<div class=\"image-ct inline\">\n<div class=\"m\"><picture><source media=\"(max-width: 767px)\" srcset=\"https:\/\/a57.foxnews.com\/static.foxnews.com\/foxnews.com\/content\/uploads\/2025\/06\/343\/192\/pedro-sanchez-1.jpg?ve=1&amp;tl=1, https:\/\/a57.foxnews.com\/static.foxnews.com\/foxnews.com\/content\/uploads\/2025\/06\/686\/384\/pedro-sanchez-1.jpg?ve=1&amp;tl=1 2x\" height=\"192\" width=\"343\"><source media=\"(min-width: 768px) and (max-width: 1023px)\" srcset=\"https:\/\/a57.foxnews.com\/static.foxnews.com\/foxnews.com\/content\/uploads\/2025\/06\/672\/378\/pedro-sanchez-1.jpg?ve=1&amp;tl=1, https:\/\/a57.foxnews.com\/static.foxnews.com\/foxnews.com\/content\/uploads\/2025\/06\/1344\/756\/pedro-sanchez-1.jpg?ve=1&amp;tl=1 2x\" height=\"378\" width=\"672\"><source media=\"(min-width: 1024px) and (max-width: 1279px)\" srcset=\"https:\/\/a57.foxnews.com\/static.foxnews.com\/foxnews.com\/content\/uploads\/2025\/06\/931\/523\/pedro-sanchez-1.jpg?ve=1&amp;tl=1, https:\/\/a57.foxnews.com\/static.foxnews.com\/foxnews.com\/content\/uploads\/2025\/06\/1862\/1046\/pedro-sanchez-1.jpg?ve=1&amp;tl=1 2x\" height=\"523\" width=\"931\"><source media=\"(min-width: 1280px)\" srcset=\"https:\/\/a57.foxnews.com\/static.foxnews.com\/foxnews.com\/content\/uploads\/2025\/06\/720\/405\/pedro-sanchez-1.jpg?ve=1&amp;tl=1, https:\/\/a57.foxnews.com\/static.foxnews.com\/foxnews.com\/content\/uploads\/2025\/06\/1440\/810\/pedro-sanchez-1.jpg?ve=1&amp;tl=1 2x\" height=\"405\" width=\"720\"><img loading=\"lazy\" decoding=\"async\" src=\"https:\/\/a57.foxnews.com\/static.foxnews.com\/foxnews.com\/content\/uploads\/2025\/06\/1200\/675\/pedro-sanchez-1.jpg?ve=1&amp;tl=1\" alt=\"El rey Willem-Alexander de los Pa\u00edses Bajos y la Reina Maxima invitan a los jefes de estado y al gobierno a una cena durante la Cumbre de la OTAN\" width=\"1200\" height=\"675\"\/><\/source><\/source><\/source><\/source><\/picture><\/div>\n<div class=\"info\">\n<div class=\"caption\">\n<p><span>El primer ministro de Espa\u00f1a Pedro S\u00e1nchez P\u00e9rez-Castej\u00f3n llega al palacio Huis Ten Bosch para una cena organizada por el Rey y la Reina de los Pa\u00edses Bajos durante la Cumbre de la OTAN 2025 el 24 de junio de 2025, en Hague, Pa\u00edses Bajos. <\/span> <span>(Patrick Van Katwijk\/Getty Images)<\/span><\/p>\n<\/div>\n<\/div>\n<\/div>\n<p><strong>Miedos de otro aumento en el estado de narcasismo a medida que las lecturas del pa\u00eds latinoamericano para el voto fundamental<\/strong><\/p>\n<p>A principios de este mes, S\u00e1nchez emiti\u00f3 una disculpa despu\u00e9s de que se liber\u00f3 el audio que aparentemente mostr\u00f3 al secretario de PSOE, Santos Cerdan, discutiendo incorrectamente contratos p\u00fablicos a cambio de comisiones, inform\u00f3 BBC News.<\/p>\n<div class=\"image-ct inline\">\n<div class=\"m\"><picture><source media=\"(max-width: 767px)\" srcset=\"https:\/\/a57.foxnews.com\/static.foxnews.com\/foxnews.com\/content\/uploads\/2025\/06\/343\/192\/pedro-sanchez-2.jpg?ve=1&amp;tl=1, https:\/\/a57.foxnews.com\/static.foxnews.com\/foxnews.com\/content\/uploads\/2025\/06\/686\/384\/pedro-sanchez-2.jpg?ve=1&amp;tl=1 2x\" height=\"192\" width=\"343\"><source media=\"(min-width: 768px) and (max-width: 1023px)\" srcset=\"https:\/\/a57.foxnews.com\/static.foxnews.com\/foxnews.com\/content\/uploads\/2025\/06\/672\/378\/pedro-sanchez-2.jpg?ve=1&amp;tl=1, https:\/\/a57.foxnews.com\/static.foxnews.com\/foxnews.com\/content\/uploads\/2025\/06\/1344\/756\/pedro-sanchez-2.jpg?ve=1&amp;tl=1 2x\" height=\"378\" width=\"672\"><source media=\"(min-width: 1024px) and (max-width: 1279px)\" srcset=\"https:\/\/a57.foxnews.com\/static.foxnews.com\/foxnews.com\/content\/uploads\/2025\/06\/931\/523\/pedro-sanchez-2.jpg?ve=1&amp;tl=1, https:\/\/a57.foxnews.com\/static.foxnews.com\/foxnews.com\/content\/uploads\/2025\/06\/1862\/1046\/pedro-sanchez-2.jpg?ve=1&amp;tl=1 2x\" height=\"523\" width=\"931\"><source media=\"(min-width: 1280px)\" srcset=\"https:\/\/a57.foxnews.com\/static.foxnews.com\/foxnews.com\/content\/uploads\/2025\/06\/720\/405\/pedro-sanchez-2.jpg?ve=1&amp;tl=1, https:\/\/a57.foxnews.com\/static.foxnews.com\/foxnews.com\/content\/uploads\/2025\/06\/1440\/810\/pedro-sanchez-2.jpg?ve=1&amp;tl=1 2x\" height=\"405\" width=\"720\"><img loading=\"lazy\" decoding=\"async\" src=\"https:\/\/a57.foxnews.com\/static.foxnews.com\/foxnews.com\/content\/uploads\/2025\/06\/1200\/675\/pedro-sanchez-2.jpg?ve=1&amp;tl=1\" alt=\"El primer ministro socialista de Espa\u00f1a, S\u00e1nchez, nombra el liderazgo del nuevo partido para limitar el da\u00f1o de la investigaci\u00f3n del injerto\" width=\"1200\" height=\"675\"\/><\/source><\/source><\/source><\/source><\/picture><\/div>\n<div class=\"info\">\n<div class=\"caption\">\n<p><span>El primer ministro de Espa\u00f1a, Pedro S\u00e1nchez, quien tambi\u00e9n es l\u00edder del partido gobernante socialista (PSOE), celebra una conferencia de prensa despu\u00e9s de una reuni\u00f3n del Partido Socialista luego del supuesto caso de injerto de un alto funcionario en la sede en Madrid, Espa\u00f1a, el 16 de junio de 2025. <\/span> <span>(Reuters\/Nacho Doce)<\/span><\/p>\n<\/div>\n<\/div>\n<\/div>\n<p>Poco despu\u00e9s de la noticia, Cerdan renunci\u00f3 al PSOE y renunci\u00f3 como miembro del Parlamento. El viernes, la polic\u00eda ingres\u00f3 a la sede de la fiesta para copiar los correos electr\u00f3nicos de Cerdan, seg\u00fan Reuters.<\/p>\n<p><strong>El primer ministro espa\u00f1ol, Pedro S\u00e1nchez, sopes\u00f3 la renuncia despu\u00e9s de la esposa atacada por la investigaci\u00f3n judicial<\/strong><\/p>\n<div class=\"image-ct inline\">\n<div class=\"m\"><picture><source media=\"(max-width: 767px)\" srcset=\"https:\/\/a57.foxnews.com\/static.foxnews.com\/foxnews.com\/content\/uploads\/2025\/06\/343\/192\/spain-flag.jpg?ve=1&amp;tl=1, https:\/\/a57.foxnews.com\/static.foxnews.com\/foxnews.com\/content\/uploads\/2025\/06\/686\/384\/spain-flag.jpg?ve=1&amp;tl=1 2x\" height=\"192\" width=\"343\"><source media=\"(min-width: 768px) and (max-width: 1023px)\" srcset=\"https:\/\/a57.foxnews.com\/static.foxnews.com\/foxnews.com\/content\/uploads\/2025\/06\/672\/378\/spain-flag.jpg?ve=1&amp;tl=1, https:\/\/a57.foxnews.com\/static.foxnews.com\/foxnews.com\/content\/uploads\/2025\/06\/1344\/756\/spain-flag.jpg?ve=1&amp;tl=1 2x\" height=\"378\" width=\"672\"><source media=\"(min-width: 1024px) and (max-width: 1279px)\" srcset=\"https:\/\/a57.foxnews.com\/static.foxnews.com\/foxnews.com\/content\/uploads\/2025\/06\/931\/523\/spain-flag.jpg?ve=1&amp;tl=1, https:\/\/a57.foxnews.com\/static.foxnews.com\/foxnews.com\/content\/uploads\/2025\/06\/1862\/1046\/spain-flag.jpg?ve=1&amp;tl=1 2x\" height=\"523\" width=\"931\"><source media=\"(min-width: 1280px)\" srcset=\"https:\/\/a57.foxnews.com\/static.foxnews.com\/foxnews.com\/content\/uploads\/2025\/06\/720\/405\/spain-flag.jpg?ve=1&amp;tl=1, https:\/\/a57.foxnews.com\/static.foxnews.com\/foxnews.com\/content\/uploads\/2025\/06\/1440\/810\/spain-flag.jpg?ve=1&amp;tl=1 2x\" height=\"405\" width=\"720\"><img loading=\"lazy\" decoding=\"async\" src=\"https:\/\/a57.foxnews.com\/static.foxnews.com\/foxnews.com\/content\/uploads\/2025\/06\/1200\/675\/spain-flag.jpg?ve=1&amp;tl=1\" alt=\"Se ve una bandera espa\u00f1ola en la calle en Krakow, Polonia, el 6 de marzo de 2025.\" width=\"1200\" height=\"675\"\/><\/source><\/source><\/source><\/source><\/picture><\/div>\n<div class=\"info\">\n<div class=\"caption\">\n<p><span>Se ve una bandera espa\u00f1ola en la calle en Krakow, Polonia, el 6 de marzo de 2025. <\/span> <span>(Klaudia Radecka\/Nurphoto a trav\u00e9s de Getty Images)<\/span><\/p>\n<\/div>\n<\/div>\n<\/div>\n<p>El 12 de junio, el primer ministro espa\u00f1ol dijo que no llamar\u00eda nuevas elecciones antes del final de su mandato actual.<\/p>\n<p>Cerdan, quien est\u00e1 programado para comparecer ante la Corte Suprema el 25 de junio, dice que nunca ha cometido un delito o ha estado impl\u00edcito en uno, inform\u00f3 Reuters.<\/p>\n<p><strong><u>Haga clic aqu\u00ed para obtener la aplicaci\u00f3n Fox News<\/u><\/strong><\/p>\n<p>S\u00e1nchez es uno de los l\u00edderes socialistas m\u00e1s antiguos de Europa. Su esposa, Begona G\u00f3mez, est\u00e1 bajo investigaci\u00f3n sobre posibles irregularidades comerciales. Su hermano, David S\u00e1nchez, debe ser juzgado por presuntos vendedores de influencia, seg\u00fan BBC News.<\/p>\n<p> <!----> <\/p>\n<div class=\"article-meta\">\n<div class=\"author-bio\">\n<p>Sophia Compton es asistente de producci\u00f3n digital en Fox News Digital. Sophia anteriormente fue una reportera de negocios que cubr\u00eda las finanzas, la energ\u00eda y el turismo y tiene experiencia como productor de noticias de televisi\u00f3n. Se gradu\u00f3 con un t\u00edtulo de periodismo en 2021 de la Universidad de Hawai en Manoa.<\/p>\n<\/div>\n<\/div>\n<\/div>\n\n","protected":false},"excerpt":{"rendered":"<p>NUEVO\u00a1Ahora puedes escuchar art\u00edculos de Fox News! El primer ministro espa\u00f1ol, Pedro S\u00e1nchez, anunci\u00f3 el mi\u00e9rcoles que planea postularse para la reelecci\u00f3n cuando su mandato termina en 2027, a pesar de los esc\u00e1ndalos de corrupci\u00f3n que bordan a su partido socialista. \u00abEstoy decidido a correr en las pr\u00f3ximas elecciones generales en 2027\u00bb, dijo S\u00e1nchez a &hellip;<\/p>\n","protected":false},"author":1,"featured_media":33282,"comment_status":"open","ping_status":"open","sticky":false,"template":"","format":"standard","meta":{"fifu_image_url":"https:\/\/static.foxnews.com\/foxnews.com\/content\/uploads\/2025\/06\/spain-sanchez.jpg","fifu_image_alt":"","footnotes":""},"categories":[13],"tags":[],"class_list":["post-33280","post","type-post","status-publish","format-standard","has-post-thumbnail","","category-mundo"],"_links":{"self":[{"href":"https:\/\/noticiasveraces.com\/index.php?rest_route=\/wp\/v2\/posts\/33280","targetHints":{"allow":["GET"]}}],"collection":[{"href":"https:\/\/noticiasveraces.com\/index.php?rest_route=\/wp\/v2\/posts"}],"about":[{"href":"https:\/\/noticiasveraces.com\/index.php?rest_route=\/wp\/v2\/types\/post"}],"author":[{"embeddable":true,"href":"https:\/\/noticiasveraces.com\/index.php?rest_route=\/wp\/v2\/users\/1"}],"replies":[{"embeddable":true,"href":"https:\/\/noticiasveraces.com\/index.php?rest_route=%2Fwp%2Fv2%2Fcomments&post=33280"}],"version-history":[{"count":0,"href":"https:\/\/noticiasveraces.com\/index.php?rest_route=\/wp\/v2\/posts\/33280\/revisions"}],"wp:featuredmedia":[{"embeddable":true,"href":"https:\/\/noticiasveraces.com\/index.php?rest_route=\/wp\/v2\/media\/33282"}],"wp:attachment":[{"href":"https:\/\/noticiasveraces.com\/index.php?rest_route=%2Fwp%2Fv2%2Fmedia&parent=33280"}],"wp:term":[{"taxonomy":"category","embeddable":true,"href":"https:\/\/noticiasveraces.com\/index.php?rest_route=%2Fwp%2Fv2%2Fcategories&post=33280"},{"taxonomy":"post_tag","embeddable":true,"href":"https:\/\/noticiasveraces.com\/index.php?rest_route=%2Fwp%2Fv2%2Ftags&post=33280"}],"curies":[{"name":"wp","href":"https:\/\/api.w.org\/{rel}","templated":true}]}}