{"id":33257,"date":"2025-06-25T20:43:07","date_gmt":"2025-06-26T00:43:07","guid":{"rendered":"https:\/\/noticiasveraces.com\/?p=33257"},"modified":"2025-06-25T20:43:07","modified_gmt":"2025-06-26T00:43:07","slug":"ucrania-y-el-consejo-de-europa-juzgaran-la-invasion-rusa-dw-26-06-2025","status":"publish","type":"post","link":"https:\/\/noticiasveraces.com\/?p=33257","title":{"rendered":"Ucrania y el Consejo de Europa juzgar\u00e1n la invasi\u00f3n rusa \u2013 DW \u2013 26\/06\/2025"},"content":{"rendered":"<p> \n<\/p>\n<div>\n<p>Ucrania y el Consejo de Europa firmaron el mi\u00e9rcoles (25.06.2025)\u00a0la creaci\u00f3n de un tribunal especial para poder juzgar el \u00abcrimen de agresi\u00f3n\u00bb por parte de Rusia, es decir, la invasi\u00f3n en s\u00ed misma de Ucrania ordenada desde Mosc\u00fa, algo para lo que la Corte Penal Internacional (CPI) no tiene jurisdicci\u00f3n.<\/p>\n<p>En una ceremonia en Estrasburgo (Francia), sede del Consejo de Europa, el presidente ucraniano Volod\u00edmir Zelenski\u00a0y el secretario general de la organizaci\u00f3n paneuropea, Alain Berset, oficializaron un acuerdo que, seg\u00fan el mandatario ucraniano, supone una \u00abopci\u00f3n real de hacer justicia al crimen de agresi\u00f3n\u00bb.<\/p>\n<p>\u00abTodos los criminales de guerra deben saber que habr\u00e1 justicia y eso incluye a Rusia\u00bb, recalc\u00f3 Zelenski en una comparecencia posterior a la firma del acuerdo.<\/p>\n<p>El l\u00edder ucraniano, que viaj\u00f3 a Estrasburgo tras asistir a\u00a0la cumbre de la OTAN\u00a0en La Haya, donde se reuni\u00f3 con su par estadounidense Donald Trump, dijo que \u00abotras instituciones, incluso las internacionales, no tienen las herramientas\u00bb para juzgar la invasi\u00f3n, algo que seg\u00fan \u00e9l es indispensable.<\/p>\n<p>\u00abNecesitamos mostrar claramente que la agresi\u00f3n lleva castigo y debemos hacerlo juntos en toda Europa\u00bb, consider\u00f3.<\/p>\n<p>Por su parte, Berset apunt\u00f3 que \u00abtodas las instituciones tienen un papel que desempe\u00f1ar y, para el Consejo de Europa, ese papel es el de la justicia y la rendici\u00f3n de cuentas\u00bb.<\/p>\n<p><span data-slot-id=\"Article_InContent-1\" class=\"rich-text-ad\"\/><\/p>\n<h2>Respaldo de 40 pa\u00edses<\/h2>\n<p>El denominado Tribunal Especial para el Crimen de Agresi\u00f3n contra Ucrania actuar\u00e1 bajo el auspicio del Consejo de Europa con el mandato de procesar a altos dirigentes por la invasi\u00f3n de Ucrania.<\/p>\n<p>\u00abEste crimen se refiere a la decisi\u00f3n de utilizar la fuerza armada contra otro Estado, en violaci\u00f3n de la Carta de las Naciones Unidas\u00bb, precis\u00f3 la instituci\u00f3n paneuropea, que se dedica a promover la cooperaci\u00f3n, los derechos humanos y los valores democr\u00e1ticos en el continente.<\/p>\n<p>La iniciativa naci\u00f3 el 9 de mayo en Le\u00f3polis (Ucrania), donde unos\u00a040 pa\u00edses firmaron una declaraci\u00f3n de compromiso para\u00a0crear un tribunal especial para juzgar a los responsables de la invasi\u00f3n militar rusa.<\/p>\n<p>La Corte Penal Internacional (CPI) no tiene jurisdicci\u00f3n para juzgar a Rusia por la decisi\u00f3n de lanzar una invasi\u00f3n en s\u00ed misma, aunque s\u00ed ha emitido \u00f3rdenes de detenci\u00f3n del presidente Vlad\u00edmir Putin\u00a0y otros dirigentes rusos por cr\u00edmenes de guerra y violaciones de derechos humanos, como la deportaci\u00f3n forzosa de ni\u00f1os ucranianos.<\/p>\n<p>Rusia era miembro del Consejo de Europa, pero fue expulsada en abril de 2022 por la invasi\u00f3n a\u00a0 Ucrania. Mosc\u00fa ha cesado toda cooperaci\u00f3n tanto con ese organismo con sede en Estrasburgo como con su tribunal de derechos humanos (TEDH). <\/p>\n<p>GS (EFE, DPA, AFP)<\/p>\n<\/div>\n\n","protected":false},"excerpt":{"rendered":"<p>Ucrania y el Consejo de Europa firmaron el mi\u00e9rcoles (25.06.2025)\u00a0la creaci\u00f3n de un tribunal especial para poder juzgar el \u00abcrimen de agresi\u00f3n\u00bb por parte de Rusia, es decir, la invasi\u00f3n en s\u00ed misma de Ucrania ordenada desde Mosc\u00fa, algo para lo que la Corte Penal Internacional (CPI) no tiene jurisdicci\u00f3n. En una ceremonia en Estrasburgo &hellip;<\/p>\n","protected":false},"author":1,"featured_media":33258,"comment_status":"open","ping_status":"open","sticky":false,"template":"","format":"standard","meta":{"fifu_image_url":"https:\/\/static.dw.com\/image\/73043154_6.jpg","fifu_image_alt":"","footnotes":""},"categories":[13],"tags":[],"class_list":["post-33257","post","type-post","status-publish","format-standard","has-post-thumbnail","","category-mundo"],"_links":{"self":[{"href":"https:\/\/noticiasveraces.com\/index.php?rest_route=\/wp\/v2\/posts\/33257","targetHints":{"allow":["GET"]}}],"collection":[{"href":"https:\/\/noticiasveraces.com\/index.php?rest_route=\/wp\/v2\/posts"}],"about":[{"href":"https:\/\/noticiasveraces.com\/index.php?rest_route=\/wp\/v2\/types\/post"}],"author":[{"embeddable":true,"href":"https:\/\/noticiasveraces.com\/index.php?rest_route=\/wp\/v2\/users\/1"}],"replies":[{"embeddable":true,"href":"https:\/\/noticiasveraces.com\/index.php?rest_route=%2Fwp%2Fv2%2Fcomments&post=33257"}],"version-history":[{"count":0,"href":"https:\/\/noticiasveraces.com\/index.php?rest_route=\/wp\/v2\/posts\/33257\/revisions"}],"wp:featuredmedia":[{"embeddable":true,"href":"https:\/\/noticiasveraces.com\/index.php?rest_route=\/wp\/v2\/media\/33258"}],"wp:attachment":[{"href":"https:\/\/noticiasveraces.com\/index.php?rest_route=%2Fwp%2Fv2%2Fmedia&parent=33257"}],"wp:term":[{"taxonomy":"category","embeddable":true,"href":"https:\/\/noticiasveraces.com\/index.php?rest_route=%2Fwp%2Fv2%2Fcategories&post=33257"},{"taxonomy":"post_tag","embeddable":true,"href":"https:\/\/noticiasveraces.com\/index.php?rest_route=%2Fwp%2Fv2%2Ftags&post=33257"}],"curies":[{"name":"wp","href":"https:\/\/api.w.org\/{rel}","templated":true}]}}