{"id":33241,"date":"2025-06-25T18:38:20","date_gmt":"2025-06-25T22:38:20","guid":{"rendered":"https:\/\/noticiasveraces.com\/?p=33241"},"modified":"2025-06-25T18:38:20","modified_gmt":"2025-06-25T22:38:20","slug":"el-ex-ministro-extranjero-de-ucrania-llama-a-la-promesa-de-gastos-de-la-otan-una-victoria-para-trump","status":"publish","type":"post","link":"https:\/\/noticiasveraces.com\/?p=33241","title":{"rendered":"El ex ministro extranjero de Ucrania llama a la promesa de gastos de la OTAN una victoria para Trump"},"content":{"rendered":"<p> \n<\/p>\n<div>\n<div id=\"beyondwords-wrapper\" class=\"beyondwords-wrapper\">\n<p><span class=\"label-bg\">NUEVO<\/span>\u00a1Ahora puedes escuchar art\u00edculos de Fox News!\n  <\/p>\n<\/div>\n<p class=\"speakable\"><strong>EXCLUSIVO<\/strong> &#8211; Miembros de la OTAN comprometidos el mi\u00e9rcoles para aumentar el gasto de defensa al 5% del producto interno bruto para 2035, atendiendo al presidente <u>Donald Trump<\/u>Los piden que la Alianza Militar Transatl\u00e1ntica tome m\u00e1s medidas para reforzar su seguridad.<\/p>\n<p class=\"speakable\">El ex ministro de Relaciones Exteriores de Ucrania, Dmytro Kuleba, dijo a Fox News Digital que la medida es una gran victoria inmediata para Trump y ser\u00eda una victoria significativa para el futuro de Europa si toma en serio el aumento en el gasto de defensa y comienza a cumplir con el compromiso.<\/p>\n<p>\u00abEsta es una lecci\u00f3n seria que Europa tendr\u00e1 que aprender. No solo invertir, sino tambi\u00e9n gastar. Gastar de una manera que les permita mostrar al p\u00fablico que est\u00e1n haciendo un bien <u>inversi\u00f3n en su seguridad<\/u> y sus econom\u00edas y enviar un mensaje a su enemigo: no te atrevas a atacarnos porque estamos listos, estamos preparados para devolver el rechazo \u00ab, dijo. <\/p>\n<p><strong>El secretario general de la OTAN dice que los pa\u00edses europeos tienen que hacer \u00abmucho, mucho m\u00e1s\u00bb para aumentar el gasto de defensa<\/strong><\/p>\n<div class=\"image-ct inline\">\n<div class=\"m\"><picture><source media=\"(max-width: 767px)\" srcset=\"https:\/\/a57.foxnews.com\/static.foxnews.com\/foxnews.com\/content\/uploads\/2025\/06\/343\/192\/dmytro-kuleba.png?ve=1&amp;tl=1, https:\/\/a57.foxnews.com\/static.foxnews.com\/foxnews.com\/content\/uploads\/2025\/06\/686\/384\/dmytro-kuleba.png?ve=1&amp;tl=1 2x\" height=\"192\" width=\"343\"><source media=\"(min-width: 768px) and (max-width: 1023px)\" srcset=\"https:\/\/a57.foxnews.com\/static.foxnews.com\/foxnews.com\/content\/uploads\/2025\/06\/672\/378\/dmytro-kuleba.png?ve=1&amp;tl=1, https:\/\/a57.foxnews.com\/static.foxnews.com\/foxnews.com\/content\/uploads\/2025\/06\/1344\/756\/dmytro-kuleba.png?ve=1&amp;tl=1 2x\" height=\"378\" width=\"672\"><source media=\"(min-width: 1024px) and (max-width: 1279px)\" srcset=\"https:\/\/a57.foxnews.com\/static.foxnews.com\/foxnews.com\/content\/uploads\/2025\/06\/931\/523\/dmytro-kuleba.png?ve=1&amp;tl=1, https:\/\/a57.foxnews.com\/static.foxnews.com\/foxnews.com\/content\/uploads\/2025\/06\/1862\/1046\/dmytro-kuleba.png?ve=1&amp;tl=1 2x\" height=\"523\" width=\"931\"><source media=\"(min-width: 1280px)\" srcset=\"https:\/\/a57.foxnews.com\/static.foxnews.com\/foxnews.com\/content\/uploads\/2025\/06\/720\/405\/dmytro-kuleba.png?ve=1&amp;tl=1, https:\/\/a57.foxnews.com\/static.foxnews.com\/foxnews.com\/content\/uploads\/2025\/06\/1440\/810\/dmytro-kuleba.png?ve=1&amp;tl=1 2x\" height=\"405\" width=\"720\"><img loading=\"lazy\" decoding=\"async\" src=\"https:\/\/a57.foxnews.com\/static.foxnews.com\/foxnews.com\/content\/uploads\/2025\/06\/1200\/675\/dmytro-kuleba.png?ve=1&amp;tl=1\" alt=\"dmytro kuleba\" width=\"1200\" height=\"675\"\/><\/source><\/source><\/source><\/source><\/picture><\/div>\n<div class=\"info\">\n<div class=\"caption\">\n<p><span>El Ministro de Asuntos Exteriores de Ucrania, Dmytro Kuleba, participa en una conferencia de prensa sobre la cuarta cumbre de las primeras damas y caballeros el 18 de junio de 2024 en Kiev, Ucrania.<\/span> <span>(Vitalii Nosach\/Global Images Ucrania a trav\u00e9s de Getty Images)<\/span><\/p>\n<\/div>\n<\/div>\n<\/div>\n<p>En una amplia entrevista con Fox News Digital, Kuleba evalu\u00f3 sin rodeos el estado de las conversaciones de paz de Rusia-Ukraine, argumentando que el actual proceso diplom\u00e1tico est\u00e1 \u00abmuerto\u00bb.<\/p>\n<p>El presidente ruso, Vladimir Putin, se ha intensificado <u>ataques contra Ucrania<\/u> En los \u00faltimos meses, atacando a Kyiv con ataques a gran escala y ataques con drones. <\/p>\n<p>El hombre fuerte ruso se ha negado a aceptar un alto el fuego incondicional de 30 d\u00edas propuesto por los Estados Unidos y sus aliados europeos a principios de este a\u00f1o. <\/p>\n<p>Al <u>Foro Econ\u00f3mico Internacional de San Petersburgo<\/u> A mediados de junio, Putin dijo que considera que los pueblos rusos y ucranianos son uno. \u00abEn este sentido, toda Ucrania es nuestra\u00bb, dijo a los asistentes que aplauden.<\/p>\n<div class=\"image-ct inline\">\n<div class=\"m\"><picture><source media=\"(max-width: 767px)\" srcset=\"https:\/\/a57.foxnews.com\/static.foxnews.com\/foxnews.com\/content\/uploads\/2025\/06\/343\/192\/vladimir-putin.png?ve=1&amp;tl=1, https:\/\/a57.foxnews.com\/static.foxnews.com\/foxnews.com\/content\/uploads\/2025\/06\/686\/384\/vladimir-putin.png?ve=1&amp;tl=1 2x\" height=\"192\" width=\"343\"><source media=\"(min-width: 768px) and (max-width: 1023px)\" srcset=\"https:\/\/a57.foxnews.com\/static.foxnews.com\/foxnews.com\/content\/uploads\/2025\/06\/672\/378\/vladimir-putin.png?ve=1&amp;tl=1, https:\/\/a57.foxnews.com\/static.foxnews.com\/foxnews.com\/content\/uploads\/2025\/06\/1344\/756\/vladimir-putin.png?ve=1&amp;tl=1 2x\" height=\"378\" width=\"672\"><source media=\"(min-width: 1024px) and (max-width: 1279px)\" srcset=\"https:\/\/a57.foxnews.com\/static.foxnews.com\/foxnews.com\/content\/uploads\/2025\/06\/931\/523\/vladimir-putin.png?ve=1&amp;tl=1, https:\/\/a57.foxnews.com\/static.foxnews.com\/foxnews.com\/content\/uploads\/2025\/06\/1862\/1046\/vladimir-putin.png?ve=1&amp;tl=1 2x\" height=\"523\" width=\"931\"><source media=\"(min-width: 1280px)\" srcset=\"https:\/\/a57.foxnews.com\/static.foxnews.com\/foxnews.com\/content\/uploads\/2025\/06\/720\/405\/vladimir-putin.png?ve=1&amp;tl=1, https:\/\/a57.foxnews.com\/static.foxnews.com\/foxnews.com\/content\/uploads\/2025\/06\/1440\/810\/vladimir-putin.png?ve=1&amp;tl=1 2x\" height=\"405\" width=\"720\"><img loading=\"lazy\" decoding=\"async\" src=\"https:\/\/a57.foxnews.com\/static.foxnews.com\/foxnews.com\/content\/uploads\/2025\/06\/1200\/675\/vladimir-putin.png?ve=1&amp;tl=1\" alt=\"Vladimir Putin\" width=\"1200\" height=\"675\"\/><\/source><\/source><\/source><\/source><\/picture><\/div>\n<div class=\"info\">\n<div class=\"caption\">\n<p><span> El presidente ruso, Vladimir Putin, habla durante la sesi\u00f3n plenaria del 28 \u00b0 Foro Econ\u00f3mico Internacional de San Petersburgo Spief 2025 On June, 2025 en San Petersburgo, Rusia.<\/span> <span>(Getty Images)<\/span><\/p>\n<\/div>\n<\/div>\n<\/div>\n<p>Trump se ha mantenido al imponer sanciones adicionales a Mosc\u00fa, prefiriendo esperar y ver si sus esfuerzos diplom\u00e1ticos dar\u00e1n frutos.<\/p>\n<p>\u00abPutin no siente ninguna presi\u00f3n. Y por lo tanto, \u00e9l realmente no entiende por qu\u00e9 deber\u00eda cambiar su comportamiento\u00bb, dijo Kuleba. \u00abMe temo que la diplomacia tiene cero posibilidades de tener \u00e9xito en esta etapa en estas circunstancias, lo que significa que habr\u00e1 m\u00e1s asesinatos y m\u00e1s destrucci\u00f3n\u00bb.<\/p>\n<p>Presidente ucraniano <u>Volodymyr Zelenskyy<\/u> Escribi\u00f3 en X, anteriormente Twitter, que los objetivos de Putin siguen siendo claros: \u00abQuiere todo Ucrania\u00bb.<\/p>\n<p>Zelenskyy asisti\u00f3 a la cumbre del G7 en Canad\u00e1 la semana pasada, reuni\u00e9ndose con l\u00edderes mundiales y obteniendo casi $ 2 mil millones en ayuda del primer ministro Mark Carney. Su reuni\u00f3n con Trump fue cancelada despu\u00e9s de que el presidente de los Estados Unidos dej\u00f3 a Kananaskis temprano, citando tensiones crecientes en el Medio Oriente debido al conflicto de Israel-Ir\u00e1n.<\/p>\n<div class=\"image-ct inline\">\n<div class=\"m\"><picture><source media=\"(max-width: 767px)\" srcset=\"https:\/\/a57.foxnews.com\/static.foxnews.com\/foxnews.com\/content\/uploads\/2025\/06\/343\/192\/g7.jpg?ve=1&amp;tl=1, https:\/\/a57.foxnews.com\/static.foxnews.com\/foxnews.com\/content\/uploads\/2025\/06\/686\/384\/g7.jpg?ve=1&amp;tl=1 2x\" height=\"192\" width=\"343\"><source media=\"(min-width: 768px) and (max-width: 1023px)\" srcset=\"https:\/\/a57.foxnews.com\/static.foxnews.com\/foxnews.com\/content\/uploads\/2025\/06\/672\/378\/g7.jpg?ve=1&amp;tl=1, https:\/\/a57.foxnews.com\/static.foxnews.com\/foxnews.com\/content\/uploads\/2025\/06\/1344\/756\/g7.jpg?ve=1&amp;tl=1 2x\" height=\"378\" width=\"672\"><source media=\"(min-width: 1024px) and (max-width: 1279px)\" srcset=\"https:\/\/a57.foxnews.com\/static.foxnews.com\/foxnews.com\/content\/uploads\/2025\/06\/931\/523\/g7.jpg?ve=1&amp;tl=1, https:\/\/a57.foxnews.com\/static.foxnews.com\/foxnews.com\/content\/uploads\/2025\/06\/1862\/1046\/g7.jpg?ve=1&amp;tl=1 2x\" height=\"523\" width=\"931\"><source media=\"(min-width: 1280px)\" srcset=\"https:\/\/a57.foxnews.com\/static.foxnews.com\/foxnews.com\/content\/uploads\/2025\/06\/720\/405\/g7.jpg?ve=1&amp;tl=1, https:\/\/a57.foxnews.com\/static.foxnews.com\/foxnews.com\/content\/uploads\/2025\/06\/1440\/810\/g7.jpg?ve=1&amp;tl=1 2x\" height=\"405\" width=\"720\"><img loading=\"lazy\" decoding=\"async\" src=\"https:\/\/a57.foxnews.com\/static.foxnews.com\/foxnews.com\/content\/uploads\/2025\/06\/1200\/675\/g7.jpg?ve=1&amp;tl=1\" alt=\"(L\/R) Presidente del Consejo Europeo Antonio Costa, el primer ministro japon\u00e9s Shigeru Ishiba, el primer ministro italiano Giorgia Meloni, el presidente franc\u00e9s Emmanuel Macron, el primer ministro canadiense Mark Carney, el presidente de los Estados Unidos, Donald Trump, el primer ministro brit\u00e1nico Keir Starmer, el canciller alem\u00e1n Friedrich Merz y el presidente de la Uni\u00f3n Europea Ursula von Leyen\" width=\"1200\" height=\"675\"\/><\/source><\/source><\/source><\/source><\/picture><\/div>\n<div class=\"info\">\n<div class=\"caption\">\n<p><span>(L\/R) European Council President Antonio Costa, Japanese Prime Minister Shigeru Ishiba, Italian Prime Minister Giorgia Meloni, French President Emmanuel Macron, Canadian Prime Minister Mark Carney, US President Donald Trump, British Prime Minister Keir Starmer, German Chancellor Friedrich Merz and European Union President Ursula von der Leyen at the G7 summit in Canada<\/span> <span>(Gobierno de Canad\u00e1 \/ Pool \/ Anadolu a trav\u00e9s de Getty Images)<\/span><\/p>\n<\/div>\n<\/div>\n<\/div>\n<p>Los dos se reunieron al margen de la cumbre de la OTAN el mi\u00e9rcoles y discutieron la compra de los sistemas de defensa a\u00e9rea estadounidense.<\/p>\n<p>Kuleba le dijo a Fox News Digital que Trump est\u00e1 bien posicionado para <u>Terminar la guerra de Rusia<\/u>. \u00abSu enfoque disruptivo, su preparaci\u00f3n para realizar una acci\u00f3n r\u00e1pida y fuerte: estas son las cosas que se necesitan para llevar dos lados a primero, [the] Negociar tabla, y luego a un acuerdo \u00ab.<\/p>\n<p>El diplom\u00e1tico ucraniano explic\u00f3 que Estados Unidos necesita reorganizar tres cosas para revitalizar el proceso de negociaci\u00f3n: palos, zanahorias y la presi\u00f3n del tiempo. <\/p>\n<p>Kuleba dijo que Trump cre\u00f3 la presi\u00f3n del tiempo al afirmar que podr\u00eda terminar la guerra en 24 horas y llamar a ambos lados que se sentaran y negociaran.<\/p>\n<div class=\"image-ct inline\">\n<div class=\"m\"><picture><source media=\"(max-width: 767px)\" srcset=\"https:\/\/a57.foxnews.com\/static.foxnews.com\/foxnews.com\/content\/uploads\/2025\/06\/343\/192\/trump-hegseth-rubio-nato-reporter-questions.jpg?ve=1&amp;tl=1, https:\/\/a57.foxnews.com\/static.foxnews.com\/foxnews.com\/content\/uploads\/2025\/06\/686\/384\/trump-hegseth-rubio-nato-reporter-questions.jpg?ve=1&amp;tl=1 2x\" height=\"192\" width=\"343\"><source media=\"(min-width: 768px) and (max-width: 1023px)\" srcset=\"https:\/\/a57.foxnews.com\/static.foxnews.com\/foxnews.com\/content\/uploads\/2025\/06\/672\/378\/trump-hegseth-rubio-nato-reporter-questions.jpg?ve=1&amp;tl=1, https:\/\/a57.foxnews.com\/static.foxnews.com\/foxnews.com\/content\/uploads\/2025\/06\/1344\/756\/trump-hegseth-rubio-nato-reporter-questions.jpg?ve=1&amp;tl=1 2x\" height=\"378\" width=\"672\"><source media=\"(min-width: 1024px) and (max-width: 1279px)\" srcset=\"https:\/\/a57.foxnews.com\/static.foxnews.com\/foxnews.com\/content\/uploads\/2025\/06\/931\/523\/trump-hegseth-rubio-nato-reporter-questions.jpg?ve=1&amp;tl=1, https:\/\/a57.foxnews.com\/static.foxnews.com\/foxnews.com\/content\/uploads\/2025\/06\/1862\/1046\/trump-hegseth-rubio-nato-reporter-questions.jpg?ve=1&amp;tl=1 2x\" height=\"523\" width=\"931\"><source media=\"(min-width: 1280px)\" srcset=\"https:\/\/a57.foxnews.com\/static.foxnews.com\/foxnews.com\/content\/uploads\/2025\/06\/720\/405\/trump-hegseth-rubio-nato-reporter-questions.jpg?ve=1&amp;tl=1, https:\/\/a57.foxnews.com\/static.foxnews.com\/foxnews.com\/content\/uploads\/2025\/06\/1440\/810\/trump-hegseth-rubio-nato-reporter-questions.jpg?ve=1&amp;tl=1 2x\" height=\"405\" width=\"720\"><img loading=\"lazy\" decoding=\"async\" src=\"https:\/\/a57.foxnews.com\/static.foxnews.com\/foxnews.com\/content\/uploads\/2025\/06\/1200\/675\/trump-hegseth-rubio-nato-reporter-questions.jpg?ve=1&amp;tl=1\" alt=\"Trump toma preguntas de reporteros en la cumbre de la OTAN\" width=\"1200\" height=\"675\"\/><\/source><\/source><\/source><\/source><\/picture><\/div>\n<div class=\"info\">\n<div class=\"caption\">\n<p><span>El presidente de los Estados Unidos, Donald Trump, celebr\u00f3 una conferencia de prensa despu\u00e9s de los jefes de estado de la OTAN y la cumbre del gobierno en La Haya, Pa\u00edses Bajos, el 25 de junio de 2025. <\/span> <span>(Dursun Aydemir\/Anadolu a trav\u00e9s de Getty Images)<\/span><\/p>\n<\/div>\n<\/div>\n<\/div>\n<p>\u00abLo que sucedi\u00f3 despu\u00e9s es que todos los palos fueron a Ucrania y todas las zanahorias fueron a Rusia. Nunca ha funcionado as\u00ed hace siglos en el <u>Historia de la diplomacia<\/u>. No funciona as\u00ed, y no va a funcionar as\u00ed, bien, porque la forma correcta de hacerlo es crear una presi\u00f3n de tiempo para evitar deliberaciones interminables y encontrar el equilibrio adecuado de palos y zanahorias para cada lado \u00ab, dijo a Fox News Digital.<\/p>\n<p><strong>Rusia bombardea Ucrania con drones horas despu\u00e9s de que Trump anuncia conversaciones con Putin<\/strong><\/p>\n<p>Trump y Putin hablaron recientemente por tel\u00e9fono el 14 de junio despu\u00e9s de que Israel atac\u00f3 las instalaciones nucleares de Ir\u00e1n. El l\u00edder ruso dijo que estaba listo para continuar las negociaciones con los ucranianos despu\u00e9s del 22 de junio, seg\u00fan la portavoz del Ministerio de Relaciones Exteriores de Rusia, Maria Zakharova. <\/p>\n<p>Las conversaciones de paz en Estambul no han podido producir mucho m\u00e1s que los intercambios de prisioneros de guerra, ya que Putin se duplica en sus demandas maximalistas. <\/p>\n<p>Kuleba dijo lo mejor para hacer Europa <u>A medida que las negociaciones se detienen<\/u> es continuar produciendo y comprando armas, no solo para Ucrania, sino tambi\u00e9n para s\u00ed misma.<\/p>\n<div class=\"image-ct inline\">\n<div class=\"m\"><picture><source media=\"(max-width: 767px)\" srcset=\"https:\/\/a57.foxnews.com\/static.foxnews.com\/foxnews.com\/content\/uploads\/2025\/06\/343\/192\/kyiv.png?ve=1&amp;tl=1, https:\/\/a57.foxnews.com\/static.foxnews.com\/foxnews.com\/content\/uploads\/2025\/06\/686\/384\/kyiv.png?ve=1&amp;tl=1 2x\" height=\"192\" width=\"343\"><source media=\"(min-width: 768px) and (max-width: 1023px)\" srcset=\"https:\/\/a57.foxnews.com\/static.foxnews.com\/foxnews.com\/content\/uploads\/2025\/06\/672\/378\/kyiv.png?ve=1&amp;tl=1, https:\/\/a57.foxnews.com\/static.foxnews.com\/foxnews.com\/content\/uploads\/2025\/06\/1344\/756\/kyiv.png?ve=1&amp;tl=1 2x\" height=\"378\" width=\"672\"><source media=\"(min-width: 1024px) and (max-width: 1279px)\" srcset=\"https:\/\/a57.foxnews.com\/static.foxnews.com\/foxnews.com\/content\/uploads\/2025\/06\/931\/523\/kyiv.png?ve=1&amp;tl=1, https:\/\/a57.foxnews.com\/static.foxnews.com\/foxnews.com\/content\/uploads\/2025\/06\/1862\/1046\/kyiv.png?ve=1&amp;tl=1 2x\" height=\"523\" width=\"931\"><source media=\"(min-width: 1280px)\" srcset=\"https:\/\/a57.foxnews.com\/static.foxnews.com\/foxnews.com\/content\/uploads\/2025\/06\/720\/405\/kyiv.png?ve=1&amp;tl=1, https:\/\/a57.foxnews.com\/static.foxnews.com\/foxnews.com\/content\/uploads\/2025\/06\/1440\/810\/kyiv.png?ve=1&amp;tl=1 2x\" height=\"405\" width=\"720\"><img loading=\"lazy\" decoding=\"async\" src=\"https:\/\/a57.foxnews.com\/static.foxnews.com\/foxnews.com\/content\/uploads\/2025\/06\/1200\/675\/kyiv.png?ve=1&amp;tl=1\" alt=\"Kyiv Ucrania\" width=\"1200\" height=\"675\"\/><\/source><\/source><\/source><\/source><\/picture><\/div>\n<div class=\"info\">\n<div class=\"caption\">\n<p><span>La gente observa el claro de los escombros en un edificio residencial destruido de cinco pisos el 24 de junio de 2025, en Kiev, Ucrania. Los rescatistas han terminado de limpiar los escombros en el sitio de una huelga de misiles rusos en un edificio residencial de cinco pisos en el distrito de Kiev de Shevchenkivskyi.<\/span> <span>(Andrew Kravchenko\/Global Images Ucrania a trav\u00e9s de Getty Images)<\/span><\/p>\n<\/div>\n<\/div>\n<\/div>\n<p>\u00abDurante d\u00e9cadas, Europa depend\u00eda de los Estados Unidos y estaba yendo y viniendo con Washington, revisando cada decisi\u00f3n que iban a tomar, pero ya no es sostenible\u00bb, explic\u00f3. \u00abTienen que aprender a cuidarse, lamento decirlo. Cuanto antes lo hagan, mejor para ellos, nosotros y todos los dem\u00e1s\u00bb.<\/p>\n<p>\u00abNo se puede construir su vida sabiendo que Estados Unidos est\u00e1 pagando por mi seguridad, el gas ruso est\u00e1 pagando por mis precios de energ\u00eda baratos y [the] Socialismo que estoy construyendo. Y minerales chinos [are] Permiti\u00e9ndome que lo haga, est\u00e1 pagando por mis crecimientos industriales. No es sostenible. No puedes depender de un jugador en los fundamentos m\u00e1s cr\u00edticos para tu vida \u00ab, agreg\u00f3.<\/p>\n<p>La Uni\u00f3n Europea propuso un paquete de sanciones 18 contra Rusia en junio, apuntando a sus sectores de energ\u00eda y banca. <\/p>\n<div class=\"image-ct inline\">\n<div class=\"m\"><picture><source media=\"(max-width: 767px)\" srcset=\"https:\/\/a57.foxnews.com\/static.foxnews.com\/foxnews.com\/content\/uploads\/2025\/06\/343\/192\/russia-sanctions-package.png?ve=1&amp;tl=1, https:\/\/a57.foxnews.com\/static.foxnews.com\/foxnews.com\/content\/uploads\/2025\/06\/686\/384\/russia-sanctions-package.png?ve=1&amp;tl=1 2x\" height=\"192\" width=\"343\"><source media=\"(min-width: 768px) and (max-width: 1023px)\" srcset=\"https:\/\/a57.foxnews.com\/static.foxnews.com\/foxnews.com\/content\/uploads\/2025\/06\/672\/378\/russia-sanctions-package.png?ve=1&amp;tl=1, https:\/\/a57.foxnews.com\/static.foxnews.com\/foxnews.com\/content\/uploads\/2025\/06\/1344\/756\/russia-sanctions-package.png?ve=1&amp;tl=1 2x\" height=\"378\" width=\"672\"><source media=\"(min-width: 1024px) and (max-width: 1279px)\" srcset=\"https:\/\/a57.foxnews.com\/static.foxnews.com\/foxnews.com\/content\/uploads\/2025\/06\/931\/523\/russia-sanctions-package.png?ve=1&amp;tl=1, https:\/\/a57.foxnews.com\/static.foxnews.com\/foxnews.com\/content\/uploads\/2025\/06\/1862\/1046\/russia-sanctions-package.png?ve=1&amp;tl=1 2x\" height=\"523\" width=\"931\"><source media=\"(min-width: 1280px)\" srcset=\"https:\/\/a57.foxnews.com\/static.foxnews.com\/foxnews.com\/content\/uploads\/2025\/06\/720\/405\/russia-sanctions-package.png?ve=1&amp;tl=1, https:\/\/a57.foxnews.com\/static.foxnews.com\/foxnews.com\/content\/uploads\/2025\/06\/1440\/810\/russia-sanctions-package.png?ve=1&amp;tl=1 2x\" height=\"405\" width=\"720\"><img loading=\"lazy\" decoding=\"async\" src=\"https:\/\/a57.foxnews.com\/static.foxnews.com\/foxnews.com\/content\/uploads\/2025\/06\/1200\/675\/russia-sanctions-package.png?ve=1&amp;tl=1\" alt=\"Ursula von der Leyen y Kaja Kallas\" width=\"1200\" height=\"675\"\/><\/source><\/source><\/source><\/source><\/picture><\/div>\n<div class=\"info\">\n<div class=\"caption\">\n<p><span>Vicepresidente de la Comisi\u00f3n de la UE, alto representante de Asuntos Exteriores y Pol\u00edtica de Seguridad Kaja Kallas (L) y el Presidente de la Comisi\u00f3n Europea Ursula von der Leyen (R) hablan con los medios de comunicaci\u00f3n.<\/span> <span>(Thierry Monasse\/Getty Images)<\/span><\/p>\n<\/div>\n<\/div>\n<\/div>\n<p>\u00abQueremos la paz para Ucrania. A pesar de las semanas de intentos diplom\u00e1ticos, a pesar de la oferta del presidente Zelenskyy de un alto el fuego incondicional, Rusia contin\u00faa trayendo la muerte y la destrucci\u00f3n a Ucrania\u00bb, dijo el presidente de la Comisi\u00f3n Europea, Ursula von der Leyen, y el principal diplom\u00e1tico de la UE Kaja Kallas Kallas Kallas <u>En una declaraci\u00f3n conjunta.<\/u><\/p>\n<p><strong>Haga clic aqu\u00ed para obtener la aplicaci\u00f3n Fox News<\/strong><\/p>\n<p>\u00abEl objetivo de Rusia no es la paz, es imponer la regla de poder. Por lo tanto, estamos aumentando la presi\u00f3n sobre Rusia. Porque la fuerza es el \u00fanico idioma que Rusia entender\u00e1\u00bb.<\/p>\n<p> <!----> <\/p>\n<div class=\"article-meta\">\n<div class=\"author-bio\">\n<p>Ashley Carnahan es escritora de Fox News Digital.<\/p>\n<\/div>\n<\/div>\n<\/div>\n\n","protected":false},"excerpt":{"rendered":"<p>NUEVO\u00a1Ahora puedes escuchar art\u00edculos de Fox News! EXCLUSIVO &#8211; Miembros de la OTAN comprometidos el mi\u00e9rcoles para aumentar el gasto de defensa al 5% del producto interno bruto para 2035, atendiendo al presidente Donald TrumpLos piden que la Alianza Militar Transatl\u00e1ntica tome m\u00e1s medidas para reforzar su seguridad. El ex ministro de Relaciones Exteriores de &hellip;<\/p>\n","protected":false},"author":1,"featured_media":33243,"comment_status":"open","ping_status":"open","sticky":false,"template":"","format":"standard","meta":{"fifu_image_url":"https:\/\/static.foxnews.com\/foxnews.com\/content\/uploads\/2025\/06\/dmytro-kuleba-donald-trump.png","fifu_image_alt":"","footnotes":""},"categories":[13],"tags":[],"class_list":["post-33241","post","type-post","status-publish","format-standard","has-post-thumbnail","","category-mundo"],"_links":{"self":[{"href":"https:\/\/noticiasveraces.com\/index.php?rest_route=\/wp\/v2\/posts\/33241","targetHints":{"allow":["GET"]}}],"collection":[{"href":"https:\/\/noticiasveraces.com\/index.php?rest_route=\/wp\/v2\/posts"}],"about":[{"href":"https:\/\/noticiasveraces.com\/index.php?rest_route=\/wp\/v2\/types\/post"}],"author":[{"embeddable":true,"href":"https:\/\/noticiasveraces.com\/index.php?rest_route=\/wp\/v2\/users\/1"}],"replies":[{"embeddable":true,"href":"https:\/\/noticiasveraces.com\/index.php?rest_route=%2Fwp%2Fv2%2Fcomments&post=33241"}],"version-history":[{"count":0,"href":"https:\/\/noticiasveraces.com\/index.php?rest_route=\/wp\/v2\/posts\/33241\/revisions"}],"wp:featuredmedia":[{"embeddable":true,"href":"https:\/\/noticiasveraces.com\/index.php?rest_route=\/wp\/v2\/media\/33243"}],"wp:attachment":[{"href":"https:\/\/noticiasveraces.com\/index.php?rest_route=%2Fwp%2Fv2%2Fmedia&parent=33241"}],"wp:term":[{"taxonomy":"category","embeddable":true,"href":"https:\/\/noticiasveraces.com\/index.php?rest_route=%2Fwp%2Fv2%2Fcategories&post=33241"},{"taxonomy":"post_tag","embeddable":true,"href":"https:\/\/noticiasveraces.com\/index.php?rest_route=%2Fwp%2Fv2%2Ftags&post=33241"}],"curies":[{"name":"wp","href":"https:\/\/api.w.org\/{rel}","templated":true}]}}