{"id":33237,"date":"2025-06-25T16:34:51","date_gmt":"2025-06-25T20:34:51","guid":{"rendered":"https:\/\/noticiasveraces.com\/?p=33237"},"modified":"2025-06-25T16:34:51","modified_gmt":"2025-06-25T20:34:51","slug":"al-menos-ocho-muertos-en-protestas-en-kenia-dw-25-06-2025","status":"publish","type":"post","link":"https:\/\/noticiasveraces.com\/?p=33237","title":{"rendered":"Al menos ocho muertos en protestas en Kenia \u2013 DW \u2013 25\/06\/2025"},"content":{"rendered":"<p> \n<\/p>\n<div>\n<p>Ocho personas murieron y 400 resultaron heridas en Kenia este mi\u00e9rcoles (25.06.2025) en enfrentamientos durante las manifestaciones para conmemorar las protestas de 2024, informaron organizaciones de defensa de los derechos humanos.<\/p>\n<p>Durante las masivas movilizaciones del a\u00f1o pasado, las calles de la capital Nairobi se llenaron de manifestantes que protestaron contra el aumento de impuestos decretado por el presidente William Ruto, en un contexto de grave crisis econ\u00f3mica.<\/p>\n<p>Esta movilizaci\u00f3n fue duramente reprimida y termin\u00f3 con 60 muertos, pero en su punto culminante los manifestantes ocuparon el Parlamento el 25 de junio de 2024 y obligaron a Ruto a retirar el proyecto de alza impositiva.<\/p>\n<p>Una coalici\u00f3n en defensa de derechos humanos afirm\u00f3 que ocho personas murieron este mi\u00e9rcoles en las movilizaciones para recordar la protesta de 2024 en 23 condados de Kenia.<\/p>\n<p>\u00abAl menos otras 400 personas recibieron atenci\u00f3n m\u00e9dica, 83 de ellas fueron derivadas a centros especializados por heridas graves\u00bb, declar\u00f3 en un comunicado la coalici\u00f3n, que incluye a oeneg\u00e9s como Amnist\u00eda Internacional y la Asociaci\u00f3n M\u00e9dica de Kenia.<\/p>\n<p>Miles de personas salieron a las calles de Nairobi y de otras ciudades de Kenia, pese a la fuerte presencia de la polic\u00eda, que acordon\u00f3 con alambradas los edificios gubernamentales y lanz\u00f3 gases lacrim\u00f3genos a los manifestantes. En varias marchas concurrieron tambi\u00e9n familiares de las v\u00edctimas de la movilizaci\u00f3n de 2024.<\/p>\n<p>CT (AFP, Efe)<\/p>\n<\/div>\n\n","protected":false},"excerpt":{"rendered":"<p>Ocho personas murieron y 400 resultaron heridas en Kenia este mi\u00e9rcoles (25.06.2025) en enfrentamientos durante las manifestaciones para conmemorar las protestas de 2024, informaron organizaciones de defensa de los derechos humanos. Durante las masivas movilizaciones del a\u00f1o pasado, las calles de la capital Nairobi se llenaron de manifestantes que protestaron contra el aumento de impuestos &hellip;<\/p>\n","protected":false},"author":1,"featured_media":33238,"comment_status":"open","ping_status":"open","sticky":false,"template":"","format":"standard","meta":{"fifu_image_url":"https:\/\/static.dw.com\/image\/73039742_6.jpg","fifu_image_alt":"","footnotes":""},"categories":[13],"tags":[],"class_list":["post-33237","post","type-post","status-publish","format-standard","has-post-thumbnail","","category-mundo"],"_links":{"self":[{"href":"https:\/\/noticiasveraces.com\/index.php?rest_route=\/wp\/v2\/posts\/33237","targetHints":{"allow":["GET"]}}],"collection":[{"href":"https:\/\/noticiasveraces.com\/index.php?rest_route=\/wp\/v2\/posts"}],"about":[{"href":"https:\/\/noticiasveraces.com\/index.php?rest_route=\/wp\/v2\/types\/post"}],"author":[{"embeddable":true,"href":"https:\/\/noticiasveraces.com\/index.php?rest_route=\/wp\/v2\/users\/1"}],"replies":[{"embeddable":true,"href":"https:\/\/noticiasveraces.com\/index.php?rest_route=%2Fwp%2Fv2%2Fcomments&post=33237"}],"version-history":[{"count":0,"href":"https:\/\/noticiasveraces.com\/index.php?rest_route=\/wp\/v2\/posts\/33237\/revisions"}],"wp:featuredmedia":[{"embeddable":true,"href":"https:\/\/noticiasveraces.com\/index.php?rest_route=\/wp\/v2\/media\/33238"}],"wp:attachment":[{"href":"https:\/\/noticiasveraces.com\/index.php?rest_route=%2Fwp%2Fv2%2Fmedia&parent=33237"}],"wp:term":[{"taxonomy":"category","embeddable":true,"href":"https:\/\/noticiasveraces.com\/index.php?rest_route=%2Fwp%2Fv2%2Fcategories&post=33237"},{"taxonomy":"post_tag","embeddable":true,"href":"https:\/\/noticiasveraces.com\/index.php?rest_route=%2Fwp%2Fv2%2Ftags&post=33237"}],"curies":[{"name":"wp","href":"https:\/\/api.w.org\/{rel}","templated":true}]}}