{"id":33234,"date":"2025-06-25T16:24:25","date_gmt":"2025-06-25T20:24:25","guid":{"rendered":"https:\/\/noticiasveraces.com\/?p=33234"},"modified":"2025-06-25T16:24:25","modified_gmt":"2025-06-25T20:24:25","slug":"hijo-de-iran-shah-reza-pahlavi-pide-un-cambio-de-regimen-trump-tambien-sopeso-la-opcion","status":"publish","type":"post","link":"https:\/\/noticiasveraces.com\/?p=33234","title":{"rendered":"Hijo de Ir\u00e1n Shah Reza Pahlavi pide un cambio de r\u00e9gimen; Trump tambi\u00e9n sopes\u00f3 la opci\u00f3n"},"content":{"rendered":"<p> \n<\/p>\n<div>\n<p id=\"anchor-826966\" class=\"body-graf\">Este grito de reuni\u00f3n es atractivo para muchos de los 4 millones de exiliados y expatriados iran\u00edes en todo el mundo, poco menos de un tercio de los cuales viven en los Estados Unidos, seg\u00fan estad\u00edsticas del Ministerio de Relaciones Exteriores de Ir\u00e1n de 2021.<\/p>\n<p id=\"anchor-7c9147\" class=\"body-graf\">\u00abSi viene el cambio, el \u00fanico camino que ofrece tanto estabilidad como un sentido de continuidad nacional es a trav\u00e9s de Pahlavi\u00bb, dijo Amin, de 38 a\u00f1os, un iran\u00ed que ahora vive en Canad\u00e1 que se neg\u00f3 a dar su segundo nombre o ubicaci\u00f3n exacta por temor a hablar en contra del r\u00e9gimen incluso desde el extranjero.<\/p>\n<p id=\"anchor-24cd97\" class=\"body-graf\">Hay un desacuerdo entre los expertos sobre la popularidad de Pahlavi dentro de Ir\u00e1n.<\/p>\n<p id=\"anchor-873f98\" class=\"body-graf\">Un estudio de 2022 realizado por Gamaan, un grupo de investigaci\u00f3n con sede en holand\u00e9s, calific\u00f3 la popularidad interna de Pahlavi en un 39%, mucho m\u00e1s que el entonces primer ministro Ebrahim Raisi, en segundo lugar con el 17%, y encarcelado Nobel Peace Laureate Narges Mohammadi en el 15%.<\/p>\n<p id=\"anchor-f30025\" class=\"body-graf\">\u00abEs la \u00fanica figura nacional dentro de Ir\u00e1n con legitimidad cruzada, de clase transversal y inter\u00e9tnica\u00bb, dijo la semana pasada una destacada cuenta de la di\u00e1spora iran\u00ed en X, @upuouo.<\/p>\n<p id=\"anchor-8b05be\" class=\"body-graf\">Otros contendientes en el extranjero incluyen el grupo disidente Mujahedeen E-Khalq, m\u00e1s com\u00fanmente conocido como el MEK, que ha ganado partidarios de alto perfil, incluidos el ex alcalde de Nueva York y el aliado de Trump Rudy Giuliani. Pero Mek, ampliamente visto por los expertos occidentales como un culto, tiene un apoyo insignificante dentro de Ir\u00e1n gracias a su respaldo para Saddam Hussein durante la Guerra de Ir\u00e1n-Iraq de 1980-88. <\/p>\n<p id=\"anchor-1e8077\" class=\"body-graf\">Los cr\u00edticos de Pahlavi lo ven como el figura occidental de una dinast\u00eda que tom\u00f3 el poder en la d\u00e9cada de 1920 ayudado por los brit\u00e1nicos, consolid\u00f3 su control con la ayuda de la CIA, y solo est\u00e1 preparado para un regreso despu\u00e9s de los ataques a\u00e9reos de Israel y los Estados Unidos.<\/p>\n<p id=\"anchor-6ce8b5\" class=\"body-graf\">Amin Aghdasi, de 30 a\u00f1os, de Teher\u00e1n, lo describi\u00f3 como \u00abun cobarde que traiciona a su naci\u00f3n\u00bb y alguien esperando \u00abque se le entregue el poder\u00bb. Pahlavi \u00abpiensa que un criminal de guerra como Bibi puede ayudar a traer de vuelta su monarqu\u00eda\u00bb, agreg\u00f3 Aghdasi, refiri\u00e9ndose al primer ministro israel\u00ed Benjamin Netanyahu.<\/p>\n<p id=\"anchor-e52d6b\" class=\"body-graf\">NBC News ha solicitado comentarios del equipo de medios de Pahlavi, tanto en las preocupaciones sobre sus lazos familiares con el legado de su padre como la decisi\u00f3n de usar preguntas preseleccionadas en su conferencia de prensa.<\/p>\n<figure class=\"styles_inlineImage__FvnTh styles_medium__MEKii\" id=\"anchor-7e0f26\"><picture class=\"styles_image__i32F7\" data-testid=\"picture\"><source media=\"(min-width: 1000px)\" srcset=\"https:\/\/media-cldnry.s-nbcnews.com\/image\/upload\/t_fit-560w,f_avif,q_auto:eco,dpr_2\/rockcms\/2025-06\/250624-tehran-mb-1339-a07eb5.jpg 2x, https:\/\/media-cldnry.s-nbcnews.com\/image\/upload\/t_fit-560w,f_auto,q_auto:best\/rockcms\/2025-06\/250624-tehran-mb-1339-a07eb5.jpg 1x\"\/><source media=\"(min-width: 320px)\" srcset=\"https:\/\/media-cldnry.s-nbcnews.com\/image\/upload\/t_fit-760w,f_avif,q_auto:eco,dpr_2\/rockcms\/2025-06\/250624-tehran-mb-1339-a07eb5.jpg 2x, https:\/\/media-cldnry.s-nbcnews.com\/image\/upload\/t_fit-760w,f_auto,q_auto:best\/rockcms\/2025-06\/250624-tehran-mb-1339-a07eb5.jpg 1x\"\/><img decoding=\"async\" loading=\"lazy\" src=\"https:\/\/media-cldnry.s-nbcnews.com\/image\/upload\/t_fit-760w,f_auto,q_auto:best\/rockcms\/2025-06\/250624-tehran-mb-1339-a07eb5.jpg\" alt=\"La vida cotidiana en Teher\u00e1n en medio de la guerra de Ir\u00e1n-Israel\" height=\"1667\" width=\"2500\"\/><\/picture><figcaption class=\"caption styles_caption__TCewG\" data-testid=\"caption\"><span class=\"caption__container\" data-testid=\"caption__container\">Un joven iran\u00ed sostiene la bandera nacional junto a una ambulancia destruida en Teher\u00e1n el lunes.<\/span><span class=\"caption__source\" data-testid=\"caption__source\">Morteza Nikoubazl \/ Nurphoto a trav\u00e9s de Getty Images<\/span><\/figcaption><\/figure>\n<p id=\"anchor-b0a22b\" class=\"body-graf\">Algunos analistas tambi\u00e9n son esc\u00e9pticos de las encuestas dentro de Ir\u00e1n, donde algunas opiniones pueden conducir a la c\u00e1rcel o peor.<\/p>\n<p id=\"anchor-f559e3\" class=\"body-graf\">\u00abHa habido un verdadero impulso para que Pahlavi sea visto como una figura de oposici\u00f3n cre\u00edble en Ir\u00e1n, pero mi sentido es que no lo es\u00bb, dijo Dina Esfandiary, la geoeconom\u00eda de Medio Oriente, liderando la econom\u00eda de Bloomberg, la divisi\u00f3n de investigaci\u00f3n interna de Bloomberg. \u00abTiene seguidores fuera del pa\u00eds\u00bb, pero \u00abHonestamente, dentro de Ir\u00e1n, no tanto. No ha estado dentro del pa\u00eds en m\u00e1s de 40 a\u00f1os\u00bb y muchas personas creen que su familia es la raz\u00f3n por la cual Ir\u00e1n est\u00e1 donde est\u00e1 hoy \u00ab.<\/p>\n<p id=\"anchor-510bc1\" class=\"body-graf\">Ella est\u00e1 de acuerdo en que hay pocas buenas opciones. <\/p>\n<p id=\"anchor-f5d666\" class=\"body-graf\">\u00abEsa es una de las razones por las cuales el pueblo iran\u00ed, aunque quieren cambios, tienen miedo de eso, porque no tienen a nadie con quien reunirse\u00bb, dijo. Ella piensa que cualquier soluci\u00f3n duradera \u00abnecesitar\u00eda que los iran\u00edes trabajen juntos y presenten una oposici\u00f3n viable\u00bb.<\/p>\n<p id=\"anchor-1c5bc2\" class=\"body-graf\">Una raz\u00f3n por la que no ha sido posible a nivel nacional es el aplastamiento de Ir\u00e1n de los sucesivos movimientos de protesta con fuerza mortal. En particular, el movimiento verde de 2009, en el que los manifestantes criticaron las elecciones manipuladas de ese a\u00f1o, y la protesta masiva por la muerte de Mahsa Amini despu\u00e9s de su detenci\u00f3n por no seguir leyes femeninas de pa\u00f1uelo en la cabeza en 2022.<\/p>\n<p id=\"anchor-f47404\" class=\"body-graf\">En Par\u00eds, Pahlavi busc\u00f3 retratarse a s\u00ed mismo como un modelo de apertura y desinter\u00e9s que ayudar\u00eda a dar a luz una nueva era pac\u00edfica y democr\u00e1tica en Ir\u00e1n, tal vez en la l\u00ednea del rey de Espa\u00f1a, Juan Carlos I, que ayud\u00f3 a desmantelar el r\u00e9gimen autoritario de Francisco Franco y establecer una monarqu\u00eda parlamentaria. <\/p>\n<p id=\"anchor-b65efb\" class=\"body-graf\">Aunque era reacio a dar un nombre formal al papel de transici\u00f3n que podr\u00eda desempe\u00f1ar, diciendo \u00abNo creo que necesite un t\u00edtulo\u00bb, era inequ\u00edvoco sobre su mensaje al ayatol\u00e1.<\/p>\n<p id=\"anchor-dbe35d\" class=\"endmark body-graf\">\u00abBaja hacia abajo\u00bb, dijo por el ca\u00f1\u00f3n de la c\u00e1mara. \u00abSi lo hace, recibir\u00e1 un juicio justo y el debido proceso de derecho, que es m\u00e1s de lo que ha dado a cualquier iran\u00ed\u00bb.<\/p>\n<\/div>\n\n","protected":false},"excerpt":{"rendered":"<p>Este grito de reuni\u00f3n es atractivo para muchos de los 4 millones de exiliados y expatriados iran\u00edes en todo el mundo, poco menos de un tercio de los cuales viven en los Estados Unidos, seg\u00fan estad\u00edsticas del Ministerio de Relaciones Exteriores de Ir\u00e1n de 2021. \u00abSi viene el cambio, el \u00fanico camino que ofrece tanto &hellip;<\/p>\n","protected":false},"author":1,"featured_media":33236,"comment_status":"open","ping_status":"open","sticky":false,"template":"","format":"standard","meta":{"fifu_image_url":"https:\/\/media-cldnry.s-nbcnews.com\/image\/upload\/t_nbcnews-fp-1200-630,f_auto,q_auto:best\/rockcms\/2025-06\/250623-Reza-Pahlavi-mb-1252-ff7da4.jpg","fifu_image_alt":"","footnotes":""},"categories":[4],"tags":[],"class_list":["post-33234","post","type-post","status-publish","format-standard","has-post-thumbnail","","category-historias-destacadas"],"_links":{"self":[{"href":"https:\/\/noticiasveraces.com\/index.php?rest_route=\/wp\/v2\/posts\/33234","targetHints":{"allow":["GET"]}}],"collection":[{"href":"https:\/\/noticiasveraces.com\/index.php?rest_route=\/wp\/v2\/posts"}],"about":[{"href":"https:\/\/noticiasveraces.com\/index.php?rest_route=\/wp\/v2\/types\/post"}],"author":[{"embeddable":true,"href":"https:\/\/noticiasveraces.com\/index.php?rest_route=\/wp\/v2\/users\/1"}],"replies":[{"embeddable":true,"href":"https:\/\/noticiasveraces.com\/index.php?rest_route=%2Fwp%2Fv2%2Fcomments&post=33234"}],"version-history":[{"count":0,"href":"https:\/\/noticiasveraces.com\/index.php?rest_route=\/wp\/v2\/posts\/33234\/revisions"}],"wp:featuredmedia":[{"embeddable":true,"href":"https:\/\/noticiasveraces.com\/index.php?rest_route=\/wp\/v2\/media\/33236"}],"wp:attachment":[{"href":"https:\/\/noticiasveraces.com\/index.php?rest_route=%2Fwp%2Fv2%2Fmedia&parent=33234"}],"wp:term":[{"taxonomy":"category","embeddable":true,"href":"https:\/\/noticiasveraces.com\/index.php?rest_route=%2Fwp%2Fv2%2Fcategories&post=33234"},{"taxonomy":"post_tag","embeddable":true,"href":"https:\/\/noticiasveraces.com\/index.php?rest_route=%2Fwp%2Fv2%2Ftags&post=33234"}],"curies":[{"name":"wp","href":"https:\/\/api.w.org\/{rel}","templated":true}]}}