{"id":33230,"date":"2025-06-25T15:34:06","date_gmt":"2025-06-25T19:34:06","guid":{"rendered":"https:\/\/noticiasveraces.com\/?p=33230"},"modified":"2025-06-25T15:34:06","modified_gmt":"2025-06-25T19:34:06","slug":"empujo-la-otan-a-rusia-a-la-guerra-dw-25-06-2025","status":"publish","type":"post","link":"https:\/\/noticiasveraces.com\/?p=33230","title":{"rendered":"\u00bfEmpuj\u00f3 la OTAN a Rusia a la guerra? \u2013 DW \u2013 25\/06\/2025"},"content":{"rendered":"<p> \n<\/p>\n<div>\n<p>Los jefes de Estado y de Gobierno de la OTAN\u00a0se reunieron en una cumbre en La Haya, capital de Pa\u00edses Bajos, el 24 y 25 de junio, para tratar, sobre todo, el tema del aumento del gasto en defensa y el apoyo a Ucrania. El motivo es el ataque a gran escala de Rusia\u00a0contra Ucrania, que ya dura m\u00e1s de tres a\u00f1os, junto con la presi\u00f3n de Washington\u00a0para que haya un mayor reparto de responsabilidades dentro de la alianza.<\/p>\n<p>Durante a\u00f1os han circulado numerosas afirmaciones y narrativas falsas sobre la OTAN. DW Verifica ha examinado algunas de ellas.<\/p>\n<h2>\u00bfHa roto la OTAN su promesa a Rusia?<\/h2>\n<p>El presidente ruso, Vladimir Putin, justifica su ataque a Ucrania esencialmente con el argumento de que la OTAN representa desde hace d\u00e9cadas una creciente amenaza para la seguridad de Rusia.<\/p>\n<p>Ya en una entrevista con la BBC, en marzo de 2020, Putin\u00a0expres\u00f3 su apertura hacia la OTAN, pero formul\u00f3 al mismo tiempo su preocupaci\u00f3n sobre la extensi\u00f3n hacia el este de la alianza, que en ese momento inclu\u00eda a Polonia, la Rep\u00fablica Checa y Hungr\u00eda. Ha justificado repetidamente su desconfianza con una supuesta violaci\u00f3n de la confianza por parte de las potencias occidentales, que se remonta a las negociaciones del Tratado Dos m\u00e1s Cuatro.<\/p>\n<p>Seg\u00fan Putin, los pa\u00edses occidentales prometieron entonces a la Uni\u00f3n Sovi\u00e9tica que no expandir\u00edan la OTAN hacia el este. La OTAN lo niega.<\/p>\n<h2>\u00bfQu\u00e9 se supone que prometi\u00f3 la OTAN a la Uni\u00f3n Sovi\u00e9tica?<\/h2>\n<p>Qu\u00e9 se prometi\u00f3 exactamente ha sido un tema muy controvertido desde entonces, tanto entre pol\u00edticos como entre la ciudadan\u00eda y el mundo acad\u00e9mico. Es indiscutible que el Tratado Dos m\u00e1s Cuatro simplemente establece que no se podr\u00e1n estacionar tropas extranjeras en el territorio de la antigua RDA.<\/p>\n<p>Por lo tanto, \u00abno existen declaraciones jur\u00eddicamente vinculantes sobre la expansi\u00f3n de la OTAN hacia el este ni sobre la admisi\u00f3n de otros miembros\u201d, seg\u00fan el Ministerio de Defensa alem\u00e1n, por ejemplo.<\/p>\n<p>Igualmente bien documentadas est\u00e1n las numerosas declaraciones de diplom\u00e1ticos occidentales que apoyan la tesis de Putin, incluyendo la \u00abno expansi\u00f3n de la OTAN (&#8230;) en general\u00bb del ministro de Asuntos Exteriores alem\u00e1n, Hans-Dietrich Genscher, y la frase \u00abni un cent\u00edmetro al Este\u00bb de su hom\u00f3logo estadounidense, James Baker. Sin embargo, algunos historiadores argumentan que pronto se retractaron de esta afirmaci\u00f3n.<\/p>\n<p>Otros argumentan que esta declaraci\u00f3n solo podr\u00eda haberse referido a Alemania Oriental, simplemente porque contradice el principio de \u00ablibre elecci\u00f3n de alianza\u00bb promovido en Occidente.<\/p>\n<p>Entre ellos se encuentra Jim Townsend, quien por entonces trabajaba en la Divisi\u00f3n de Pol\u00edtica Europea y de la OTAN del Departamento de Defensa de EE. UU.: \u00abSe trataba exclusivamente de Alemania y la reunificaci\u00f3n alemana\u00bb, declar\u00f3 a DW.<\/p>\n<figure class=\"placeholder-image free_image big\"><img data-format=\"FREE_IMAGE\" data-id=\"6454483\" data-url=\"https:\/\/static.dw.com\/image\/6454483_${formatId}.jpg\" data-aspect-ratio=\"590\/332\" alt=\"El presidente de la Uni\u00f3n Sovi\u00e9tica, Mija\u00edl Gorbachov, reunido en julio de 1990 con el canciller alem\u00e1n Helmut Kohl y el ministro de Asuntos Exteriores Hans-Dietrich Genscher en Rusia para discutir la adhesi\u00f3n de una Alemania reunificada a la OTAN.\" style=\"padding-bottom: 56.27%; height: 0; max-height: 0;\"\/><figcaption class=\"img-caption\">En julio de 1990, el presidente de la Uni\u00f3n Sovi\u00e9tica, Mija\u00edl Gorbachov, recibi\u00f3 al canciller alem\u00e1n Helmut Kohl y al ministro de Asuntos Exteriores Hans-Dietrich Genscher en Rusia para discutir la adhesi\u00f3n de una Alemania reunificada a la OTAN.<small class=\"copyright\">Imagen: AP<\/small><\/figcaption><\/figure>\n<h2>Gorbachov: una \u00abviolaci\u00f3n del esp\u00edritu de 1990\u201d<\/h2>\n<p>Como testigo clave de esa interpretaci\u00f3n es citado tambi\u00e9n el entonces presidente de la Uni\u00f3n Sovi\u00e9tica Mija\u00edl Gorbachov. En una entrevista en 2014 supuestamente se retract\u00f3 de declaraciones anteriores en las que hab\u00eda enfatizado la f\u00f3rmula \u00abni una pulgada al este\u00bb, diciendo: \u00abEl tema de la expansi\u00f3n de la OTAN no se discuti\u00f3 en absoluto\u00bb.<\/p>\n<p>Estos argumentos no convencen a Joshua Shifrinson, profesor de Pol\u00edtica Internacional en la Universidad de Maryland. La supuesta retractaci\u00f3n de Gorbachov fue sacada de contexto, seg\u00fan explic\u00f3 en una entrevista con DW. En la misma entrevista, el presidente sovi\u00e9tico declar\u00f3 sobre el debate iniciado en 1993 acerca de la admisi\u00f3n de los antiguos pa\u00edses del Pacto de Varsovia: \u00abDesde el principio, lo consider\u00e9 un grave error. Fue, sin duda, una violaci\u00f3n del esp\u00edritu de las declaraciones y garant\u00edas que nos dieron en 1990\u201d.<\/p>\n<p>Esto tambi\u00e9n se contradice con la declaraci\u00f3n p\u00fablica hecha por Manfred W\u00f6rner, Secretario General de la OTAN de 1988 a 1994, en mayo de 1990, que Vladimir Putin cit\u00f3 en la Conferencia de Seguridad de M\u00fanich de 2007: \u00abEl mero hecho de que estemos dispuestos a no estacionar fuerzas de la OTAN detr\u00e1s de las fronteras de la Rep\u00fablica Federal de Alemania da a la Uni\u00f3n Sovi\u00e9tica firmes garant\u00edas de seguridad\u00bb.<\/p>\n<p>Shifrinson ha evaluado numerosas fuentes sobre el tema, incluidas las actas anteriormente clasificadas de una reuni\u00f3n de cuatro diplom\u00e1ticos de alto rango de la OTAN de EE. UU., el Reino Unido, Francia y Alemania en marzo de 1991, sobre la que tambi\u00e9n inform\u00f3 la revista alemana <em>El espejo<\/em>.<\/p>\n<figure class=\"placeholder-image master_landscape big\"><img data-format=\"MASTER_LANDSCAPE\" data-id=\"70888483\" data-url=\"https:\/\/static.dw.com\/image\/70888483_${formatId}.jpg\" data-aspect-ratio=\"16\/9\" alt=\"Vladimir Putin en la Conferencia de Seguridad de M\u00fanich en 2007.\" style=\"padding-bottom: 56.25%; height: 0; max-height: 0;\"\/><figcaption class=\"img-caption\">Vladimir Putin en la Conferencia de Seguridad de M\u00fanich en 2007: \u00ab\u00bfD\u00f3nde est\u00e1n esas garant\u00edas?\u00bb<small class=\"copyright\">Im\u00e1genes: Matthias Schrader\/Picture Alliance\/DPA<\/small><\/figcaption><\/figure>\n<h2>\u00abNo podemos ofrecerle una membres\u00eda a Polonia\u201d en la UE<\/h2>\n<p>Seg\u00fan el protocolo de una sesi\u00f3n de cuatro altos diplom\u00e1ticos de la OTAN -de EE. UU., Reino Unido, Francia y Alemania-, el representante alem\u00e1n, J\u00fcrgen Chrobog, dijo: \u00abHemos dejado en claro que no ampliaremos las fronteras de la OTAN m\u00e1s all\u00e1 del r\u00edo Elba. Por eso, no podemos ofrecer una membres\u00eda en la OTAN a Polonia ni a los otros\u201d.<\/p>\n<p>De acuerdo con ese documento, cuyas fotograf\u00edas tiene DW, nadie contradijo esa declaraci\u00f3n. El franc\u00e9s Raymond Seitz incluso confirm\u00f3: \u00abHemos dejado en claro ante la Uni\u00f3n Sovi\u00e9tica -en el Tratado Dos m\u00e1s Cuatro, as\u00ed como en otras conversaciones, que no sacaremos ninguna ventaja del retiro de las tropas sovi\u00e9ticas del este de Europa\u201d.<\/p>\n<p>Un a\u00f1o y medio despu\u00e9s de la firma del tratado, eso era un consenso entre los altos diplom\u00e1ticos de la OTAN, dice Shifrinson: \u00abLa gente estaba realmente preocupada por el futuro de Europa del Este en general\u201d.<\/p>\n<p>Benjamin Friedman, del centro de estudios estadounidense Defense Priorities, tambi\u00e9n analiza las relaciones entre Rusia y la OTAN. Afirma: \u00abPuede que Estados Unidos no haya prometido solemnemente que nunca expandir\u00edamos la OTAN, pero sin duda dimos esa impresi\u00f3n a los rusos, y creo que eso los molest\u00f3\u201d.<\/p>\n<p><span data-slot-id=\"Article_InContent-1\" class=\"rich-text-ad\"\/><\/p>\n<h2>\u00bfEmpuj\u00f3 la OTAN a Rusia a la guerra?<\/h2>\n<p>Ante toda esta controversia y las supuestas garant\u00edas, Shifrinson aclara: \u00abEs indiscutiblemente cierto que Rusia invadi\u00f3 a Ucrania\u201d. Sin embargo, \u00abse puede reconocer que se dieron garant\u00edas y luego se revocaron, sin por eso justificar este comportamiento de Rusia\u00bb.<\/p>\n<p>De modo similar lo ve Friedman: \u00abHay diferencias entre una declaraci\u00f3n sobre causalidad y una declaraci\u00f3n sobre responsabilidad moral\u201d. La invasi\u00f3n de Rusia a Ucrania es moralmente reprochable, pero \u00abla expansi\u00f3n, es decir, la perspectiva de una expansi\u00f3n de la OTAN a Ucrania fue un motivo importante para la guerra\u201d.<\/p>\n<p>Tambi\u00e9n para Townsend, que luego de su carrera en el Pent\u00e1gono y la OTAN pas\u00f3 a desempe\u00f1arse en el centro de investigaci\u00f3n Atlantic Council, Rusia es claramente el agresor. \u00abSiempre fuimos muy cuidadosos y discutimos constantemente con los rusos, y en ese momento nos dieron luz verde\u201d, asegura. Hasta que Putin habl\u00f3 \u00abde pronto de un problema\u201d en la Conferencia de Seguridad de M\u00fanich, explica Townsend.<\/p>\n<p>\u00abSi la OTAN ha hecho algo para desestabilizar la arquitectura de seguridad europea, es que no es lo suficientemente fuerte\u00bb, concluye.<\/p>\n<p>(cp\/el)<\/p>\n<\/div>\n\n","protected":false},"excerpt":{"rendered":"<p>Los jefes de Estado y de Gobierno de la OTAN\u00a0se reunieron en una cumbre en La Haya, capital de Pa\u00edses Bajos, el 24 y 25 de junio, para tratar, sobre todo, el tema del aumento del gasto en defensa y el apoyo a Ucrania. El motivo es el ataque a gran escala de Rusia\u00a0contra Ucrania, &hellip;<\/p>\n","protected":false},"author":1,"featured_media":33231,"comment_status":"open","ping_status":"open","sticky":false,"template":"","format":"standard","meta":{"fifu_image_url":"https:\/\/static.dw.com\/image\/66060330_6.jpg","fifu_image_alt":"","footnotes":""},"categories":[13],"tags":[],"class_list":["post-33230","post","type-post","status-publish","format-standard","has-post-thumbnail","","category-mundo"],"_links":{"self":[{"href":"https:\/\/noticiasveraces.com\/index.php?rest_route=\/wp\/v2\/posts\/33230","targetHints":{"allow":["GET"]}}],"collection":[{"href":"https:\/\/noticiasveraces.com\/index.php?rest_route=\/wp\/v2\/posts"}],"about":[{"href":"https:\/\/noticiasveraces.com\/index.php?rest_route=\/wp\/v2\/types\/post"}],"author":[{"embeddable":true,"href":"https:\/\/noticiasveraces.com\/index.php?rest_route=\/wp\/v2\/users\/1"}],"replies":[{"embeddable":true,"href":"https:\/\/noticiasveraces.com\/index.php?rest_route=%2Fwp%2Fv2%2Fcomments&post=33230"}],"version-history":[{"count":0,"href":"https:\/\/noticiasveraces.com\/index.php?rest_route=\/wp\/v2\/posts\/33230\/revisions"}],"wp:featuredmedia":[{"embeddable":true,"href":"https:\/\/noticiasveraces.com\/index.php?rest_route=\/wp\/v2\/media\/33231"}],"wp:attachment":[{"href":"https:\/\/noticiasveraces.com\/index.php?rest_route=%2Fwp%2Fv2%2Fmedia&parent=33230"}],"wp:term":[{"taxonomy":"category","embeddable":true,"href":"https:\/\/noticiasveraces.com\/index.php?rest_route=%2Fwp%2Fv2%2Fcategories&post=33230"},{"taxonomy":"post_tag","embeddable":true,"href":"https:\/\/noticiasveraces.com\/index.php?rest_route=%2Fwp%2Fv2%2Ftags&post=33230"}],"curies":[{"name":"wp","href":"https:\/\/api.w.org\/{rel}","templated":true}]}}