{"id":33220,"date":"2025-06-25T13:32:44","date_gmt":"2025-06-25T17:32:44","guid":{"rendered":"https:\/\/noticiasveraces.com\/?p=33220"},"modified":"2025-06-25T13:32:44","modified_gmt":"2025-06-25T17:32:44","slug":"trump-dice-que-hara-a-espana-pagar-el-doble-dw-25-06-2025","status":"publish","type":"post","link":"https:\/\/noticiasveraces.com\/?p=33220","title":{"rendered":"Trump dice que har\u00e1 a Espa\u00f1a \u00abpagar el doble\u00bb \u2013 DW \u2013 25\/06\/2025"},"content":{"rendered":"<p> \n<\/p>\n<div>\n<p>El presidente estadounidense, Donald Trump, critic\u00f3 este mi\u00e9rcoles (25.06.2025) la negativa de Espa\u00f1a a invertir un 5 % de su PIB en defensa, tal y como establece la OTAN, y asegur\u00f3 que negociar\u00e1 \u00abdirectamente\u00bb con Madrid un acuerdo comercial y que har\u00e1 al pa\u00eds \u00abpagar el doble\u00bb para compensar esa situaci\u00f3n.<\/p>\n<p>\u00abVoy a negociar directamente con Espa\u00f1a. Lo har\u00e9 yo mismo. Van a pagar. As\u00ed pagar\u00e1n m\u00e1s\u00bb, dijo Trump en una rueda de prensa ofrecida durante la cumbre de la Alianza en La Haya.<\/p>\n<p>\u00abVamos a negociar un acuerdo comercial con Espa\u00f1a. Les vamos a hacer pagar el doble. Y lo digo en serio. Vamos a lograrlo\u00bb, insisti\u00f3 el mandatario republicano, pese a que Madrid negocia sus acuerdos comerciales con Washington de manera colectiva como miembro de la Uni\u00f3n Europea (UE).<\/p>\n<p>Las palabras de Trump hacen pensar que su Gobierno, que est\u00e1 negociando con Bruselas un nuevo pacto tras amenazar con aranceles de hasta el 50 % para corregir lo que califica de d\u00e9ficits \u00abinjustos\u00bb, busque ahora gravar partidas concretas de bienes europeos que puedan afectar especialmente a Espa\u00f1a.<\/p>\n<p>\u00ab(Espa\u00f1a) es un lugar fant\u00e1stico, y son gente estupenda, pero Espa\u00f1a es el \u00fanico pa\u00eds, de todos los pa\u00edses, que se niega a pagar y, saben, quieren que les salga gratis, pero tendr\u00e1n que devolvernos el dinero a trav\u00e9s del comercio, porque no voy a permitir que eso ocurra. Es injusto\u00bb, subray\u00f3.<\/p>\n<p><strong>Espa\u00f1a es terrible<\/strong><\/p>\n<p>Trump asegur\u00f3 que Espa\u00f1a \u00abha sido el m\u00e1s hostil\u00bb de los miembros de la OTAN de cara a la idea de incrementar el volumen del gasto en defensa. \u00abSimplemente no le veo sentido\u00bb, apostill\u00f3.<\/p>\n<p>\u00abCreo que Espa\u00f1a es terrible. Son el \u00fanico pa\u00eds que no pagar\u00e1 el monto completo. Quieren quedarse en el 2 %. Creo que es terrible. Y, como saben, les va muy bien. La econom\u00eda va muy bien. Y esa econom\u00eda podr\u00eda hundirse por completo si algo malo ocurre\u00bb, dijo.<\/p>\n<p>\u00abEs el \u00fanico pa\u00eds que no paga. No s\u00e9 cu\u00e1l es el problema\u00bb, repiti\u00f3 el l\u00edder republicano, que lleg\u00f3 a la OTAN enfocado en lograr que los aliados se comprometieran a cumplir el nuevo aumento en los pr\u00f3ximos diez a\u00f1os.<\/p>\n<p>Washington estima que el umbral actual del gasto es \u00abrid\u00edculo\u00bb y considera que todos los miembros del bloque est\u00e1n capacitados para asumir ese aumento.<\/p>\n<p>CT (EFE, AFP)<\/p>\n<\/div>\n\n","protected":false},"excerpt":{"rendered":"<p>El presidente estadounidense, Donald Trump, critic\u00f3 este mi\u00e9rcoles (25.06.2025) la negativa de Espa\u00f1a a invertir un 5 % de su PIB en defensa, tal y como establece la OTAN, y asegur\u00f3 que negociar\u00e1 \u00abdirectamente\u00bb con Madrid un acuerdo comercial y que har\u00e1 al pa\u00eds \u00abpagar el doble\u00bb para compensar esa situaci\u00f3n. \u00abVoy a negociar directamente &hellip;<\/p>\n","protected":false},"author":1,"featured_media":33221,"comment_status":"open","ping_status":"open","sticky":false,"template":"","format":"standard","meta":{"fifu_image_url":"https:\/\/static.dw.com\/image\/73040035_6.jpg","fifu_image_alt":"","footnotes":""},"categories":[13],"tags":[],"class_list":["post-33220","post","type-post","status-publish","format-standard","has-post-thumbnail","","category-mundo"],"_links":{"self":[{"href":"https:\/\/noticiasveraces.com\/index.php?rest_route=\/wp\/v2\/posts\/33220","targetHints":{"allow":["GET"]}}],"collection":[{"href":"https:\/\/noticiasveraces.com\/index.php?rest_route=\/wp\/v2\/posts"}],"about":[{"href":"https:\/\/noticiasveraces.com\/index.php?rest_route=\/wp\/v2\/types\/post"}],"author":[{"embeddable":true,"href":"https:\/\/noticiasveraces.com\/index.php?rest_route=\/wp\/v2\/users\/1"}],"replies":[{"embeddable":true,"href":"https:\/\/noticiasveraces.com\/index.php?rest_route=%2Fwp%2Fv2%2Fcomments&post=33220"}],"version-history":[{"count":0,"href":"https:\/\/noticiasveraces.com\/index.php?rest_route=\/wp\/v2\/posts\/33220\/revisions"}],"wp:featuredmedia":[{"embeddable":true,"href":"https:\/\/noticiasveraces.com\/index.php?rest_route=\/wp\/v2\/media\/33221"}],"wp:attachment":[{"href":"https:\/\/noticiasveraces.com\/index.php?rest_route=%2Fwp%2Fv2%2Fmedia&parent=33220"}],"wp:term":[{"taxonomy":"category","embeddable":true,"href":"https:\/\/noticiasveraces.com\/index.php?rest_route=%2Fwp%2Fv2%2Fcategories&post=33220"},{"taxonomy":"post_tag","embeddable":true,"href":"https:\/\/noticiasveraces.com\/index.php?rest_route=%2Fwp%2Fv2%2Ftags&post=33220"}],"curies":[{"name":"wp","href":"https:\/\/api.w.org\/{rel}","templated":true}]}}