{"id":33216,"date":"2025-06-25T13:15:21","date_gmt":"2025-06-25T17:15:21","guid":{"rendered":"https:\/\/noticiasveraces.com\/?p=33216"},"modified":"2025-06-25T13:15:21","modified_gmt":"2025-06-25T17:15:21","slug":"fantasticos-fans-fans-dicen-voy-a-llorar-sobre-una-gran-actualizacion-de-peliculas-peliculas-entretenimiento","status":"publish","type":"post","link":"https:\/\/noticiasveraces.com\/?p=33216","title":{"rendered":"Fant\u00e1sticos Fans Fans dicen &#8216;Voy a llorar&#8217; sobre una gran actualizaci\u00f3n de pel\u00edculas | Pel\u00edculas | Entretenimiento"},"content":{"rendered":"<p> \n<\/p>\n<div>\n<p>Los fant\u00e1sticos cuatro fan\u00e1ticos dicen que van a \u00abllorar\u00bb despu\u00e9s de una gran actualizaci\u00f3n cinematogr\u00e1fica.<\/p>\n<p>A pesar de muchos a\u00f1os de intentos de avivamiento, los Cuatro Fant\u00e1sticos volver\u00e1n a las pantallas a finales de este a\u00f1o, ya que Marvel decide traer al equipo de regreso al MCU. Cuatro fant\u00e1sticos: desde entonces se han confirmado los primeros pasos y los fan\u00e1ticos se han dado vislumbres de los remolques oficiales a medida que se acumula la emoci\u00f3n.<\/p>\n<p>Y ahora, se ha compartido otra actualizaci\u00f3n ya que el avance final se lanza en l\u00ednea. Llevando a Instagram, Marvel Studios se burl\u00f3 de los fan\u00e1ticos con un aspecto nuevo cuando llegaron los comentarios.<\/p>\n<p>Escribieron: \u00abEn un mes, The Fantastic Four de Marvel Studios: los primeros pasos llegan a los cines el 25 de julio. Mire el nuevo trailer y obtenga boletos ahora en el enlace de Bio\u00bb.<\/p>\n<\/div>\n<div>\n<p>Y los comentarios llegaron. Un fan dijo: \u00abVoy a llorar las l\u00e1grimas m\u00e1s felices en esta pel\u00edcula I Stg\u00bb.<\/p>\n<p>Otro escribi\u00f3: \u00abWow. Marvel, creo que despu\u00e9s de 2 d\u00e9cadas finalmente has tra\u00eddo de vuelta la fant\u00e1stica Magic 4\u00bb.<\/p>\n<p>Un tercero agreg\u00f3: \u00ab\u00bfVoy a llorar viendo esta pel\u00edcula? 100% s\u00ed\u00bb. Un cuarto coment\u00f3: \u00abTengo escalofr\u00edos viendo esto\u00bb.<\/p>\n<\/div>\n<div>\n<p>Otro escrito: \u00abAcabo de morir y volv\u00ed a la vida\u00bb.<\/p>\n<p>Y los fan\u00e1ticos se apresuraron a se\u00f1alar un nuevo look para la cosa. Una persona escribi\u00f3: \u00ab\u00a1La cosa sacudiendo la barba!\u00bb<\/p>\n<p>Otro coment\u00f3: \u00ab\u00bfPor qu\u00e9 la cosa ten\u00eda barba? Parec\u00eda genial\u00bb. Un tercero agreg\u00f3: \u00ab\u00bfEstoy Trippin o Ben tiene barba de roca hacia el final?\u00bb<\/p>\n<\/div>\n<div>\n<p>Cuatro fant\u00e1sticos: los primeros pasos se lanzar\u00e1n el 25 de julio de 2025. Confirer\u00e1 en Pedro Pascal como Reed Richards y Vanessa Kirby como Sue Storm\/Invisible Woman, Ebon Moss-Banchraqu como The Thing y Joseph Quinn como Johnny Storm\/Human Torch.<\/p>\n<p>Los fan\u00e1ticos tambi\u00e9n ver\u00e1n a Julia Garner y Ralph Ineson. Anteriormente burl\u00e1ndose del programa, Marvel Studios escribi\u00f3 en Instagram: \u00abSu mayor fuerza es el uno del otro\u00bb.<\/p>\n<p>Los Cuatro Fant\u00e1sticos no son ajenos a las pantallas, ya que los fan\u00e1ticos recordar\u00e1n Fantastic Four en 2005 y nuevamente en 2015 con un reinicio. Y ahora los fan\u00e1ticos est\u00e1n emocionados de ver al equipo regresar ya que dicen que \u00abno pueden esperar\u00bb para julio.<\/p>\n<p><em><strong>Cuatro fant\u00e1sticos: los primeros pasos se lanzar\u00e1n el 25 de julio<\/strong><\/em><\/p>\n<\/div>\n\n","protected":false},"excerpt":{"rendered":"<p>Los fant\u00e1sticos cuatro fan\u00e1ticos dicen que van a \u00abllorar\u00bb despu\u00e9s de una gran actualizaci\u00f3n cinematogr\u00e1fica. A pesar de muchos a\u00f1os de intentos de avivamiento, los Cuatro Fant\u00e1sticos volver\u00e1n a las pantallas a finales de este a\u00f1o, ya que Marvel decide traer al equipo de regreso al MCU. Cuatro fant\u00e1sticos: desde entonces se han confirmado los &hellip;<\/p>\n","protected":false},"author":1,"featured_media":33217,"comment_status":"open","ping_status":"open","sticky":false,"template":"","format":"standard","meta":{"fifu_image_url":"https:\/\/cdn.images.express.co.uk\/img\/dynamic\/36\/1200x630\/6252875.jpg","fifu_image_alt":"","footnotes":""},"categories":[765],"tags":[],"class_list":["post-33216","post","type-post","status-publish","format-standard","has-post-thumbnail","","category-peliculas"],"_links":{"self":[{"href":"https:\/\/noticiasveraces.com\/index.php?rest_route=\/wp\/v2\/posts\/33216","targetHints":{"allow":["GET"]}}],"collection":[{"href":"https:\/\/noticiasveraces.com\/index.php?rest_route=\/wp\/v2\/posts"}],"about":[{"href":"https:\/\/noticiasveraces.com\/index.php?rest_route=\/wp\/v2\/types\/post"}],"author":[{"embeddable":true,"href":"https:\/\/noticiasveraces.com\/index.php?rest_route=\/wp\/v2\/users\/1"}],"replies":[{"embeddable":true,"href":"https:\/\/noticiasveraces.com\/index.php?rest_route=%2Fwp%2Fv2%2Fcomments&post=33216"}],"version-history":[{"count":0,"href":"https:\/\/noticiasveraces.com\/index.php?rest_route=\/wp\/v2\/posts\/33216\/revisions"}],"wp:featuredmedia":[{"embeddable":true,"href":"https:\/\/noticiasveraces.com\/index.php?rest_route=\/wp\/v2\/media\/33217"}],"wp:attachment":[{"href":"https:\/\/noticiasveraces.com\/index.php?rest_route=%2Fwp%2Fv2%2Fmedia&parent=33216"}],"wp:term":[{"taxonomy":"category","embeddable":true,"href":"https:\/\/noticiasveraces.com\/index.php?rest_route=%2Fwp%2Fv2%2Fcategories&post=33216"},{"taxonomy":"post_tag","embeddable":true,"href":"https:\/\/noticiasveraces.com\/index.php?rest_route=%2Fwp%2Fv2%2Ftags&post=33216"}],"curies":[{"name":"wp","href":"https:\/\/api.w.org\/{rel}","templated":true}]}}