{"id":33200,"date":"2025-06-25T11:27:25","date_gmt":"2025-06-25T15:27:25","guid":{"rendered":"https:\/\/noticiasveraces.com\/?p=33200"},"modified":"2025-06-25T11:27:25","modified_gmt":"2025-06-25T15:27:25","slug":"maryam-rajavi-afirma-que-el-cambio-de-regimen-esta-al-alcance-de-iran-en-iran","status":"publish","type":"post","link":"https:\/\/noticiasveraces.com\/?p=33200","title":{"rendered":"Maryam Rajavi afirma que el cambio de r\u00e9gimen est\u00e1 al alcance de Ir\u00e1n en Ir\u00e1n"},"content":{"rendered":"<p> \n<\/p>\n<div>\n<div id=\"beyondwords-wrapper\" class=\"beyondwords-wrapper\">\n<p><span class=\"label-bg\">NUEVO<\/span>\u00a1Ahora puedes escuchar art\u00edculos de Fox News!\n  <\/p>\n<\/div>\n<p class=\"speakable\">A medida que el alto el fuego hist\u00f3rico del presidente Donald Trump entra en vigencia, la incertidumbre sobre el futuro de Ir\u00e1n y el impulso del cambio de r\u00e9gimen tiene a los principales grupos de oposici\u00f3n iran\u00ed que luchan verbalmente para persuadir a los iran\u00edes de que son m\u00e1s capaces de hacerse cargo de los mul\u00e1s.<\/p>\n<p class=\"speakable\">En una entrevista exclusiva con Fox News Digital, Maryam Rajavi, presidente electo del Consejo Nacional de Resistencia de Ir\u00e1n (NCRI), respondi\u00f3 preguntas sobre las posiciones y pol\u00edticas del grupo que espera que el pueblo iran\u00ed se enfrente al r\u00e9gimen.<\/p>\n<p>Rajavi lidera el controvertido grupo, que est\u00e1 afiliado a Mujahedin-e Khalq (MEK). Una vez figurado como una organizaci\u00f3n terrorista en los EE. UU., El grupo fue retirado de la lista en 2012 y se le atribuye primero exponer el programa de armas nucleares de la Rep\u00fablica Isl\u00e1mica de Ir\u00e1n.<\/p>\n<p>Sigue los extractos de la entrevista de Fox News Digital con Maryam Rajavi.<\/p>\n<p><strong>\u00bfEs el cambio de r\u00e9gimen una posibilidad en Ir\u00e1n? Evaluaci\u00f3n de los pr\u00f3ximos pasos para nosotros<\/strong><\/p>\n<div class=\"image-ct inline\">\n<div class=\"m\"><picture><source media=\"(max-width: 767px)\" srcset=\"https:\/\/a57.foxnews.com\/static.foxnews.com\/foxnews.com\/content\/uploads\/2025\/02\/343\/192\/maryam-rajavi-1-scaled.jpeg?ve=1&amp;tl=1, https:\/\/a57.foxnews.com\/static.foxnews.com\/foxnews.com\/content\/uploads\/2025\/02\/686\/384\/maryam-rajavi-1-scaled.jpeg?ve=1&amp;tl=1 2x\" height=\"192\" width=\"343\"><source media=\"(min-width: 768px) and (max-width: 1023px)\" srcset=\"https:\/\/a57.foxnews.com\/static.foxnews.com\/foxnews.com\/content\/uploads\/2025\/02\/672\/378\/maryam-rajavi-1-scaled.jpeg?ve=1&amp;tl=1, https:\/\/a57.foxnews.com\/static.foxnews.com\/foxnews.com\/content\/uploads\/2025\/02\/1344\/756\/maryam-rajavi-1-scaled.jpeg?ve=1&amp;tl=1 2x\" height=\"378\" width=\"672\"><source media=\"(min-width: 1024px) and (max-width: 1279px)\" srcset=\"https:\/\/a57.foxnews.com\/static.foxnews.com\/foxnews.com\/content\/uploads\/2025\/02\/931\/523\/maryam-rajavi-1-scaled.jpeg?ve=1&amp;tl=1, https:\/\/a57.foxnews.com\/static.foxnews.com\/foxnews.com\/content\/uploads\/2025\/02\/1862\/1046\/maryam-rajavi-1-scaled.jpeg?ve=1&amp;tl=1 2x\" height=\"523\" width=\"931\"><source media=\"(min-width: 1280px)\" srcset=\"https:\/\/a57.foxnews.com\/static.foxnews.com\/foxnews.com\/content\/uploads\/2025\/02\/720\/405\/maryam-rajavi-1-scaled.jpeg?ve=1&amp;tl=1, https:\/\/a57.foxnews.com\/static.foxnews.com\/foxnews.com\/content\/uploads\/2025\/02\/1440\/810\/maryam-rajavi-1-scaled.jpeg?ve=1&amp;tl=1 2x\" height=\"405\" width=\"720\"><img loading=\"lazy\" decoding=\"async\" src=\"https:\/\/a57.foxnews.com\/static.foxnews.com\/foxnews.com\/content\/uploads\/2025\/02\/1200\/675\/maryam-rajavi-1-scaled.jpeg?ve=1&amp;tl=1\" alt=\"Maryam Rajavi, NCRI\" width=\"1200\" height=\"675\"\/><\/source><\/source><\/source><\/source><\/picture><\/div>\n<div class=\"info\">\n<div class=\"caption\">\n<p><span>Maryam Rajavi, l\u00edder de la NCRI.<\/span> <!----><\/p>\n<\/div>\n<\/div>\n<\/div>\n<h3><strong>Fox News Digital: \u00bfCrees que el cambio de r\u00e9gimen ocurrir\u00e1 en Ir\u00e1n?<\/strong><\/h3>\n<p><strong>Maryam Rajavi<\/strong>: Absolutamente. El cambio de r\u00e9gimen en Ir\u00e1n no es simplemente una posibilidad sino un imperativo hist\u00f3rico, inevitable y al alcance. Una sociedad explosiva y descontentada y una resistencia organizada dispuesta a pagar el precio m\u00e1s alto por la libertad de su patria existen hoy. Por el contrario, el r\u00e9gimen del L\u00edder Supremo ha perdido toda legitimidad debido a la corrupci\u00f3n estructural profundamente arraigada, la represi\u00f3n despiadada y la incompetencia econ\u00f3mica generalizada. <\/p>\n<p>Las olas de los levantamientos populares, desde 2009 hasta 2017, 2018, 2019 y 2022, con poderosos consignas como \u00abMuerte hasta el dictador, la muerte hasta Khamenei\u00bb y \u00abMuerte hacia el opresor, ya sea Shah o l\u00edder\u00bb, reflejan claramente la resoluci\u00f3n inquebrantable del pueblo iran\u00ed para poner fin a este r\u00e9gimen.<\/p>\n<div class=\"image-ct inline\">\n<div class=\"m\"><picture><source media=\"(max-width: 767px)\" srcset=\"https:\/\/a57.foxnews.com\/static.foxnews.com\/foxnews.com\/content\/uploads\/2022\/07\/343\/192\/2019-07-13T182518Z_1041380568_RC1234D2CB00_RTRMADP_3_USA-IRAN-ALBANIA.jpg?ve=1&amp;tl=1, https:\/\/a57.foxnews.com\/static.foxnews.com\/foxnews.com\/content\/uploads\/2022\/07\/686\/384\/2019-07-13T182518Z_1041380568_RC1234D2CB00_RTRMADP_3_USA-IRAN-ALBANIA.jpg?ve=1&amp;tl=1 2x\" height=\"192\" width=\"343\"><source media=\"(min-width: 768px) and (max-width: 1023px)\" srcset=\"https:\/\/a57.foxnews.com\/static.foxnews.com\/foxnews.com\/content\/uploads\/2022\/07\/672\/378\/2019-07-13T182518Z_1041380568_RC1234D2CB00_RTRMADP_3_USA-IRAN-ALBANIA.jpg?ve=1&amp;tl=1, https:\/\/a57.foxnews.com\/static.foxnews.com\/foxnews.com\/content\/uploads\/2022\/07\/1344\/756\/2019-07-13T182518Z_1041380568_RC1234D2CB00_RTRMADP_3_USA-IRAN-ALBANIA.jpg?ve=1&amp;tl=1 2x\" height=\"378\" width=\"672\"><source media=\"(min-width: 1024px) and (max-width: 1279px)\" srcset=\"https:\/\/a57.foxnews.com\/static.foxnews.com\/foxnews.com\/content\/uploads\/2022\/07\/931\/523\/2019-07-13T182518Z_1041380568_RC1234D2CB00_RTRMADP_3_USA-IRAN-ALBANIA.jpg?ve=1&amp;tl=1, https:\/\/a57.foxnews.com\/static.foxnews.com\/foxnews.com\/content\/uploads\/2022\/07\/1862\/1046\/2019-07-13T182518Z_1041380568_RC1234D2CB00_RTRMADP_3_USA-IRAN-ALBANIA.jpg?ve=1&amp;tl=1 2x\" height=\"523\" width=\"931\"><source media=\"(min-width: 1280px)\" srcset=\"https:\/\/a57.foxnews.com\/static.foxnews.com\/foxnews.com\/content\/uploads\/2022\/07\/720\/405\/2019-07-13T182518Z_1041380568_RC1234D2CB00_RTRMADP_3_USA-IRAN-ALBANIA.jpg?ve=1&amp;tl=1, https:\/\/a57.foxnews.com\/static.foxnews.com\/foxnews.com\/content\/uploads\/2022\/07\/1440\/810\/2019-07-13T182518Z_1041380568_RC1234D2CB00_RTRMADP_3_USA-IRAN-ALBANIA.jpg?ve=1&amp;tl=1 2x\" height=\"405\" width=\"720\"><img loading=\"lazy\" decoding=\"async\" src=\"https:\/\/a57.foxnews.com\/static.foxnews.com\/foxnews.com\/content\/uploads\/2022\/07\/1200\/675\/2019-07-13T182518Z_1041380568_RC1234D2CB00_RTRMADP_3_USA-IRAN-ALBANIA.jpg?ve=1&amp;tl=1\" alt=\"Mek Ir\u00e1n partidarios Ashraf-3\" width=\"1200\" height=\"675\"\/><\/source><\/source><\/source><\/source><\/picture><\/div>\n<div class=\"info\">\n<div class=\"caption\">\n<p><span>La gente saluda las banderas durante un evento en el campamento Ashraf-3, que es una base para la Organizaci\u00f3n Popular Mojahedin de Ir\u00e1n (MEK) en Manza, Albania, 13 de julio de 2019.<\/span> <span>(Reuters\/Florion Goga)<\/span><\/p>\n<\/div>\n<\/div>\n<\/div>\n<h3>\u00bfQu\u00e9 ofrece su grupo al pueblo iran\u00ed?<\/h3>\n<p><strong>Maryam Rajavi<\/strong>: Ofrecemos al pueblo iran\u00ed una alternativa democr\u00e1tica e inclusiva: una rep\u00fablica basada en la separaci\u00f3n de la religi\u00f3n y el estado, la completa igualdad de g\u00e9nero, el respeto por los derechos de las minor\u00edas \u00e9tnicas y religiosas, y la abolici\u00f3n de la pena de muerte. El plan de diez puntos que present\u00e9 hace 19 a\u00f1os al Consejo de Europa se basa en principios universales de los derechos humanos y proporciona una hoja de ruta integral y pr\u00e1ctica para un Ir\u00e1n libre y justo. A diferencia del r\u00e9gimen, que gobierna a trav\u00e9s del miedo y la represi\u00f3n, creemos en el poder de las personas y su libre elecci\u00f3n. <\/p>\n<div class=\"image-ct inline\">\n<div class=\"m\"><picture><source media=\"(max-width: 767px)\" srcset=\"https:\/\/a57.foxnews.com\/static.foxnews.com\/foxnews.com\/content\/uploads\/2022\/09\/343\/192\/Iran-Protests-Police.jpg?ve=1&amp;tl=1, https:\/\/a57.foxnews.com\/static.foxnews.com\/foxnews.com\/content\/uploads\/2022\/09\/686\/384\/Iran-Protests-Police.jpg?ve=1&amp;tl=1 2x\" height=\"192\" width=\"343\"><source media=\"(min-width: 768px) and (max-width: 1023px)\" srcset=\"https:\/\/a57.foxnews.com\/static.foxnews.com\/foxnews.com\/content\/uploads\/2022\/09\/672\/378\/Iran-Protests-Police.jpg?ve=1&amp;tl=1, https:\/\/a57.foxnews.com\/static.foxnews.com\/foxnews.com\/content\/uploads\/2022\/09\/1344\/756\/Iran-Protests-Police.jpg?ve=1&amp;tl=1 2x\" height=\"378\" width=\"672\"><source media=\"(min-width: 1024px) and (max-width: 1279px)\" srcset=\"https:\/\/a57.foxnews.com\/static.foxnews.com\/foxnews.com\/content\/uploads\/2022\/09\/931\/523\/Iran-Protests-Police.jpg?ve=1&amp;tl=1, https:\/\/a57.foxnews.com\/static.foxnews.com\/foxnews.com\/content\/uploads\/2022\/09\/1862\/1046\/Iran-Protests-Police.jpg?ve=1&amp;tl=1 2x\" height=\"523\" width=\"931\"><source media=\"(min-width: 1280px)\" srcset=\"https:\/\/a57.foxnews.com\/static.foxnews.com\/foxnews.com\/content\/uploads\/2022\/09\/720\/405\/Iran-Protests-Police.jpg?ve=1&amp;tl=1, https:\/\/a57.foxnews.com\/static.foxnews.com\/foxnews.com\/content\/uploads\/2022\/09\/1440\/810\/Iran-Protests-Police.jpg?ve=1&amp;tl=1 2x\" height=\"405\" width=\"720\"><img loading=\"lazy\" decoding=\"async\" src=\"https:\/\/a57.foxnews.com\/static.foxnews.com\/foxnews.com\/content\/uploads\/2022\/09\/1200\/675\/Iran-Protests-Police.jpg?ve=1&amp;tl=1\" alt=\"Protestas en Alemania sobre Ir\u00e1n\" width=\"1200\" height=\"675\"\/><\/source><\/source><\/source><\/source><\/picture><\/div>\n<div class=\"info\">\n<div class=\"caption\">\n<p><span>Las personas que siguieron el llamado de la sociedad alemana-iran\u00ed en Berl\u00edn demuestran frente a la embajada iran\u00ed contra la llamada \u00abpolic\u00eda moral\u00bb en su pa\u00eds de origen, en Berl\u00edn el viernes 23 de septiembre de 2022. <\/span> <span>(Wolfgang Kumm\/DPA a trav\u00e9s de AP)<\/span><\/p>\n<\/div>\n<\/div>\n<\/div>\n<p>En el centro de nuestra resistencia se encuentra Mujahedin-e Khalq (PMOI\/MEK), con sus 60 a\u00f1os de historia de confrontar dos dictaduras, presentando un Islam tolerante y democr\u00e1tico que abarca la coexistencia entre seguidores de diferentes religiones. Representa una alternativa cultural, de hecho, la ant\u00edtesis, a la cultura atrasada y reaccionaria de los cl\u00e9rigos. Desde el principio, nuestro eslogan confronta a los cl\u00e9rigos ha sido claro: \u00abNo para el velo obligatorio, no a la religi\u00f3n obligatoria, y no a la gobernanza obligatoria\u00bb. <\/p>\n<p><strong>El Pr\u00edncipe Exiliado busca liderar a los iran\u00edes en la rep\u00fablica isl\u00e1mica final: \u00abNuestro momento de la pared de Berl\u00edn\u00bb<\/strong><\/p>\n<p>Una de las caracter\u00edsticas m\u00e1s distintivas de esta resistencia contra la tiran\u00eda religiosa mis\u00f3gina es su firme compromiso con la igualdad de g\u00e9nero. Durante m\u00e1s de tres d\u00e9cadas, las mujeres han ejercido hegemon\u00eda y han tenido roles dominantes dentro del MEK, el constituyente principal de la NCRI, un fen\u00f3meno pionero que representa una transformaci\u00f3n profunda y sin precedentes.<\/p>\n<div class=\"image-ct inline\">\n<div class=\"m\"><picture><source media=\"(max-width: 767px)\" srcset=\"https:\/\/a57.foxnews.com\/static.foxnews.com\/foxnews.com\/content\/uploads\/2022\/03\/343\/192\/khamenei-iran-2.jpg?ve=1&amp;tl=1, https:\/\/a57.foxnews.com\/static.foxnews.com\/foxnews.com\/content\/uploads\/2022\/03\/686\/384\/khamenei-iran-2.jpg?ve=1&amp;tl=1 2x\" height=\"192\" width=\"343\"><source media=\"(min-width: 768px) and (max-width: 1023px)\" srcset=\"https:\/\/a57.foxnews.com\/static.foxnews.com\/foxnews.com\/content\/uploads\/2022\/03\/672\/378\/khamenei-iran-2.jpg?ve=1&amp;tl=1, https:\/\/a57.foxnews.com\/static.foxnews.com\/foxnews.com\/content\/uploads\/2022\/03\/1344\/756\/khamenei-iran-2.jpg?ve=1&amp;tl=1 2x\" height=\"378\" width=\"672\"><source media=\"(min-width: 1024px) and (max-width: 1279px)\" srcset=\"https:\/\/a57.foxnews.com\/static.foxnews.com\/foxnews.com\/content\/uploads\/2022\/03\/931\/523\/khamenei-iran-2.jpg?ve=1&amp;tl=1, https:\/\/a57.foxnews.com\/static.foxnews.com\/foxnews.com\/content\/uploads\/2022\/03\/1862\/1046\/khamenei-iran-2.jpg?ve=1&amp;tl=1 2x\" height=\"523\" width=\"931\"><source media=\"(min-width: 1280px)\" srcset=\"https:\/\/a57.foxnews.com\/static.foxnews.com\/foxnews.com\/content\/uploads\/2022\/03\/720\/405\/khamenei-iran-2.jpg?ve=1&amp;tl=1, https:\/\/a57.foxnews.com\/static.foxnews.com\/foxnews.com\/content\/uploads\/2022\/03\/1440\/810\/khamenei-iran-2.jpg?ve=1&amp;tl=1 2x\" height=\"405\" width=\"720\"><img loading=\"lazy\" decoding=\"async\" src=\"https:\/\/a57.foxnews.com\/static.foxnews.com\/foxnews.com\/content\/uploads\/2022\/03\/1200\/675\/khamenei-iran-2.jpg?ve=1&amp;tl=1\" alt=\"Ayatol\u00e1 jomeini\" width=\"1200\" height=\"675\"\/><\/source><\/source><\/source><\/source><\/picture><\/div>\n<div class=\"info\">\n<div class=\"caption\">\n<p><span>El L\u00edder Supremo Ayatollah Ali Khamenei habla en un discurso televisado de A\u00f1o Nuevo, en Teher\u00e1n, Ir\u00e1n, el lunes 21 de marzo de 2022.<\/span> <span>(Oficina del L\u00edder Supremo iran\u00ed a trav\u00e9s de AP)<\/span><\/p>\n<\/div>\n<\/div>\n<\/div>\n<h3><strong>Muchos dicen que su grupo es impopular entre los iran\u00edes comunes: \u00bfc\u00f3mo responde?<\/strong><\/h3>\n<p><strong>Maryam Rajavi<\/strong>: En condiciones de tiran\u00eda absoluta, \u00bfcu\u00e1ndo se ha probado genuinamente la popularidad de nuestra resistencia a trav\u00e9s de elecciones libres o encuestas confiables? En estas circunstancias, la \u00fanica medida es la legitimidad de la resistencia misma.<\/p>\n<p>Tales acusaciones son parte de una campa\u00f1a de demonizaci\u00f3n deliberada y extensa del r\u00e9gimen contra su principal oposici\u00f3n. Anualmente, el r\u00e9gimen gasta cientos de millones de d\u00f3lares que producen pel\u00edculas, series de televisi\u00f3n, cientos de libros, miles de art\u00edculos, reclutan mercenarios que se hacen pasar por opositores, falsificando documentos y realizando operaciones cibern\u00e9ticas, as\u00ed como contratando periodistas extranjeros y medios de comunicaci\u00f3n, todos para apuntar la resistencia iraniana y arrojar dudas sobre su credibilidad. Su objetivo es persuadir a las contrapartes internacionales de que no existe una alternativa leg\u00edtima y que participar con este r\u00e9gimen es su \u00fanica opci\u00f3n.<\/p>\n<div class=\"image-ct inline\">\n<div class=\"m\"><picture><source media=\"(max-width: 767px)\" srcset=\"https:\/\/a57.foxnews.com\/static.foxnews.com\/foxnews.com\/content\/uploads\/2025\/06\/343\/192\/smoke-rises-israel-iran-conflict.jpg?ve=1&amp;tl=1, https:\/\/a57.foxnews.com\/static.foxnews.com\/foxnews.com\/content\/uploads\/2025\/06\/686\/384\/smoke-rises-israel-iran-conflict.jpg?ve=1&amp;tl=1 2x\" height=\"192\" width=\"343\"><source media=\"(min-width: 768px) and (max-width: 1023px)\" srcset=\"https:\/\/a57.foxnews.com\/static.foxnews.com\/foxnews.com\/content\/uploads\/2025\/06\/672\/378\/smoke-rises-israel-iran-conflict.jpg?ve=1&amp;tl=1, https:\/\/a57.foxnews.com\/static.foxnews.com\/foxnews.com\/content\/uploads\/2025\/06\/1344\/756\/smoke-rises-israel-iran-conflict.jpg?ve=1&amp;tl=1 2x\" height=\"378\" width=\"672\"><source media=\"(min-width: 1024px) and (max-width: 1279px)\" srcset=\"https:\/\/a57.foxnews.com\/static.foxnews.com\/foxnews.com\/content\/uploads\/2025\/06\/931\/523\/smoke-rises-israel-iran-conflict.jpg?ve=1&amp;tl=1, https:\/\/a57.foxnews.com\/static.foxnews.com\/foxnews.com\/content\/uploads\/2025\/06\/1862\/1046\/smoke-rises-israel-iran-conflict.jpg?ve=1&amp;tl=1 2x\" height=\"523\" width=\"931\"><source media=\"(min-width: 1280px)\" srcset=\"https:\/\/a57.foxnews.com\/static.foxnews.com\/foxnews.com\/content\/uploads\/2025\/06\/720\/405\/smoke-rises-israel-iran-conflict.jpg?ve=1&amp;tl=1, https:\/\/a57.foxnews.com\/static.foxnews.com\/foxnews.com\/content\/uploads\/2025\/06\/1440\/810\/smoke-rises-israel-iran-conflict.jpg?ve=1&amp;tl=1 2x\" height=\"405\" width=\"720\"><img loading=\"lazy\" decoding=\"async\" src=\"https:\/\/a57.foxnews.com\/static.foxnews.com\/foxnews.com\/content\/uploads\/2025\/06\/1200\/675\/smoke-rises-israel-iran-conflict.jpg?ve=1&amp;tl=1\" alt=\"El humo se eleva de la televisi\u00f3n estatal de Ir\u00e1n\" width=\"1200\" height=\"675\"\/><\/source><\/source><\/source><\/source><\/picture><\/div>\n<div class=\"info\">\n<div class=\"caption\">\n<p><span>El humo se eleva desde la construcci\u00f3n de la televisi\u00f3n estatal de Ir\u00e1n despu\u00e9s de una huelga israel\u00ed en Teher\u00e1n, Ir\u00e1n, el lunes 16 de junio de 2025.<\/span> <span>(Foto AP)<\/span><\/p>\n<\/div>\n<\/div>\n<\/div>\n<p>Si nuestra resistencia realmente carec\u00eda de apoyo popular, \u00bfpor qu\u00e9 el r\u00e9gimen tiene tanto miedo de su influencia e impacto dentro de Ir\u00e1n? \u00bfPor qu\u00e9, en los \u00faltimos 46 a\u00f1os, el eslogan permanente en todas las ceremonias oficiales del r\u00e9gimen, incluso en el Parlamento, se convierte en \u00abMuerte al MEK?\u00bb \u00bfPor qu\u00e9 se han ejecutado m\u00e1s de 100,000 partidarios y miembros de MEK? \u00bfPor qu\u00e9 el r\u00e9gimen ha dirigido constantemente reuniones y representantes de la resistencia en el extranjero en sus tramas y operaciones terroristas?<\/p>\n<p>Mire las reuniones internacionales de la NCRI, a veces atrayendo multitudes de hasta 100,000 personas. Estos son representantes del pueblo iran\u00ed, especialmente de la clase media urbana. Mire la lista de m\u00e1rtires de MEK, que abarca diversas clases sociales y la independencia financiera del MEK, financiada por completo por las contribuciones iran\u00edes en el hogar y en el extranjero.<\/p>\n<p><strong>El Mullah desaparecido: el &#8216;L\u00edder Supremo&#8217; de Ir\u00e1n no se muestra en las negociaciones, luego se escondi\u00f3 cuando nosotros golpeamos los sitios nucleares<\/strong><strong> <\/strong><\/p>\n<p>Luchamos en nombre de decenas de millones de iran\u00edes por la libertad y un futuro mejor, persiguiendo los mismos ideales por los que George Washington luch\u00f3: los derechos humanos fundamentales: la vida, la libertad y la b\u00fasqueda de la felicidad, bajo un gobierno derivando su poder del consentimiento de los gobernados.<\/p>\n<h3>\u00bfCu\u00e1l es su mensaje para el presidente Trump?<\/h3>\n<p><strong>Maryam Rajavi<\/strong>: Nuestro mensaje al presidente y todos los l\u00edderes mundiales es claro: el cambio de r\u00e9gimen est\u00e1 al alcance, alcanzable por el pueblo iran\u00ed y su resistencia organizada. Hemos enfatizado constantemente que no necesitamos dinero ni armas. Lo que buscamos de la comunidad internacional es una pol\u00edtica firme contra el r\u00e9gimen y el reconocimiento del derecho del pueblo iran\u00ed a la autodeterminaci\u00f3n, libre de cualquier forma de dictadura, ya sea religiosa o mon\u00e1rquica, y el reconocimiento de la lucha de las unidades de resistencia contra el IRGC para derrocar al r\u00e9gimen. Este enfoque beneficia no solo al pueblo iran\u00ed, sino que tambi\u00e9n garantiza la paz y la estabilidad duradera en el Medio Oriente y el mundo.<\/p>\n<p>Hace veinti\u00fan a\u00f1os, en el Parlamento Europeo, advert\u00ed que ni la guerra ni el apaciguamiento resolver\u00edan la crisis de Ir\u00e1n. Abog\u00e9 por la tercera opci\u00f3n realista: el cambio de r\u00e9gimen por parte de las personas y su resistencia organizada. Advert\u00ed entonces que el apaciguamiento envalentonar\u00eda el r\u00e9gimen y finalmente impondr\u00eda la guerra a Occidente. Hoy, esta advertencia, demasiado amargamente, se ha convertido en realidad.<\/p>\n<h3><strong>Muchos grupos de oposici\u00f3n existen dentro y fuera de Ir\u00e1n. \u00bfNo es hora de dejar de lado las diferencias y unir, incluidos los monarquistas, las minor\u00edas y su grupo, para el bien mayor?<\/strong><\/h3>\n<p><strong>Maryam Rajavi<\/strong>: Dentro de Ir\u00e1n, todos aquellos comprometidos a derrocar a este r\u00e9gimen se unieron. <\/p>\n<p>Pol\u00edticamente, desde su fundaci\u00f3n en 1981, la NCRI ha demostrado, como la coalici\u00f3n pol\u00edtica m\u00e1s amplia y m\u00e1s larga en la historia iran\u00ed, su preparaci\u00f3n para cooperar con todos los grupos pol\u00edticos y corrientes comprometidas con la democracia, los derechos humanos, el secularismo y una forma republicana de gobierno. Este consejo abarca diversas organizaciones, representantes de diversas etnias, incluidos kurdos, baluchis, \u00e1rabes, turcos y figuras pol\u00edticas con perspectivas variadas. En 2002, la NCRI propuso el plan de solidaridad nacional, instando a todas las corrientes y grupos pol\u00edticos a unirse en torno a tres principios: derrocamiento del r\u00e9gimen, rep\u00fablica democr\u00e1tica y secularismo.<\/p>\n<div class=\"image-ct inline\">\n<div class=\"m\"><picture><source media=\"(max-width: 767px)\" srcset=\"https:\/\/a57.foxnews.com\/static.foxnews.com\/foxnews.com\/content\/uploads\/2021\/03\/343\/192\/Tehran.jpg?ve=1&amp;tl=1, https:\/\/a57.foxnews.com\/static.foxnews.com\/foxnews.com\/content\/uploads\/2021\/03\/686\/384\/Tehran.jpg?ve=1&amp;tl=1 2x\" height=\"192\" width=\"343\"><source media=\"(min-width: 768px) and (max-width: 1023px)\" srcset=\"https:\/\/a57.foxnews.com\/static.foxnews.com\/foxnews.com\/content\/uploads\/2021\/03\/672\/378\/Tehran.jpg?ve=1&amp;tl=1, https:\/\/a57.foxnews.com\/static.foxnews.com\/foxnews.com\/content\/uploads\/2021\/03\/1344\/756\/Tehran.jpg?ve=1&amp;tl=1 2x\" height=\"378\" width=\"672\"><source media=\"(min-width: 1024px) and (max-width: 1279px)\" srcset=\"https:\/\/a57.foxnews.com\/static.foxnews.com\/foxnews.com\/content\/uploads\/2021\/03\/931\/523\/Tehran.jpg?ve=1&amp;tl=1, https:\/\/a57.foxnews.com\/static.foxnews.com\/foxnews.com\/content\/uploads\/2021\/03\/1862\/1046\/Tehran.jpg?ve=1&amp;tl=1 2x\" height=\"523\" width=\"931\"><source media=\"(min-width: 1280px)\" srcset=\"https:\/\/a57.foxnews.com\/static.foxnews.com\/foxnews.com\/content\/uploads\/2021\/03\/720\/405\/Tehran.jpg?ve=1&amp;tl=1, https:\/\/a57.foxnews.com\/static.foxnews.com\/foxnews.com\/content\/uploads\/2021\/03\/1440\/810\/Tehran.jpg?ve=1&amp;tl=1 2x\" height=\"405\" width=\"720\"><img loading=\"lazy\" decoding=\"async\" src=\"https:\/\/a57.foxnews.com\/static.foxnews.com\/foxnews.com\/content\/uploads\/2021\/03\/1200\/675\/Tehran.jpg?ve=1&amp;tl=1\" alt=\"Ir\u00e1n Teher\u00e1n Siamak Oraci\u00f3n\" width=\"1200\" height=\"675\"\/><\/source><\/source><\/source><\/source><\/picture><\/div>\n<div class=\"info\">\n<div class=\"caption\">\n<p><span>Una bandera iran\u00ed sobre el horizonte de Teher\u00e1n al atardecer.<\/span> <span>(Istock)<\/span><\/p>\n<\/div>\n<\/div>\n<\/div>\n<p><strong>Trump sugiere el cambio de r\u00e9gimen en Ir\u00e1n mientras declara &#8216;hacer que Ir\u00e1n sea grande nuevamente&#8217; despu\u00e9s de que nos atacan<\/strong><\/p>\n<p>La NCRI apoya plenamente los derechos de las minor\u00edas oprimidas bajo ambos [Mohammad Reza] Pahlavi y las dictaduras administrativas, y nuestro plan de autonom\u00eda en el Kurdist\u00e1n iran\u00ed, adoptados hace 42 a\u00f1os, sirve como modelo para otros grupos \u00e9tnicos.<\/p>\n<p>Sin embargo, [the]La monarqu\u00eda no tiene lugar en Ir\u00e1n, y cualquier alianza con monarquistas solo beneficia al r\u00e9gimen, que busca asociar a sus oponentes con la dictadura pasada. Los restos del Shah no tienen influencia ni presencia organizacional significativa dentro o fuera de Ir\u00e1n.<\/p>\n<div class=\"image-ct inline\">\n<div class=\"m\"><picture><source media=\"(max-width: 767px)\" srcset=\"https:\/\/a57.foxnews.com\/static.foxnews.com\/foxnews.com\/content\/uploads\/2025\/06\/343\/192\/gettyimages-2212801006-scaled.jpg?ve=1&amp;tl=1, https:\/\/a57.foxnews.com\/static.foxnews.com\/foxnews.com\/content\/uploads\/2025\/06\/686\/384\/gettyimages-2212801006-scaled.jpg?ve=1&amp;tl=1 2x\" height=\"192\" width=\"343\"><source media=\"(min-width: 768px) and (max-width: 1023px)\" srcset=\"https:\/\/a57.foxnews.com\/static.foxnews.com\/foxnews.com\/content\/uploads\/2025\/06\/672\/378\/gettyimages-2212801006-scaled.jpg?ve=1&amp;tl=1, https:\/\/a57.foxnews.com\/static.foxnews.com\/foxnews.com\/content\/uploads\/2025\/06\/1344\/756\/gettyimages-2212801006-scaled.jpg?ve=1&amp;tl=1 2x\" height=\"378\" width=\"672\"><source media=\"(min-width: 1024px) and (max-width: 1279px)\" srcset=\"https:\/\/a57.foxnews.com\/static.foxnews.com\/foxnews.com\/content\/uploads\/2025\/06\/931\/523\/gettyimages-2212801006-scaled.jpg?ve=1&amp;tl=1, https:\/\/a57.foxnews.com\/static.foxnews.com\/foxnews.com\/content\/uploads\/2025\/06\/1862\/1046\/gettyimages-2212801006-scaled.jpg?ve=1&amp;tl=1 2x\" height=\"523\" width=\"931\"><source media=\"(min-width: 1280px)\" srcset=\"https:\/\/a57.foxnews.com\/static.foxnews.com\/foxnews.com\/content\/uploads\/2025\/06\/720\/405\/gettyimages-2212801006-scaled.jpg?ve=1&amp;tl=1, https:\/\/a57.foxnews.com\/static.foxnews.com\/foxnews.com\/content\/uploads\/2025\/06\/1440\/810\/gettyimages-2212801006-scaled.jpg?ve=1&amp;tl=1 2x\" height=\"405\" width=\"720\"><img loading=\"lazy\" decoding=\"async\" src=\"https:\/\/a57.foxnews.com\/static.foxnews.com\/foxnews.com\/content\/uploads\/2025\/06\/1200\/675\/gettyimages-2212801006-scaled.jpg?ve=1&amp;tl=1\" alt=\"La gente pasa m\u00e1s all\u00e1 de una gran pancarta con retratos de l\u00edderes asesinados de grupos armados alineados con Ir\u00e1n, incluido el l\u00edder de Hamas, Yahya Sinwar, el l\u00edder de Hezbol\u00e1, Hassan Nasrallah, y el comandante iran\u00ed Qasem Soleimani, en el centro de Teher\u00e1n, Ir\u00e1n, el 1 de mayo de 2025.\" width=\"1200\" height=\"675\"\/><\/source><\/source><\/source><\/source><\/picture><\/div>\n<div class=\"info\">\n<div class=\"caption\">\n<p><span>La gente pasa m\u00e1s all\u00e1 de una gran pancarta con retratos de l\u00edderes asesinados de grupos armados alineados con Ir\u00e1n, incluido el l\u00edder de Hamas, Yahya Sinwar, el l\u00edder de Hezbol\u00e1, Hassan Nasrallah, y el comandante iran\u00ed Qasem Soleimani, en el centro de Teher\u00e1n, Ir\u00e1n, el 1 de mayo de 2025.<\/span> <span>(Foto de Mohammadali Najib\/Medio Oriente Im\u00e1genes\/AFP a trav\u00e9s de Getty Images)<\/span><\/p>\n<\/div>\n<\/div>\n<\/div>\n<h3><strong>Si el r\u00e9gimen cae, \u00bfc\u00f3mo se debe seleccionar el pr\u00f3ximo l\u00edder iran\u00ed?<\/strong><\/h3>\n<p><strong>Maryam Rajavi<\/strong>: Solo a trav\u00e9s de un proceso democr\u00e1tico, elecciones libres y justas. <\/p>\n<p><strong>Haga clic aqu\u00ed para obtener la aplicaci\u00f3n Fox News<\/strong><\/p>\n<p>Seg\u00fan el plan de la NCRI, el gobierno provisional establecido despu\u00e9s de la ca\u00edda del r\u00e9gimen est\u00e1 obligado a organizar elecciones para una asamblea constituyente y legislativa dentro de los seis meses, las elecciones libres a trav\u00e9s de la votaci\u00f3n directa y secreta. Una vez convocada, esta asamblea asumir\u00e1 un gobierno, encargado de redactar una nueva constituci\u00f3n y administrar los asuntos nacionales. El mandato del gobierno provisional concluir\u00e1 en el establecimiento de la Asamblea, que luego nombrar\u00e1 un nuevo gobierno interino que refleje el voto del pueblo. <\/p>\n<p>El pueblo iran\u00ed no mira ni al pasado ni al estado actual sino al futuro, a un futuro libre y democr\u00e1tico, donde la legitimidad deriva \u00fanicamente de las urnas.<\/p>\n<p> <!----> <\/p>\n<div class=\"article-meta\">\n<div class=\"author-bio\">\n<p>Beth Bailey es una reportera que cubre Afganist\u00e1n, Oriente Medio, Asia y Am\u00e9rica Central. Anteriormente fue analista de inteligencia civil del Departamento del Ej\u00e9rcito. Puedes seguir a Beth en Twitter @bwbailey85<\/p>\n<\/div>\n<\/div>\n<\/div>\n\n","protected":false},"excerpt":{"rendered":"<p>NUEVO\u00a1Ahora puedes escuchar art\u00edculos de Fox News! A medida que el alto el fuego hist\u00f3rico del presidente Donald Trump entra en vigencia, la incertidumbre sobre el futuro de Ir\u00e1n y el impulso del cambio de r\u00e9gimen tiene a los principales grupos de oposici\u00f3n iran\u00ed que luchan verbalmente para persuadir a los iran\u00edes de que son &hellip;<\/p>\n","protected":false},"author":1,"featured_media":33202,"comment_status":"open","ping_status":"open","sticky":false,"template":"","format":"standard","meta":{"fifu_image_url":"https:\/\/static.foxnews.com\/foxnews.com\/content\/uploads\/2025\/06\/iran-ayatollah-demonstration-3.gif","fifu_image_alt":"","footnotes":""},"categories":[13],"tags":[],"class_list":["post-33200","post","type-post","status-publish","format-standard","has-post-thumbnail","","category-mundo"],"_links":{"self":[{"href":"https:\/\/noticiasveraces.com\/index.php?rest_route=\/wp\/v2\/posts\/33200","targetHints":{"allow":["GET"]}}],"collection":[{"href":"https:\/\/noticiasveraces.com\/index.php?rest_route=\/wp\/v2\/posts"}],"about":[{"href":"https:\/\/noticiasveraces.com\/index.php?rest_route=\/wp\/v2\/types\/post"}],"author":[{"embeddable":true,"href":"https:\/\/noticiasveraces.com\/index.php?rest_route=\/wp\/v2\/users\/1"}],"replies":[{"embeddable":true,"href":"https:\/\/noticiasveraces.com\/index.php?rest_route=%2Fwp%2Fv2%2Fcomments&post=33200"}],"version-history":[{"count":0,"href":"https:\/\/noticiasveraces.com\/index.php?rest_route=\/wp\/v2\/posts\/33200\/revisions"}],"wp:featuredmedia":[{"embeddable":true,"href":"https:\/\/noticiasveraces.com\/index.php?rest_route=\/wp\/v2\/media\/33202"}],"wp:attachment":[{"href":"https:\/\/noticiasveraces.com\/index.php?rest_route=%2Fwp%2Fv2%2Fmedia&parent=33200"}],"wp:term":[{"taxonomy":"category","embeddable":true,"href":"https:\/\/noticiasveraces.com\/index.php?rest_route=%2Fwp%2Fv2%2Fcategories&post=33200"},{"taxonomy":"post_tag","embeddable":true,"href":"https:\/\/noticiasveraces.com\/index.php?rest_route=%2Fwp%2Fv2%2Ftags&post=33200"}],"curies":[{"name":"wp","href":"https:\/\/api.w.org\/{rel}","templated":true}]}}