{"id":33197,"date":"2025-06-25T10:26:33","date_gmt":"2025-06-25T14:26:33","guid":{"rendered":"https:\/\/noticiasveraces.com\/?p=33197"},"modified":"2025-06-25T10:26:33","modified_gmt":"2025-06-25T14:26:33","slug":"el-jefe-de-la-otan-elogia-a-trump-como-hombre-de-fuerza-despues-de-que-iran-nuclearia","status":"publish","type":"post","link":"https:\/\/noticiasveraces.com\/?p=33197","title":{"rendered":"El jefe de la OTAN elogia a Trump como \u00abhombre de fuerza\u00bb despu\u00e9s de que Ir\u00e1n nuclear\u00eda"},"content":{"rendered":"<p> \n<\/p>\n<div>\n<div id=\"beyondwords-wrapper\" class=\"beyondwords-wrapper\">\n<p><span class=\"label-bg\">NUEVO<\/span>\u00a1Ahora puedes escuchar art\u00edculos de Fox News!\n  <\/p>\n<\/div>\n<p class=\"speakable\">El presidente Donald Trump fue aclamado en la cumbre de la OTAN 2025 despu\u00e9s de que Estados Unidos atac\u00f3 las instalaciones nucleares de Ir\u00e1n durante el fin de semana. El secretario general de la OTAN, Mark Rutte, elogi\u00f3 a Trump como un \u00abhombre de fuerza\u00bb y un \u00abhombre de paz\u00bb.<\/p>\n<p class=\"speakable\">\u00abSolo quiero reconocer su acci\u00f3n decisiva sobre Ir\u00e1n\u00bb, dijo Rutte al comienzo de sus comentarios conjuntos con el presidente. \u00abEres un hombre de fuerza, pero tambi\u00e9n eres un hombre de paz. Y el hecho de que ahora tambi\u00e9n tienes \u00e9xito en hacer este alto el fuego entre Israel e Ir\u00e1n, realmente quiero felicitarte por eso. Creo que esto es importante para todo el mundo\u00bb.<\/p>\n<div class=\"image-ct inline\">\n<div class=\"m\"><picture><source media=\"(max-width: 767px)\" srcset=\"https:\/\/a57.foxnews.com\/static.foxnews.com\/foxnews.com\/content\/uploads\/2025\/06\/343\/192\/mark-rutte-donald-trump-2025.jpg?ve=1&amp;tl=1, https:\/\/a57.foxnews.com\/static.foxnews.com\/foxnews.com\/content\/uploads\/2025\/06\/686\/384\/mark-rutte-donald-trump-2025.jpg?ve=1&amp;tl=1 2x\" height=\"192\" width=\"343\"><source media=\"(min-width: 768px) and (max-width: 1023px)\" srcset=\"https:\/\/a57.foxnews.com\/static.foxnews.com\/foxnews.com\/content\/uploads\/2025\/06\/672\/378\/mark-rutte-donald-trump-2025.jpg?ve=1&amp;tl=1, https:\/\/a57.foxnews.com\/static.foxnews.com\/foxnews.com\/content\/uploads\/2025\/06\/1344\/756\/mark-rutte-donald-trump-2025.jpg?ve=1&amp;tl=1 2x\" height=\"378\" width=\"672\"><source media=\"(min-width: 1024px) and (max-width: 1279px)\" srcset=\"https:\/\/a57.foxnews.com\/static.foxnews.com\/foxnews.com\/content\/uploads\/2025\/06\/931\/523\/mark-rutte-donald-trump-2025.jpg?ve=1&amp;tl=1, https:\/\/a57.foxnews.com\/static.foxnews.com\/foxnews.com\/content\/uploads\/2025\/06\/1862\/1046\/mark-rutte-donald-trump-2025.jpg?ve=1&amp;tl=1 2x\" height=\"523\" width=\"931\"><source media=\"(min-width: 1280px)\" srcset=\"https:\/\/a57.foxnews.com\/static.foxnews.com\/foxnews.com\/content\/uploads\/2025\/06\/720\/405\/mark-rutte-donald-trump-2025.jpg?ve=1&amp;tl=1, https:\/\/a57.foxnews.com\/static.foxnews.com\/foxnews.com\/content\/uploads\/2025\/06\/1440\/810\/mark-rutte-donald-trump-2025.jpg?ve=1&amp;tl=1 2x\" height=\"405\" width=\"720\"><img loading=\"lazy\" decoding=\"async\" src=\"https:\/\/a57.foxnews.com\/static.foxnews.com\/foxnews.com\/content\/uploads\/2025\/06\/1200\/675\/mark-rutte-donald-trump-2025.jpg?ve=1&amp;tl=1\" alt=\"El presidente Donald Trump se sienta con el secretario general de la OTAN Mark Rutte \" width=\"1200\" height=\"675\"\/><\/source><\/source><\/source><\/source><\/picture><\/div>\n<div class=\"info\">\n<div class=\"caption\">\n<p><span>El presidente Donald Trump se re\u00fane con el secretario general de la OTAN Mark Rutte en la Cumbre de la OTAN en La Haya, Pa\u00edses Bajos, el 25 de junio de 2025. <\/span> <span>(Reuters\/Brian Snyder)<\/span><\/p>\n<\/div>\n<\/div>\n<\/div>\n<p><strong>Trump se une a la cumbre de la OTAN con elogios brillantes a medida que los aliados adoptan nuevos gastos<\/strong><\/p>\n<p>Mientras se dirig\u00eda a los Pa\u00edses Bajos para la cumbre, Trump comparti\u00f3 varios textos de Rutte en los que el l\u00edder de la OTAN expres\u00f3 su apoyo a la mudanza del presidente contra Ir\u00e1n.<\/p>\n<p>\u00abFelicitaciones y gracias por su acci\u00f3n decisiva en Ir\u00e1n, eso fue realmente extraordinario, y algo que nadie m\u00e1s se atrevi\u00f3 a hacer. Nos hace a todos m\u00e1s seguros\u00bb, escribi\u00f3 Rutte en los textos que Trump comparti\u00f3 en Truth Social. <\/p>\n<div class=\"image-ct inline\">\n<div class=\"m\"><picture><source media=\"(max-width: 767px)\" srcset=\"https:\/\/a57.foxnews.com\/static.foxnews.com\/foxnews.com\/content\/uploads\/2025\/06\/343\/192\/mapxps_iran_strikes_on_iran_5.jpg?ve=1&amp;tl=1, https:\/\/a57.foxnews.com\/static.foxnews.com\/foxnews.com\/content\/uploads\/2025\/06\/686\/384\/mapxps_iran_strikes_on_iran_5.jpg?ve=1&amp;tl=1 2x\" height=\"192\" width=\"343\"><source media=\"(min-width: 768px) and (max-width: 1023px)\" srcset=\"https:\/\/a57.foxnews.com\/static.foxnews.com\/foxnews.com\/content\/uploads\/2025\/06\/672\/378\/mapxps_iran_strikes_on_iran_5.jpg?ve=1&amp;tl=1, https:\/\/a57.foxnews.com\/static.foxnews.com\/foxnews.com\/content\/uploads\/2025\/06\/1344\/756\/mapxps_iran_strikes_on_iran_5.jpg?ve=1&amp;tl=1 2x\" height=\"378\" width=\"672\"><source media=\"(min-width: 1024px) and (max-width: 1279px)\" srcset=\"https:\/\/a57.foxnews.com\/static.foxnews.com\/foxnews.com\/content\/uploads\/2025\/06\/931\/523\/mapxps_iran_strikes_on_iran_5.jpg?ve=1&amp;tl=1, https:\/\/a57.foxnews.com\/static.foxnews.com\/foxnews.com\/content\/uploads\/2025\/06\/1862\/1046\/mapxps_iran_strikes_on_iran_5.jpg?ve=1&amp;tl=1 2x\" height=\"523\" width=\"931\"><source media=\"(min-width: 1280px)\" srcset=\"https:\/\/a57.foxnews.com\/static.foxnews.com\/foxnews.com\/content\/uploads\/2025\/06\/720\/405\/mapxps_iran_strikes_on_iran_5.jpg?ve=1&amp;tl=1, https:\/\/a57.foxnews.com\/static.foxnews.com\/foxnews.com\/content\/uploads\/2025\/06\/1440\/810\/mapxps_iran_strikes_on_iran_5.jpg?ve=1&amp;tl=1 2x\" height=\"405\" width=\"720\"><img loading=\"lazy\" decoding=\"async\" src=\"https:\/\/a57.foxnews.com\/static.foxnews.com\/foxnews.com\/content\/uploads\/2025\/06\/1200\/675\/mapxps_iran_strikes_on_iran_5.jpg?ve=1&amp;tl=1\" alt=\"\u00c1reas mapeadas donde Estados Unidos lanz\u00f3 huelgas en Ir\u00e1n\" width=\"1200\" height=\"675\"\/><\/source><\/source><\/source><\/source><\/picture><\/div>\n<div class=\"info\">\n<div class=\"caption\">\n<p><span>Mapa de EE. UU. Huelga sobre Ir\u00e1n.<\/span> <span>(Fox News)<\/span><\/p>\n<\/div>\n<\/div>\n<\/div>\n<p><strong>Hegseth dice que el FBI est\u00e1 llevando a cabo una investigaci\u00f3n sobre la fuga del informe Intel sobre la huelga contra Ir\u00e1n<\/strong><\/p>\n<p>Rutte tambi\u00e9n elogi\u00f3 el esfuerzo de Trump para lograr que los miembros de la OTAN paguen m\u00e1s y dijo que el presidente estaba \u00abvolando a otro gran \u00e9xito\u00bb despu\u00e9s de que todos los pa\u00edses, excepto Espa\u00f1a, acudieran para gastar el 5% de su PIB en defensa. Agreg\u00f3 que Trump logr\u00f3 algo \u00abning\u00fan presidente estadounidense en d\u00e9cadas podr\u00eda hacerse\u00bb.<\/p>\n<p>Los l\u00edderes de los Estados miembros de la OTAN tuvieron reacciones mixtas a las huelgas contra las instalaciones nucleares de Ir\u00e1n, y varios pidieron la desescalaci\u00f3n al tiempo que reconocieron la amenaza que un Ir\u00e1n nuclear representar\u00eda para la seguridad global.<\/p>\n<div class=\"image-ct inline\">\n<div class=\"m\"><picture><source media=\"(max-width: 767px)\" srcset=\"https:\/\/a57.foxnews.com\/static.foxnews.com\/foxnews.com\/content\/uploads\/2025\/06\/343\/192\/nato-leaders.jpg?ve=1&amp;tl=1, https:\/\/a57.foxnews.com\/static.foxnews.com\/foxnews.com\/content\/uploads\/2025\/06\/686\/384\/nato-leaders.jpg?ve=1&amp;tl=1 2x\" height=\"192\" width=\"343\"><source media=\"(min-width: 768px) and (max-width: 1023px)\" srcset=\"https:\/\/a57.foxnews.com\/static.foxnews.com\/foxnews.com\/content\/uploads\/2025\/06\/672\/378\/nato-leaders.jpg?ve=1&amp;tl=1, https:\/\/a57.foxnews.com\/static.foxnews.com\/foxnews.com\/content\/uploads\/2025\/06\/1344\/756\/nato-leaders.jpg?ve=1&amp;tl=1 2x\" height=\"378\" width=\"672\"><source media=\"(min-width: 1024px) and (max-width: 1279px)\" srcset=\"https:\/\/a57.foxnews.com\/static.foxnews.com\/foxnews.com\/content\/uploads\/2025\/06\/931\/523\/nato-leaders.jpg?ve=1&amp;tl=1, https:\/\/a57.foxnews.com\/static.foxnews.com\/foxnews.com\/content\/uploads\/2025\/06\/1862\/1046\/nato-leaders.jpg?ve=1&amp;tl=1 2x\" height=\"523\" width=\"931\"><source media=\"(min-width: 1280px)\" srcset=\"https:\/\/a57.foxnews.com\/static.foxnews.com\/foxnews.com\/content\/uploads\/2025\/06\/720\/405\/nato-leaders.jpg?ve=1&amp;tl=1, https:\/\/a57.foxnews.com\/static.foxnews.com\/foxnews.com\/content\/uploads\/2025\/06\/1440\/810\/nato-leaders.jpg?ve=1&amp;tl=1 2x\" height=\"405\" width=\"720\"><img loading=\"lazy\" decoding=\"async\" src=\"https:\/\/a57.foxnews.com\/static.foxnews.com\/foxnews.com\/content\/uploads\/2025\/06\/1200\/675\/nato-leaders.jpg?ve=1&amp;tl=1\" alt=\"Los l\u00edderes de la OTAN representan una foto en la cumbre de 2025\" width=\"1200\" height=\"675\"\/><\/source><\/source><\/source><\/source><\/picture><\/div>\n<div class=\"info\">\n<div class=\"caption\">\n<p><span>Los l\u00edderes de los Estados miembros de la OTAN tuvieron reacciones mixtas a las huelgas contra las instalaciones nucleares de Ir\u00e1n.<\/span> <span>(REUTERS\/Claudia Greco)<\/span><\/p>\n<\/div>\n<\/div>\n<\/div>\n<p><strong><u>Haga clic aqu\u00ed para obtener la aplicaci\u00f3n Fox News<\/u><\/strong><\/p>\n<p>\u00abEl programa nuclear de Ir\u00e1n es una grave amenaza para la seguridad internacional. A Ir\u00e1n nunca se le puede permitir desarrollar un arma nuclear, y Estados Unidos ha tomado medidas para aliviar esa amenaza\u00bb, escribi\u00f3 el primer ministro del Reino Unido, Keir Starmer, sobre X. \u00abLa situaci\u00f3n en el Medio Oriente sigue siendo vol\u00e1til y estabilidad en la regi\u00f3n es una prioridad. Lidemos en Ir\u00e1n para regresar a la mesa de negociaci\u00f3n y llegar a una soluci\u00f3n diplom\u00e1tica para finalizar este crisis\u00bb. \u00ab<\/p>\n<p>El primer ministro canadiense Mark Carney emiti\u00f3 una declaraci\u00f3n similar, y agreg\u00f3: \u00abComo los l\u00edderes del G7 acordaron en Kananaskis, la resoluci\u00f3n de la crisis iran\u00ed deber\u00eda conducir a una reducci\u00f3n m\u00e1s amplia de las hostilidades en el Medio Oriente, incluido el alto el fuego en Gaza\u00bb.<\/p>\n<p><i>Morgan Phillips de Fox News Digital contribuy\u00f3 a este informe.<\/i><\/p>\n<p> <!----> <\/p>\n<div class=\"article-meta\">\n<div class=\"author-bio\">\n<p>Rachel Wolf es una escritora de noticias de Fox News Digital y Fox Business.<\/p>\n<\/div>\n<\/div>\n<\/div>\n\n","protected":false},"excerpt":{"rendered":"<p>NUEVO\u00a1Ahora puedes escuchar art\u00edculos de Fox News! El presidente Donald Trump fue aclamado en la cumbre de la OTAN 2025 despu\u00e9s de que Estados Unidos atac\u00f3 las instalaciones nucleares de Ir\u00e1n durante el fin de semana. El secretario general de la OTAN, Mark Rutte, elogi\u00f3 a Trump como un \u00abhombre de fuerza\u00bb y un \u00abhombre &hellip;<\/p>\n","protected":false},"author":1,"featured_media":33199,"comment_status":"open","ping_status":"open","sticky":false,"template":"","format":"standard","meta":{"fifu_image_url":"https:\/\/static.foxnews.com\/foxnews.com\/content\/uploads\/2025\/06\/mark-rutte-donald-trump-2025.jpg","fifu_image_alt":"","footnotes":""},"categories":[13],"tags":[],"class_list":["post-33197","post","type-post","status-publish","format-standard","has-post-thumbnail","","category-mundo"],"_links":{"self":[{"href":"https:\/\/noticiasveraces.com\/index.php?rest_route=\/wp\/v2\/posts\/33197","targetHints":{"allow":["GET"]}}],"collection":[{"href":"https:\/\/noticiasveraces.com\/index.php?rest_route=\/wp\/v2\/posts"}],"about":[{"href":"https:\/\/noticiasveraces.com\/index.php?rest_route=\/wp\/v2\/types\/post"}],"author":[{"embeddable":true,"href":"https:\/\/noticiasveraces.com\/index.php?rest_route=\/wp\/v2\/users\/1"}],"replies":[{"embeddable":true,"href":"https:\/\/noticiasveraces.com\/index.php?rest_route=%2Fwp%2Fv2%2Fcomments&post=33197"}],"version-history":[{"count":0,"href":"https:\/\/noticiasveraces.com\/index.php?rest_route=\/wp\/v2\/posts\/33197\/revisions"}],"wp:featuredmedia":[{"embeddable":true,"href":"https:\/\/noticiasveraces.com\/index.php?rest_route=\/wp\/v2\/media\/33199"}],"wp:attachment":[{"href":"https:\/\/noticiasveraces.com\/index.php?rest_route=%2Fwp%2Fv2%2Fmedia&parent=33197"}],"wp:term":[{"taxonomy":"category","embeddable":true,"href":"https:\/\/noticiasveraces.com\/index.php?rest_route=%2Fwp%2Fv2%2Fcategories&post=33197"},{"taxonomy":"post_tag","embeddable":true,"href":"https:\/\/noticiasveraces.com\/index.php?rest_route=%2Fwp%2Fv2%2Ftags&post=33197"}],"curies":[{"name":"wp","href":"https:\/\/api.w.org\/{rel}","templated":true}]}}