{"id":33186,"date":"2025-06-25T09:24:43","date_gmt":"2025-06-25T13:24:43","guid":{"rendered":"https:\/\/noticiasveraces.com\/?p=33186"},"modified":"2025-06-25T09:24:43","modified_gmt":"2025-06-25T13:24:43","slug":"despues-de-la-historica-tregua-de-trump-en-iran-israel-los-cesefires-realmente-traen-la-paz","status":"publish","type":"post","link":"https:\/\/noticiasveraces.com\/?p=33186","title":{"rendered":"Despu\u00e9s de la hist\u00f3rica tregua de Trump en Ir\u00e1n-Israel, \u00bflos cesefires realmente traen la paz?"},"content":{"rendered":"<p> \n<\/p>\n<div>\n<div id=\"beyondwords-wrapper\" class=\"beyondwords-wrapper\">\n<p><span class=\"label-bg\">NUEVO<\/span>\u00a1Ahora puedes escuchar art\u00edculos de Fox News!\n  <\/p>\n<\/div>\n<p class=\"speakable\">El presidente Donald Trump negoci\u00f3 un acuerdo hist\u00f3rico de alto el fuego entre Israel e Ir\u00e1n el lunes, marcando una pausa dram\u00e1tica en la confrontaci\u00f3n militar m\u00e1s significativa entre los dos enemigos.<\/p>\n<p class=\"speakable\">El anuncio del lunes por la noche entr\u00f3 en vigencia 12 horas despu\u00e9s, luego de una l\u00ednea de tiempo dise\u00f1ada para permitir maniobras militares finales en ambos lados. Sin embargo, un aluvi\u00f3n de fuego de misiles iran\u00edes en las horas que siguieron dej\u00f3 a muchos israel\u00edes cuestionando si la tregua ya hab\u00eda sido violada.<\/p>\n<p>En una entrevista con Fox News Digital, John Spencer, director ejecutivo del Urban Warfare Institute, dijo que dicha implementaci\u00f3n retrasada no es inusual. \u00abEs dif\u00edcil apagar las cosas en un interruptor. Tienes aviones en vuelo. Tienes fuerzas en posici\u00f3n\u00bb, explic\u00f3.<\/p>\n<p><strong>Los corredores de Trump, Ir\u00e1n, el fuego del fuego, ya que los expertos dicen que el arsenal del r\u00e9gimen est\u00e1 destrozado, pero la amenaza permanece<\/strong><\/p>\n<div class=\"image-ct inline\">\n<div class=\"m\"><picture><source media=\"(max-width: 767px)\" srcset=\"https:\/\/a57.foxnews.com\/static.foxnews.com\/foxnews.com\/content\/uploads\/2025\/06\/343\/192\/president-trump-no-way-to-nato-summit-scaled.jpg?ve=1&amp;tl=1, https:\/\/a57.foxnews.com\/static.foxnews.com\/foxnews.com\/content\/uploads\/2025\/06\/686\/384\/president-trump-no-way-to-nato-summit-scaled.jpg?ve=1&amp;tl=1 2x\" height=\"192\" width=\"343\"><source media=\"(min-width: 768px) and (max-width: 1023px)\" srcset=\"https:\/\/a57.foxnews.com\/static.foxnews.com\/foxnews.com\/content\/uploads\/2025\/06\/672\/378\/president-trump-no-way-to-nato-summit-scaled.jpg?ve=1&amp;tl=1, https:\/\/a57.foxnews.com\/static.foxnews.com\/foxnews.com\/content\/uploads\/2025\/06\/1344\/756\/president-trump-no-way-to-nato-summit-scaled.jpg?ve=1&amp;tl=1 2x\" height=\"378\" width=\"672\"><source media=\"(min-width: 1024px) and (max-width: 1279px)\" srcset=\"https:\/\/a57.foxnews.com\/static.foxnews.com\/foxnews.com\/content\/uploads\/2025\/06\/931\/523\/president-trump-no-way-to-nato-summit-scaled.jpg?ve=1&amp;tl=1, https:\/\/a57.foxnews.com\/static.foxnews.com\/foxnews.com\/content\/uploads\/2025\/06\/1862\/1046\/president-trump-no-way-to-nato-summit-scaled.jpg?ve=1&amp;tl=1 2x\" height=\"523\" width=\"931\"><source media=\"(min-width: 1280px)\" srcset=\"https:\/\/a57.foxnews.com\/static.foxnews.com\/foxnews.com\/content\/uploads\/2025\/06\/720\/405\/president-trump-no-way-to-nato-summit-scaled.jpg?ve=1&amp;tl=1, https:\/\/a57.foxnews.com\/static.foxnews.com\/foxnews.com\/content\/uploads\/2025\/06\/1440\/810\/president-trump-no-way-to-nato-summit-scaled.jpg?ve=1&amp;tl=1 2x\" height=\"405\" width=\"720\"><img loading=\"lazy\" decoding=\"async\" src=\"https:\/\/a57.foxnews.com\/static.foxnews.com\/foxnews.com\/content\/uploads\/2025\/06\/1200\/675\/president-trump-no-way-to-nato-summit-scaled.jpg?ve=1&amp;tl=1\" alt=\"Presidente Trump\" width=\"1200\" height=\"675\"\/><\/source><\/source><\/source><\/source><\/picture><\/div>\n<div class=\"info\">\n<div class=\"caption\">\n<p><span>El presidente Donald Trump habla con periodistas en el alto el fuego de Israel-Ir\u00e1n antes de abordar Marine One en el South Lawn de la Casa Blanca el martes 24 de junio de 2025 en Washington, DC.<\/span> <span>(AP Photo\/Evan Vucci)<\/span><\/p>\n<\/div>\n<\/div>\n<\/div>\n<p>Spencer describi\u00f3 la operaci\u00f3n estadounidense como hist\u00f3rica.<\/p>\n<p>\u00abLo hist\u00f3rico es que Estados Unidos llev\u00f3 a cabo una operaci\u00f3n limitada en objetivos nucleares con cero p\u00e9rdidas, sin piloto, sin equipo, y ayud\u00f3 a Israel de una manera que solo Estados Unidos pudo. La proliferaci\u00f3n nuclear no es partidista, y esta fue una victoria apol\u00edtica\u00bb. Incluso despu\u00e9s de que Ir\u00e1n golpe\u00f3 una base estadounidense en Qatar, agreg\u00f3: \u00abEl presidente mostr\u00f3 una inmensa restricci\u00f3n y mantuvo el enfoque en el objetivo m\u00e1s amplio: evitar que Ir\u00e1n obtenga un arma nuclear y contin\u00fae su campa\u00f1a terrorista\u00bb.<\/p>\n<p>A pesar de la violencia que sigui\u00f3 al anuncio, incluida una huelga iran\u00ed que mat\u00f3 a cuatro civiles en Israel, Spencer cree que el alto el fuego tendr\u00e1. \u00abAmbos pa\u00edses han dicho ahora que lo haremos absolutamente\u00bb, dijo. \u00abY s\u00ed, el presidente Trump es muy at\u00edpico en la forma en que se comunica con el alto el fuego &#8230; con la &#8216;No dejes caer una sola bomba'\u00bb.<\/p>\n<p>Para comprender c\u00f3mo se desarrollan los cese de cese de este, Spencer se\u00f1al\u00f3 a cinco precedentes hist\u00f3ricos marcados por la activaci\u00f3n tard\u00eda, los objetivos graduados y una ventana final para el posicionamiento militar.<\/p>\n<div class=\"image-ct inline\">\n<div class=\"m\"><picture><source media=\"(max-width: 767px)\" srcset=\"https:\/\/a57.foxnews.com\/static.foxnews.com\/foxnews.com\/content\/uploads\/2025\/05\/343\/192\/idf-copy.jpg?ve=1&amp;tl=1, https:\/\/a57.foxnews.com\/static.foxnews.com\/foxnews.com\/content\/uploads\/2025\/05\/686\/384\/idf-copy.jpg?ve=1&amp;tl=1 2x\" height=\"192\" width=\"343\"><source media=\"(min-width: 768px) and (max-width: 1023px)\" srcset=\"https:\/\/a57.foxnews.com\/static.foxnews.com\/foxnews.com\/content\/uploads\/2025\/05\/672\/378\/idf-copy.jpg?ve=1&amp;tl=1, https:\/\/a57.foxnews.com\/static.foxnews.com\/foxnews.com\/content\/uploads\/2025\/05\/1344\/756\/idf-copy.jpg?ve=1&amp;tl=1 2x\" height=\"378\" width=\"672\"><source media=\"(min-width: 1024px) and (max-width: 1279px)\" srcset=\"https:\/\/a57.foxnews.com\/static.foxnews.com\/foxnews.com\/content\/uploads\/2025\/05\/931\/523\/idf-copy.jpg?ve=1&amp;tl=1, https:\/\/a57.foxnews.com\/static.foxnews.com\/foxnews.com\/content\/uploads\/2025\/05\/1862\/1046\/idf-copy.jpg?ve=1&amp;tl=1 2x\" height=\"523\" width=\"931\"><source media=\"(min-width: 1280px)\" srcset=\"https:\/\/a57.foxnews.com\/static.foxnews.com\/foxnews.com\/content\/uploads\/2025\/05\/720\/405\/idf-copy.jpg?ve=1&amp;tl=1, https:\/\/a57.foxnews.com\/static.foxnews.com\/foxnews.com\/content\/uploads\/2025\/05\/1440\/810\/idf-copy.jpg?ve=1&amp;tl=1 2x\" height=\"405\" width=\"720\"><img loading=\"lazy\" decoding=\"async\" src=\"https:\/\/a57.foxnews.com\/static.foxnews.com\/foxnews.com\/content\/uploads\/2025\/05\/1200\/675\/idf-copy.jpg?ve=1&amp;tl=1\" alt=\"Jet de combate de IDF despegando\" width=\"1200\" height=\"675\"\/><\/source><\/source><\/source><\/source><\/picture><\/div>\n<div class=\"info\">\n<div class=\"caption\">\n<p><span>Un avi\u00f3n de combate israel\u00ed se va para lanzar ataques a\u00e9reos contra los hut\u00edes en Yemen. <\/span> <span>(IDF)<\/span><\/p>\n<\/div>\n<\/div>\n<\/div>\n<h3>Armisticio de la Guerra de Corea (1953)<\/h3>\n<p>Firmado el 27 de julio de 1953, el armisticio que puso fin a la Guerra de Corea se estructur\u00f3 con un retraso deliberado de 12 horas antes de entrar en vigencia. \u00abEsto permiti\u00f3 los movimientos militares finales antes de una parada sincronizada\u00bb, dijo Spencer, un modelo que el alto el fuego de Israel-Ir\u00e1n resuena de cerca.<\/p>\n<div class=\"image-ct inline\">\n<div class=\"m\"><picture><source media=\"(max-width: 767px)\" srcset=\"https:\/\/a57.foxnews.com\/static.foxnews.com\/foxnews.com\/content\/uploads\/2018\/09\/343\/192\/Veterans-Day_Saut7.jpg?ve=1&amp;tl=1, https:\/\/a57.foxnews.com\/static.foxnews.com\/foxnews.com\/content\/uploads\/2018\/09\/686\/384\/Veterans-Day_Saut7.jpg?ve=1&amp;tl=1 2x\" height=\"192\" width=\"343\"><source media=\"(min-width: 768px) and (max-width: 1023px)\" srcset=\"https:\/\/a57.foxnews.com\/static.foxnews.com\/foxnews.com\/content\/uploads\/2018\/09\/672\/378\/Veterans-Day_Saut7.jpg?ve=1&amp;tl=1, https:\/\/a57.foxnews.com\/static.foxnews.com\/foxnews.com\/content\/uploads\/2018\/09\/1344\/756\/Veterans-Day_Saut7.jpg?ve=1&amp;tl=1 2x\" height=\"378\" width=\"672\"><source media=\"(min-width: 1024px) and (max-width: 1279px)\" srcset=\"https:\/\/a57.foxnews.com\/static.foxnews.com\/foxnews.com\/content\/uploads\/2018\/09\/931\/523\/Veterans-Day_Saut7.jpg?ve=1&amp;tl=1, https:\/\/a57.foxnews.com\/static.foxnews.com\/foxnews.com\/content\/uploads\/2018\/09\/1862\/1046\/Veterans-Day_Saut7.jpg?ve=1&amp;tl=1 2x\" height=\"523\" width=\"931\"><source media=\"(min-width: 1280px)\" srcset=\"https:\/\/a57.foxnews.com\/static.foxnews.com\/foxnews.com\/content\/uploads\/2018\/09\/720\/405\/Veterans-Day_Saut7.jpg?ve=1&amp;tl=1, https:\/\/a57.foxnews.com\/static.foxnews.com\/foxnews.com\/content\/uploads\/2018\/09\/1440\/810\/Veterans-Day_Saut7.jpg?ve=1&amp;tl=1 2x\" height=\"405\" width=\"720\"><img loading=\"lazy\" decoding=\"async\" src=\"https:\/\/a57.foxnews.com\/static.foxnews.com\/foxnews.com\/content\/uploads\/2018\/09\/1200\/675\/Veterans-Day_Saut7.jpg?ve=1&amp;tl=1\" alt=\"Un grupo de gira visita el Memorial de la Guerra de Corea en el D\u00eda de los Veteranos, en Washington, el mi\u00e9rcoles 11 de noviembre de 2009. (Photo AP\/Jacquelyn Martin) ** Foto independiente **\" width=\"1200\" height=\"675\"\/><\/source><\/source><\/source><\/source><\/picture><\/div>\n<div class=\"info\">\n<div class=\"caption\">\n<p><span>Un grupo de gira visita el Memorial de la Guerra de Corea en el D\u00eda de los Veteranos en Washington, DC<\/span> <!----><\/p>\n<\/div>\n<\/div>\n<\/div>\n<h3>Cesante de la guerra de Yom Kippur (1973)<\/h3>\n<div class=\"image-ct inline\">\n<div class=\"m\"><picture><source media=\"(max-width: 767px)\" srcset=\"https:\/\/a57.foxnews.com\/static.foxnews.com\/foxnews.com\/content\/uploads\/2023\/11\/343\/192\/GettyImages-1707801011.jpg?ve=1&amp;tl=1, https:\/\/a57.foxnews.com\/static.foxnews.com\/foxnews.com\/content\/uploads\/2023\/11\/686\/384\/GettyImages-1707801011.jpg?ve=1&amp;tl=1 2x\" height=\"192\" width=\"343\"><source media=\"(min-width: 768px) and (max-width: 1023px)\" srcset=\"https:\/\/a57.foxnews.com\/static.foxnews.com\/foxnews.com\/content\/uploads\/2023\/11\/672\/378\/GettyImages-1707801011.jpg?ve=1&amp;tl=1, https:\/\/a57.foxnews.com\/static.foxnews.com\/foxnews.com\/content\/uploads\/2023\/11\/1344\/756\/GettyImages-1707801011.jpg?ve=1&amp;tl=1 2x\" height=\"378\" width=\"672\"><source media=\"(min-width: 1024px) and (max-width: 1279px)\" srcset=\"https:\/\/a57.foxnews.com\/static.foxnews.com\/foxnews.com\/content\/uploads\/2023\/11\/931\/523\/GettyImages-1707801011.jpg?ve=1&amp;tl=1, https:\/\/a57.foxnews.com\/static.foxnews.com\/foxnews.com\/content\/uploads\/2023\/11\/1862\/1046\/GettyImages-1707801011.jpg?ve=1&amp;tl=1 2x\" height=\"523\" width=\"931\"><source media=\"(min-width: 1280px)\" srcset=\"https:\/\/a57.foxnews.com\/static.foxnews.com\/foxnews.com\/content\/uploads\/2023\/11\/720\/405\/GettyImages-1707801011.jpg?ve=1&amp;tl=1, https:\/\/a57.foxnews.com\/static.foxnews.com\/foxnews.com\/content\/uploads\/2023\/11\/1440\/810\/GettyImages-1707801011.jpg?ve=1&amp;tl=1 2x\" height=\"405\" width=\"720\"><img loading=\"lazy\" decoding=\"async\" src=\"https:\/\/a57.foxnews.com\/static.foxnews.com\/foxnews.com\/content\/uploads\/2023\/11\/1200\/675\/GettyImages-1707801011.jpg?ve=1&amp;tl=1\" alt=\"Sharon y Dayan\" width=\"1200\" height=\"675\"\/><\/source><\/source><\/source><\/source><\/picture><\/div>\n<div class=\"info\">\n<div class=\"caption\">\n<p><span>El entonces Ministro de Defensa Israel\u00ed, General Moshe Dajan, a la izquierda, con el entonces mayor general Ariel Sharon en el lado egipcio del Canal de Suez durante la cuarta Guerra Israel\u00ed Arab del 18 de octubre de 1973.<\/span> <span>(Foto de UPI\/Picture Alliance a trav\u00e9s de Getty Images)<\/span><\/p>\n<\/div>\n<\/div>\n<\/div>\n<p>Spencer se\u00f1al\u00f3 que en 1973, Israel us\u00f3 las \u00faltimas horas antes de un alto el fuego no negociado para reposicionar las fuerzas. \u00abIsrael hizo un mont\u00f3n de movimientos en esas \u00faltimas horas &#8230; para incluir rodear al Tercer Ej\u00e9rcito, moverse en la ciudad de Suez\u00bb, dijo, haciendo referencia a su estudio de caso sobre la Batalla de la Ciudad de Suez.<\/p>\n<p><strong>Trump anuncia el acuerdo hist\u00f3rico de Ir\u00e1n e Israel Ceaseffire para finalizar &#8217;12 Day War&#8217;<\/strong><\/p>\n<h3>Dayton Accords (1995)<\/h3>\n<div class=\"image-ct inline\">\n<div class=\"m\"><picture><source media=\"(max-width: 767px)\" srcset=\"https:\/\/a57.foxnews.com\/static.foxnews.com\/foxnews.com\/content\/uploads\/2018\/09\/343\/192\/best-1-pix-21.jpg?ve=1&amp;tl=1, https:\/\/a57.foxnews.com\/static.foxnews.com\/foxnews.com\/content\/uploads\/2018\/09\/686\/384\/best-1-pix-21.jpg?ve=1&amp;tl=1 2x\" height=\"192\" width=\"343\"><source media=\"(min-width: 768px) and (max-width: 1023px)\" srcset=\"https:\/\/a57.foxnews.com\/static.foxnews.com\/foxnews.com\/content\/uploads\/2018\/09\/672\/378\/best-1-pix-21.jpg?ve=1&amp;tl=1, https:\/\/a57.foxnews.com\/static.foxnews.com\/foxnews.com\/content\/uploads\/2018\/09\/1344\/756\/best-1-pix-21.jpg?ve=1&amp;tl=1 2x\" height=\"378\" width=\"672\"><source media=\"(min-width: 1024px) and (max-width: 1279px)\" srcset=\"https:\/\/a57.foxnews.com\/static.foxnews.com\/foxnews.com\/content\/uploads\/2018\/09\/931\/523\/best-1-pix-21.jpg?ve=1&amp;tl=1, https:\/\/a57.foxnews.com\/static.foxnews.com\/foxnews.com\/content\/uploads\/2018\/09\/1862\/1046\/best-1-pix-21.jpg?ve=1&amp;tl=1 2x\" height=\"523\" width=\"931\"><source media=\"(min-width: 1280px)\" srcset=\"https:\/\/a57.foxnews.com\/static.foxnews.com\/foxnews.com\/content\/uploads\/2018\/09\/720\/405\/best-1-pix-21.jpg?ve=1&amp;tl=1, https:\/\/a57.foxnews.com\/static.foxnews.com\/foxnews.com\/content\/uploads\/2018\/09\/1440\/810\/best-1-pix-21.jpg?ve=1&amp;tl=1 2x\" height=\"405\" width=\"720\"><img loading=\"lazy\" decoding=\"async\" src=\"https:\/\/a57.foxnews.com\/static.foxnews.com\/foxnews.com\/content\/uploads\/2018\/09\/1200\/675\/best-1-pix-21.jpg?ve=1&amp;tl=1\" alt=\"En esta foto tomada el domingo 20 de marzo de 2016, una mujer bosnia camina entre l\u00e1pidas en el Centro Memorial Potocari cerca de Srebrenica, Bosnia y Herzegovina. El ex l\u00edder serbio bosnio Radovan Karadzic escuchar\u00e1 su veredicto el jueves 24 de marzo de 2016 y los fiscales del Tribunal de Delitos de Guerra de las Naciones Unidas han pedido cadena perpetua por 11 cargos de cr\u00edmenes de guerra, incluido el genocidio que est\u00e1 acusado de haber maestra durante la guerra de Bosnia en 1992-95. (AP Photo\/Amel Emric)\" width=\"1200\" height=\"675\"\/><\/source><\/source><\/source><\/source><\/picture><\/div>\n<div class=\"info\">\n<div class=\"caption\">\n<p><span>Una mujer bosnia camina entre l\u00e1pidas en el Centro Memorial Potocari cerca de Srebrenica, Bosnia y Herzegovina el 20 de marzo de 2016.<\/span> <span>(AP Photo\/Amel Emric)<\/span><\/p>\n<\/div>\n<\/div>\n<\/div>\n<p>Terminando la Guerra de Bosnia, los acuerdos de paz de Dayton, negociados en los Estados Unidos, establecieron una l\u00ednea de tiempo gradual para retiros de tropas y acuerdos pol\u00edticos. \u00abEse era una ONU, m\u00faltiples pa\u00edses que firmaban un acuerdo de lo que ambas partes no har\u00edan y no har\u00edan\u00bb, explic\u00f3 Spencer, contrast\u00e1ndolo con los t\u00e9rminos m\u00e1s sueltos del actual alto el fuego de Israel-Ir\u00e1n.<\/p>\n<h3>ISRAEL-HAMAS CEENEA (2014)<\/h3>\n<div class=\"image-ct inline\">\n<div class=\"m\"><picture><source media=\"(max-width: 767px)\" srcset=\"https:\/\/a57.foxnews.com\/static.foxnews.com\/foxnews.com\/content\/uploads\/2025\/06\/343\/192\/israel-hamas-war-2014-scaled.jpg?ve=1&amp;tl=1, https:\/\/a57.foxnews.com\/static.foxnews.com\/foxnews.com\/content\/uploads\/2025\/06\/686\/384\/israel-hamas-war-2014-scaled.jpg?ve=1&amp;tl=1 2x\" height=\"192\" width=\"343\"><source media=\"(min-width: 768px) and (max-width: 1023px)\" srcset=\"https:\/\/a57.foxnews.com\/static.foxnews.com\/foxnews.com\/content\/uploads\/2025\/06\/672\/378\/israel-hamas-war-2014-scaled.jpg?ve=1&amp;tl=1, https:\/\/a57.foxnews.com\/static.foxnews.com\/foxnews.com\/content\/uploads\/2025\/06\/1344\/756\/israel-hamas-war-2014-scaled.jpg?ve=1&amp;tl=1 2x\" height=\"378\" width=\"672\"><source media=\"(min-width: 1024px) and (max-width: 1279px)\" srcset=\"https:\/\/a57.foxnews.com\/static.foxnews.com\/foxnews.com\/content\/uploads\/2025\/06\/931\/523\/israel-hamas-war-2014-scaled.jpg?ve=1&amp;tl=1, https:\/\/a57.foxnews.com\/static.foxnews.com\/foxnews.com\/content\/uploads\/2025\/06\/1862\/1046\/israel-hamas-war-2014-scaled.jpg?ve=1&amp;tl=1 2x\" height=\"523\" width=\"931\"><source media=\"(min-width: 1280px)\" srcset=\"https:\/\/a57.foxnews.com\/static.foxnews.com\/foxnews.com\/content\/uploads\/2025\/06\/720\/405\/israel-hamas-war-2014-scaled.jpg?ve=1&amp;tl=1, https:\/\/a57.foxnews.com\/static.foxnews.com\/foxnews.com\/content\/uploads\/2025\/06\/1440\/810\/israel-hamas-war-2014-scaled.jpg?ve=1&amp;tl=1 2x\" height=\"405\" width=\"720\"><img loading=\"lazy\" decoding=\"async\" src=\"https:\/\/a57.foxnews.com\/static.foxnews.com\/foxnews.com\/content\/uploads\/2025\/06\/1200\/675\/israel-hamas-war-2014-scaled.jpg?ve=1&amp;tl=1\" alt=\"Guerra de Israel-Hamas 2014\" width=\"1200\" height=\"675\"\/><\/source><\/source><\/source><\/source><\/picture><\/div>\n<div class=\"info\">\n<div class=\"caption\">\n<p><span>El humo se eleva sobre los edificios en el noreste de la ciudad de Gaza despu\u00e9s de que un misil disparado desde Gaza consigui\u00f3 su objetivo el 21 de agosto de 2014.<\/span> <span>(Roberto Schmidt\/AFP a trav\u00e9s de Getty Image)<\/span><\/p>\n<\/div>\n<\/div>\n<\/div>\n<p>Spencer tambi\u00e9n atrajo paralelos a la Guerra de 2014 en Gaza. \u00abHamas dir\u00eda: &#8216;Est\u00e1 bien, queremos un alto el fuego &#8230; hasta la pr\u00f3xima vez que rompan el alto el fuego'\u00bb, dijo. Muchos de esos acuerdos ten\u00edan retrasos de activaci\u00f3n de 12 a 72 horas, similar a lo que ahora se ve con Ir\u00e1n.<\/p>\n<h3>Propuestas de alto el fuego de Ucrania-Rusia<\/h3>\n<div class=\"image-ct inline\">\n<div class=\"m\"><picture><source media=\"(max-width: 767px)\" srcset=\"https:\/\/a57.foxnews.com\/static.foxnews.com\/foxnews.com\/content\/uploads\/2024\/05\/343\/192\/b620563d-Ukraine.png?ve=1&amp;tl=1, https:\/\/a57.foxnews.com\/static.foxnews.com\/foxnews.com\/content\/uploads\/2024\/05\/686\/384\/b620563d-Ukraine.png?ve=1&amp;tl=1 2x\" height=\"192\" width=\"343\"><source media=\"(min-width: 768px) and (max-width: 1023px)\" srcset=\"https:\/\/a57.foxnews.com\/static.foxnews.com\/foxnews.com\/content\/uploads\/2024\/05\/672\/378\/b620563d-Ukraine.png?ve=1&amp;tl=1, https:\/\/a57.foxnews.com\/static.foxnews.com\/foxnews.com\/content\/uploads\/2024\/05\/1344\/756\/b620563d-Ukraine.png?ve=1&amp;tl=1 2x\" height=\"378\" width=\"672\"><source media=\"(min-width: 1024px) and (max-width: 1279px)\" srcset=\"https:\/\/a57.foxnews.com\/static.foxnews.com\/foxnews.com\/content\/uploads\/2024\/05\/931\/523\/b620563d-Ukraine.png?ve=1&amp;tl=1, https:\/\/a57.foxnews.com\/static.foxnews.com\/foxnews.com\/content\/uploads\/2024\/05\/1862\/1046\/b620563d-Ukraine.png?ve=1&amp;tl=1 2x\" height=\"523\" width=\"931\"><source media=\"(min-width: 1280px)\" srcset=\"https:\/\/a57.foxnews.com\/static.foxnews.com\/foxnews.com\/content\/uploads\/2024\/05\/720\/405\/b620563d-Ukraine.png?ve=1&amp;tl=1, https:\/\/a57.foxnews.com\/static.foxnews.com\/foxnews.com\/content\/uploads\/2024\/05\/1440\/810\/b620563d-Ukraine.png?ve=1&amp;tl=1 2x\" height=\"405\" width=\"720\"><img loading=\"lazy\" decoding=\"async\" src=\"https:\/\/a57.foxnews.com\/static.foxnews.com\/foxnews.com\/content\/uploads\/2024\/05\/1200\/675\/b620563d-Ukraine.png?ve=1&amp;tl=1\" alt=\"Militar\" width=\"1200\" height=\"675\"\/><\/source><\/source><\/source><\/source><\/picture><\/div>\n<div class=\"info\">\n<div class=\"caption\">\n<p><span>Los militares de la 93a brigada mecanizada de Ucrania disparan un mortero pesado MO-120-RT franc\u00e9s en las fuerzas rusas en la primera l\u00ednea cerca de la ciudad de Bakhmut en la regi\u00f3n de Donetsk de Ucrania el mi\u00e9rcoles 22 de mayo de 2024.<\/span> <span>(Iryna Rybakova a trav\u00e9s de AP)<\/span><\/p>\n<\/div>\n<\/div>\n<\/div>\n<p>Incluso m\u00e1s recientemente, durante la guerra de Rusia-Ukraine en curso, los cese de alquiler a menudo fueron breves y simb\u00f3licos. \u00abPutin dijo: &#8216;Quiero tres d\u00edas para poder hacer mi desfile'\u00bb, coment\u00f3 Spencer, destacando c\u00f3mo las pausas temporales pueden satisfacer las necesidades estrat\u00e9gicas y pol\u00edticas.<\/p>\n<p>Mientras que los cese de fuego pasados \u200b\u200bfueron dise\u00f1ados para ralentizar la escalada, Spencer ve a este como parte de una doctrina estrat\u00e9gica m\u00e1s amplia. \u00abAyudar a Israel de una manera que solo Estados Unidos podr\u00eda, eso deber\u00eda ser no partidista\u00bb, dijo. \u00abPara que Estados Unidos haga una operaci\u00f3n muy limitada, sin una sola p\u00e9rdida de vida estadounidense &#8230; eso es \u00fanico\u00bb.<\/p>\n<p><strong>Haga clic aqu\u00ed para obtener la aplicaci\u00f3n Fox News<\/strong><\/p>\n<div class=\"image-ct inline\">\n<div class=\"m\"><picture><source media=\"(max-width: 767px)\" srcset=\"https:\/\/a57.foxnews.com\/static.foxnews.com\/foxnews.com\/content\/uploads\/2025\/06\/343\/192\/iran-airstrike-damage.jpg?ve=1&amp;tl=1, https:\/\/a57.foxnews.com\/static.foxnews.com\/foxnews.com\/content\/uploads\/2025\/06\/686\/384\/iran-airstrike-damage.jpg?ve=1&amp;tl=1 2x\" height=\"192\" width=\"343\"><source media=\"(min-width: 768px) and (max-width: 1023px)\" srcset=\"https:\/\/a57.foxnews.com\/static.foxnews.com\/foxnews.com\/content\/uploads\/2025\/06\/672\/378\/iran-airstrike-damage.jpg?ve=1&amp;tl=1, https:\/\/a57.foxnews.com\/static.foxnews.com\/foxnews.com\/content\/uploads\/2025\/06\/1344\/756\/iran-airstrike-damage.jpg?ve=1&amp;tl=1 2x\" height=\"378\" width=\"672\"><source media=\"(min-width: 1024px) and (max-width: 1279px)\" srcset=\"https:\/\/a57.foxnews.com\/static.foxnews.com\/foxnews.com\/content\/uploads\/2025\/06\/931\/523\/iran-airstrike-damage.jpg?ve=1&amp;tl=1, https:\/\/a57.foxnews.com\/static.foxnews.com\/foxnews.com\/content\/uploads\/2025\/06\/1862\/1046\/iran-airstrike-damage.jpg?ve=1&amp;tl=1 2x\" height=\"523\" width=\"931\"><source media=\"(min-width: 1280px)\" srcset=\"https:\/\/a57.foxnews.com\/static.foxnews.com\/foxnews.com\/content\/uploads\/2025\/06\/720\/405\/iran-airstrike-damage.jpg?ve=1&amp;tl=1, https:\/\/a57.foxnews.com\/static.foxnews.com\/foxnews.com\/content\/uploads\/2025\/06\/1440\/810\/iran-airstrike-damage.jpg?ve=1&amp;tl=1 2x\" height=\"405\" width=\"720\"><img loading=\"lazy\" decoding=\"async\" src=\"https:\/\/a57.foxnews.com\/static.foxnews.com\/foxnews.com\/content\/uploads\/2025\/06\/1200\/675\/iran-airstrike-damage.jpg?ve=1&amp;tl=1\" alt=\"Los rescatistas trabajan en la escena de una explosi\u00f3n despu\u00e9s de una huelga israel\u00ed en Teher\u00e1n, Ir\u00e1n, el viernes 13 de junio de 2025.\" width=\"1200\" height=\"675\"\/><\/source><\/source><\/source><\/source><\/picture><\/div>\n<div class=\"info\">\n<div class=\"caption\">\n<p><span>Los rescatistas trabajan en la escena de una explosi\u00f3n despu\u00e9s de una huelga israel\u00ed en Teher\u00e1n, Ir\u00e1n, el viernes 13 de junio de 2025.<\/span> <span>(Sociedad de Media Luna Roja iran\u00ed a trav\u00e9s de AP)<\/span><\/p>\n<\/div>\n<\/div>\n<\/div>\n<p>Spencer describi\u00f3 el alto el fuego como \u00abuna rampa fuera de la rampa\u00bb para ambos lados. \u00abEl alto el fuego aqu\u00ed significa que ambas partes dejar\u00e1n de dispararse entre s\u00ed. No significa que Ir\u00e1n dejar\u00e1 de cantar &#8216;la muerte a Estados Unidos y la muerte a Israel'\u00bb, dijo. \u00abPero las operaciones y las hostilidades se han detenido\u00bb.<\/p>\n<p>A pesar de la falta de t\u00e9rminos formales o la aplicaci\u00f3n internacional, Spencer cree que el acuerdo cre\u00f3 un nuevo precedente. \u00abEsto estableci\u00f3 una nueva doctrina\u00bb, dijo, citando la capacidad de Israel para dominar los cielos iran\u00edes y la respuesta de los Estados Unidos a las amenazas de proliferaci\u00f3n nuclear. \u00abSi Ir\u00e1n decide reconstruir algunos sitios en alg\u00fan lugar, las amenazas estar\u00e1n m\u00e1s presentes que nunca\u00bb.<\/p>\n<p>Spencer concluy\u00f3: \u00abEs una victoria. Cuando las l\u00edneas rojas son realmente l\u00edneas rojas, son efectivas para la disuasi\u00f3n\u00bb.<\/p>\n<p> <!----> <\/p>\n<div class=\"article-meta\">\n<div class=\"author-bio\">\n<p>Efrat Lachter es un reportero de investigaci\u00f3n y corresponsal de guerra. Su trabajo la ha llevado a 40 pa\u00edses, incluidos Ucrania, Rusia, Irak, Siria, Sud\u00e1n y Afganist\u00e1n. Recibi\u00f3 la Comunidad para el Periodismo 2024 Knight-Wallace para periodismo. Lachter se puede seguir en x @efratlachter.<\/p>\n<\/div>\n<\/div>\n<\/div>\n\n","protected":false},"excerpt":{"rendered":"<p>NUEVO\u00a1Ahora puedes escuchar art\u00edculos de Fox News! El presidente Donald Trump negoci\u00f3 un acuerdo hist\u00f3rico de alto el fuego entre Israel e Ir\u00e1n el lunes, marcando una pausa dram\u00e1tica en la confrontaci\u00f3n militar m\u00e1s significativa entre los dos enemigos. El anuncio del lunes por la noche entr\u00f3 en vigencia 12 horas despu\u00e9s, luego de una &hellip;<\/p>\n","protected":false},"author":1,"featured_media":33188,"comment_status":"open","ping_status":"open","sticky":false,"template":"","format":"standard","meta":{"fifu_image_url":"https:\/\/static.foxnews.com\/foxnews.com\/content\/uploads\/2024\/09\/AP24271500593026-scaled.jpg","fifu_image_alt":"","footnotes":""},"categories":[13],"tags":[],"class_list":["post-33186","post","type-post","status-publish","format-standard","has-post-thumbnail","","category-mundo"],"_links":{"self":[{"href":"https:\/\/noticiasveraces.com\/index.php?rest_route=\/wp\/v2\/posts\/33186","targetHints":{"allow":["GET"]}}],"collection":[{"href":"https:\/\/noticiasveraces.com\/index.php?rest_route=\/wp\/v2\/posts"}],"about":[{"href":"https:\/\/noticiasveraces.com\/index.php?rest_route=\/wp\/v2\/types\/post"}],"author":[{"embeddable":true,"href":"https:\/\/noticiasveraces.com\/index.php?rest_route=\/wp\/v2\/users\/1"}],"replies":[{"embeddable":true,"href":"https:\/\/noticiasveraces.com\/index.php?rest_route=%2Fwp%2Fv2%2Fcomments&post=33186"}],"version-history":[{"count":0,"href":"https:\/\/noticiasveraces.com\/index.php?rest_route=\/wp\/v2\/posts\/33186\/revisions"}],"wp:featuredmedia":[{"embeddable":true,"href":"https:\/\/noticiasveraces.com\/index.php?rest_route=\/wp\/v2\/media\/33188"}],"wp:attachment":[{"href":"https:\/\/noticiasveraces.com\/index.php?rest_route=%2Fwp%2Fv2%2Fmedia&parent=33186"}],"wp:term":[{"taxonomy":"category","embeddable":true,"href":"https:\/\/noticiasveraces.com\/index.php?rest_route=%2Fwp%2Fv2%2Fcategories&post=33186"},{"taxonomy":"post_tag","embeddable":true,"href":"https:\/\/noticiasveraces.com\/index.php?rest_route=%2Fwp%2Fv2%2Ftags&post=33186"}],"curies":[{"name":"wp","href":"https:\/\/api.w.org\/{rel}","templated":true}]}}