{"id":33168,"date":"2025-06-25T05:18:42","date_gmt":"2025-06-25T09:18:42","guid":{"rendered":"https:\/\/noticiasveraces.com\/?p=33168"},"modified":"2025-06-25T05:18:42","modified_gmt":"2025-06-25T09:18:42","slug":"por-que-europa-tiene-tan-poca-influencia-en-oriente-medio-dw-24-06-2025","status":"publish","type":"post","link":"https:\/\/noticiasveraces.com\/?p=33168","title":{"rendered":"Por qu\u00e9 Europa tiene tan poca influencia en Oriente Medio \u2013 DW \u2013 24\/06\/2025"},"content":{"rendered":"<p> \n<\/p>\n<div>\n<p>Cuatro palabras le bastaron a Trump\u00a0el pasado viernes para demostrar la impotencia de sus socios europeos: \u00abEso no sirvi\u00f3 de nada\u201d, dijo el presidente de EE.UU. en referencia a las conversaciones en Ginebra entre los ministros de Exteriores de Francia, Alemania\u00a0y Reino Unido con su hom\u00f3logo iran\u00ed. \u00abIr\u00e1n no quiere hablar con Europa. Quieren hablar con nosotros. Europa no juega ning\u00fan papel en este asunto\u201d, coment\u00f3 camino a una cena de recaudaci\u00f3n de fondos en su club de golf en Bedminster, Nueva Jersey. Para entonces, ya estaban en marcha los preparativos para ataques a\u00e9reos estadounidenses contra instalaciones nucleares iran\u00edes en la madrugada del domingo.<\/p>\n<p>\u00abNi los pa\u00edses europeos por separado ni la UE\u00a0en su conjunto desempe\u00f1an un papel relevante en la diplomacia de Oriente Medio\u201d, afirma Jan Techau, director europeo del grupo de an\u00e1lisis Eurasia Group. \u00abDesde hace tiempo, ni Israel\u00a0ni EE.UU. los consultan ni los informan con antelaci\u00f3n. Y los europeos, al parecer, lo han aceptado\u201d.<\/p>\n<h2>Influencia menguante<\/h2>\n<p>Durante a\u00f1os, la UE se posicion\u00f3 como actor diplom\u00e1tico, especialmente en el acuerdo nuclear con Ir\u00e1n (JCPOA), firmado en julio de 2015. Pero desde que EE.UU. se retir\u00f3 en 2018 y fracas\u00f3 el mecanismo financiero INSTEX, le falta a la UE un instrumento econ\u00f3mico contundente frente a Teher\u00e1n. INSTEX fue concebido como una sociedad instrumental internacional para facilitar el comercio con Ir\u00e1n.<\/p>\n<p>La guerra iniciada el 13 de junio de 2025 con ataques selectivos de Israel contra instalaciones nucleares iran\u00edes ha dejado clara una amarga realidad para la UE: actualmente no es ni fuerza motora ni mediadora. La l\u00f3gica militar la dictan Israel y EE.UU.; Rusia y China defienden sus intereses en el Golfo. Europa queda al margen.<\/p>\n<p>\u00abEuropa no tiene capacidad para proyectar poder en la regi\u00f3n\u201d, analiza Techau. \u00abSu fuerza econ\u00f3mica y comercial no es relevante para las potencias en guerra, y sus limitadas capacidades militares no pesan. Europa no puede obligar ni proteger a nadie all\u00ed\u201d.<\/p>\n<figure class=\"placeholder-image master_landscape big\"><img data-format=\"MASTER_LANDSCAPE\" data-id=\"72596275\" data-url=\"https:\/\/static.dw.com\/image\/72596275_${formatId}.jpg\" data-aspect-ratio=\"16\/9\" alt=\"El presidente Macron, el primer ministro Starmer y el canciller Merz (de izquierda a derecha) sentados a una mesa conversando.\" style=\"padding-bottom: 56.25%; height: 0; max-height: 0;\"\/><figcaption class=\"img-caption\">Tr\u00edo de l\u00edderes europeos: el presidente Macron, el primer ministro Starmer y el canciller Merz (de izquierda a derecha).<small class=\"copyright\">Imagen: Leon Neal\/Getty\/AP\/DPA\/Picture Alliance<\/small><\/figcaption><\/figure>\n<h2>Merz, Macron, Kallas: muchas voces, poco efecto<\/h2>\n<p>Pese a ello, Europa intenta encontrar su papel. El canciller federal alem\u00e1n\u00a0Friedrich Merz (CDU) se aline\u00f3 firmemente con Israel: \u00abEsta es el trabajo sucio que Israel hace por todos nosotros\u201d. A la vez, advirti\u00f3 al primer ministro Benjam\u00edn Netanyahu contra una escalada del conflicto y pidi\u00f3 a Teher\u00e1n volver a la mesa de negociaci\u00f3n.<\/p>\n<p>Tambi\u00e9n los ministros de Exteriores de la UE urgieron el lunes 23 de junio en Bruselas a iniciar negociaciones r\u00e1pidamente, un llamado que Merz, el primer ministro brit\u00e1nico Keir Starmer y el presidente franc\u00e9s Emmanuel Macron ya hab\u00edan hecho el d\u00eda anterior. En una declaraci\u00f3n conjunta \u2014que tambi\u00e9n evidenci\u00f3 que los tres pa\u00edses tienen visiones distintas sobre la crisis\u2014, volvieron a instar a Ir\u00e1n a negociar. Los l\u00edderes europeos reaccionaron con escepticismo ante las nuevas se\u00f1ales desde Washington, seg\u00fan las cuales Trump respaldar\u00eda la exigencia israel\u00ed de derrocar al r\u00e9gimen de los mul\u00e1s.<\/p>\n<p>En la regi\u00f3n no hay, por ahora, un deseo genuino de mediaci\u00f3n europea. En su lugar, se perciben las divisiones internas europeas: Polonia, Hungr\u00eda y los pa\u00edses b\u00e1lticos adoptan posturas claramente proisrael\u00edes, mientras que Irlanda, Espa\u00f1a y B\u00e9lgica critican duramente al gobierno de Netanyahu. Una pol\u00edtica exterior com\u00fan de la UE para la regi\u00f3n no est\u00e1 a la vista. La jefa de la diplomacia europea, Kaja Kallas, suena casi resignada cuando repite: \u00abLa diplomacia ser\u00e1 siempre, a largo plazo, la mejor v\u00eda para abordar el programa nuclear iran\u00ed\u201d.<\/p>\n<p><span data-slot-id=\"Article_InContent-1\" class=\"rich-text-ad\"\/><\/p>\n<h2>Causas de la p\u00e9rdida de influencia<\/h2>\n<p>Adem\u00e1s de carencias estructurales, Techau ve errores de an\u00e1lisis por parte de los europeos: \u00abDesde la guerra de Irak en 2003 han hecho evaluaciones equivocadas. No comprendieron que el temor a un Ir\u00e1n agresivo y armado nuclearmente era desde hace tiempo la cuesti\u00f3n de orden decisiva en la regi\u00f3n, no la situaci\u00f3n de los palestinos\u201d.<\/p>\n<p>Europa tambi\u00e9n subestim\u00f3 durante mucho tiempo el impacto existencial que caus\u00f3 en Israel el 7 de octubre de 2023 y sus consecuencias. As\u00ed como la nueva situaci\u00f3n estrat\u00e9gica de Ir\u00e1n, derivada del debilitamiento de Rusia, la ca\u00edda de Asad y la casi total destrucci\u00f3n de Ham\u00e1s y Hezbol\u00e1. \u00abLa diplomacia europea se bas\u00f3 en su mayor\u00eda en premisas obsoletas\u201d, sostiene Techau.<\/p>\n<p>Aunque actualmente Europa tiene escasa influencia en el curso de los acontecimientos, ya siente las consecuencias: precios del petr\u00f3leo m\u00e1s altos y una posible interrupci\u00f3n en el estrecho de Ormuz amenazan las cadenas de suministro y podr\u00edan volver a disparar la inflaci\u00f3n en el continente. Antes de eso, muchas empresas ya hab\u00edan evitado comerciar con Ir\u00e1n por temor a sanciones estadounidenses. El proyecto europeo INSTEX se qued\u00f3 en papel mojado.<\/p>\n<h2>D\u00f3nde Europa a\u00fan puede actuar<\/h2>\n<p>La UE no est\u00e1 completamente sin opciones, como mostr\u00f3 la visita del jefe de la diplomacia iran\u00ed, Abbas Araghchi, la semana pasada a varios ministros europeos en Ginebra. Si se abren las negociaciones con Ir\u00e1n, como desean los europeos, la UE podr\u00eda ofrecer incentivos econ\u00f3micos y apoyo diplom\u00e1tico. Tambi\u00e9n es concebible su participaci\u00f3n en intentos de mediaci\u00f3n entre Teher\u00e1n y Estados \u00e1rabes como Catar o Jordania, y en el \u00e1mbito humanitario Europa sigue estando muy presente en Oriente Medio.<\/p>\n<p>Por ahora, sin embargo, los llamados europeos a la diplomacia se pierden en el lenguaje de la geopol\u00edtica. \u00bfQu\u00e9 tendr\u00eda que cambiar? Europa debe reforzar su capacidad de acci\u00f3n militar y repensar su enfoque diplom\u00e1tico, sostiene el analista Techau. \u00abApostar \u00fanicamente por la soluci\u00f3n de dos Estados e insistir en negociaciones no impresiona a nadie en la regi\u00f3n\u201d. Y mucho menos al presidente estadounidense Trump.<\/p>\n<p>(GG\/EL)<\/p>\n<\/div>\n\n","protected":false},"excerpt":{"rendered":"<p>Cuatro palabras le bastaron a Trump\u00a0el pasado viernes para demostrar la impotencia de sus socios europeos: \u00abEso no sirvi\u00f3 de nada\u201d, dijo el presidente de EE.UU. en referencia a las conversaciones en Ginebra entre los ministros de Exteriores de Francia, Alemania\u00a0y Reino Unido con su hom\u00f3logo iran\u00ed. \u00abIr\u00e1n no quiere hablar con Europa. Quieren hablar &hellip;<\/p>\n","protected":false},"author":1,"featured_media":33169,"comment_status":"open","ping_status":"open","sticky":false,"template":"","format":"standard","meta":{"fifu_image_url":"https:\/\/static.dw.com\/image\/73011173_6.jpg","fifu_image_alt":"","footnotes":""},"categories":[13],"tags":[],"class_list":["post-33168","post","type-post","status-publish","format-standard","has-post-thumbnail","","category-mundo"],"_links":{"self":[{"href":"https:\/\/noticiasveraces.com\/index.php?rest_route=\/wp\/v2\/posts\/33168","targetHints":{"allow":["GET"]}}],"collection":[{"href":"https:\/\/noticiasveraces.com\/index.php?rest_route=\/wp\/v2\/posts"}],"about":[{"href":"https:\/\/noticiasveraces.com\/index.php?rest_route=\/wp\/v2\/types\/post"}],"author":[{"embeddable":true,"href":"https:\/\/noticiasveraces.com\/index.php?rest_route=\/wp\/v2\/users\/1"}],"replies":[{"embeddable":true,"href":"https:\/\/noticiasveraces.com\/index.php?rest_route=%2Fwp%2Fv2%2Fcomments&post=33168"}],"version-history":[{"count":0,"href":"https:\/\/noticiasveraces.com\/index.php?rest_route=\/wp\/v2\/posts\/33168\/revisions"}],"wp:featuredmedia":[{"embeddable":true,"href":"https:\/\/noticiasveraces.com\/index.php?rest_route=\/wp\/v2\/media\/33169"}],"wp:attachment":[{"href":"https:\/\/noticiasveraces.com\/index.php?rest_route=%2Fwp%2Fv2%2Fmedia&parent=33168"}],"wp:term":[{"taxonomy":"category","embeddable":true,"href":"https:\/\/noticiasveraces.com\/index.php?rest_route=%2Fwp%2Fv2%2Fcategories&post=33168"},{"taxonomy":"post_tag","embeddable":true,"href":"https:\/\/noticiasveraces.com\/index.php?rest_route=%2Fwp%2Fv2%2Ftags&post=33168"}],"curies":[{"name":"wp","href":"https:\/\/api.w.org\/{rel}","templated":true}]}}