{"id":33152,"date":"2025-06-25T04:17:27","date_gmt":"2025-06-25T08:17:27","guid":{"rendered":"https:\/\/noticiasveraces.com\/?p=33152"},"modified":"2025-06-25T04:17:27","modified_gmt":"2025-06-25T08:17:27","slug":"parlamento-de-iran-aprueba-suspender-cooperacion-con-el-oiea-dw-25-06-2025","status":"publish","type":"post","link":"https:\/\/noticiasveraces.com\/?p=33152","title":{"rendered":"Parlamento de Ir\u00e1n aprueba suspender cooperaci\u00f3n con el OIEA \u2013 DW \u2013 25\/06\/2025"},"content":{"rendered":"<p> \n<\/p>\n<div id=\"liveblog-post-73029772\"><span class=\"h1du6kc5 lcjjkz7 p1an4w7w s4xla6a s16w0xvi blt0baw\">Ir a la siguiente secci\u00f3n Parlamento de Ir\u00e1n aprueba suspender cooperaci\u00f3n con el OIEA<\/span><svg xmlns=\"http:\/\/www.w3.org\/2000\/svg\" viewbox=\"0 0 20 20\" class=\"s1ly0d8v\"><g fill=\"none\" fill-rule=\"evenodd\" stroke=\"#002D5A\" stroke-width=\"2\"><path d=\"M4 9L4 16 11 16\" transform=\"rotate(45 7.5 12.5)\"\/><path stroke-linecap=\"square\" d=\"M3.5 12.5L17.5 12.5M17.5 12.5L17.5 5.5M17.5 5L12 5\"\/><\/g><\/svg><\/p>\n<p><span class=\"time-area s1i8qhb9 icns9en l1l9ne58 m1fzgn0z wngcpkw blt0baw\"><span class=\"publication icns9en l1l9ne58 m1fzgn0z wngcpkw blt0baw\"><time aria-hidden=\"true\">25\/06\/2025<\/time><span class=\"sr-only s28j2rd\">25 de junio de 2025<\/span><\/span><\/span><\/p>\n<h2 class=\"pmcvy6l h1du6kc5 li5mn0y p1vy2ykd s4xla6a s16w0xvi blt0baw\">Parlamento de Ir\u00e1n aprueba suspender cooperaci\u00f3n con el OIEA<\/h2>\n<\/p>\n<div class=\"post-rich-text c17j8gzx rc0m0op r1ebneao s198y7xq rich-text li5mn0y r1r94ulj wngcpkw blt0baw\">\n<figure class=\"placeholder-image master_landscape big\"><img data-format=\"MASTER_LANDSCAPE\" data-id=\"72269898\" data-url=\"https:\/\/static.dw.com\/image\/72269898_${formatId}.jpg\" data-aspect-ratio=\"16\/9\" alt=\"El ministro de Exteriores iran\u00ed, Abbas Araghchi, estrecha la mano del jefe del OIEA, Rafael Mariano Grossi, en conversaciones sobre el programa nuclear iran\u00ed, este abril de 2025.\" style=\"padding-bottom: 56.25%; height: 0; max-height: 0;\"\/><figcaption class=\"img-caption\">El ministro de Exteriores iran\u00ed, Abbas Araghchi y el jefe del OIEA, Rafael Grossi, en conversaciones sobre el programa nuclear iran\u00ed, el 16 abril de 2025.<small class=\"copyright\">Imagen: Ministerio de Relaciones Exteriores iran\u00ed\/AP\/Alianza de im\u00e1genes<\/small><\/figcaption><\/figure>\n<p>El parlamento de Ir\u00e1n aprob\u00f3 este mi\u00e9rcoles 25 de junio un proyecto de ley para suspender la cooperaci\u00f3n con el organismo de control nuclear de la ONU, seg\u00fan informaron el peri\u00f3dico iran\u00ed <em>Nournews <\/em>y la\u00a0televisi\u00f3n estatal, tras una guerra de 12 d\u00edas que incluy\u00f3 ataques israel\u00edes y estadounidenses contra instalaciones nucleares iran\u00edes.<\/p>\n<p>El Consejo Supremo de Seguridad Nacional de Ir\u00e1n ahora debe dar la aprobaci\u00f3n final a la medida, a\u00f1aden los medios iran\u00edes.<\/p>\n<p>\u00abEl Organismo Internacional de Energ\u00eda At\u00f3mica (OIEA), que se neg\u00f3 a condenar siquiera marginalmente el ataque a las instalaciones nucleares de Ir\u00e1n, puso en duda su credibilidad internacional\u00bb, declar\u00f3 el presidente del parlamento iran\u00ed, Mohammad Bagher Ghalibaf, seg\u00fan la televisi\u00f3n estatal, anunciando que \u00abla Organizaci\u00f3n de Energ\u00eda At\u00f3mica de Ir\u00e1n suspender\u00e1 su cooperaci\u00f3n con el OIEA hasta que se garantice la seguridad de las instalaciones nucleares\u00bb.<\/p>\n<figure class=\"placeholder-image master_landscape big\"><img data-format=\"MASTER_LANDSCAPE\" data-id=\"64889511\" data-url=\"https:\/\/static.dw.com\/image\/64889511_${formatId}.jpg\" data-aspect-ratio=\"16\/9\" alt=\"El jefe de la Organizaci\u00f3n de Energ\u00eda At\u00f3mica de Ir\u00e1n, Mohammad Eslami (der.), estrecha la mano del jefe del Organismo Internacional de Energ\u00eda At\u00f3mica (OIEA), Rafael Grossi, al inicio de su reuni\u00f3n en Teher\u00e1n el 4 de marzo de 2023.\" style=\"padding-bottom: 56.25%; height: 0; max-height: 0;\"\/><figcaption class=\"img-caption\">El jefe de la Organizaci\u00f3n de Energ\u00eda At\u00f3mica de Ir\u00e1n, Mohammad Eslami (der.), y el del Organismo Internacional de Energ\u00eda At\u00f3mica (OIEA), Rafael Grossi, al inicio de una reuni\u00f3n en Teher\u00e1n el 4 de marzo de 2023.<small class=\"copyright\">Imagen: Organizaci\u00f3n de energ\u00eda at\u00f3mica del cable IR\/Zuma\/IMelo<\/small><\/figcaption><\/figure>\n<p>(RML \/ Reuters, AFP)<\/p>\n<\/div>\n<p><span class=\"svdcmki\">https:\/\/p.dw.com\/p\/4wqny<\/span><\/p>\n<\/div>\n<div id=\"liveblog-post-73029462\"><span class=\"h1du6kc5 lcjjkz7 p1an4w7w s4xla6a s16w0xvi blt0baw\">Ir a la siguiente secci\u00f3n Ir\u00e1n celebrar\u00e1 el s\u00e1bado funerales de altos cargos y cient\u00edficos muertos en guerra con Israel<\/span><svg xmlns=\"http:\/\/www.w3.org\/2000\/svg\" viewbox=\"0 0 20 20\" class=\"s1ly0d8v\"><g fill=\"none\" fill-rule=\"evenodd\" stroke=\"#002D5A\" stroke-width=\"2\"><path d=\"M4 9L4 16 11 16\" transform=\"rotate(45 7.5 12.5)\"\/><path stroke-linecap=\"square\" d=\"M3.5 12.5L17.5 12.5M17.5 12.5L17.5 5.5M17.5 5L12 5\"\/><\/g><\/svg><\/p>\n<p><span class=\"time-area s1i8qhb9 icns9en l1l9ne58 m1fzgn0z wngcpkw blt0baw\"><span class=\"publication icns9en l1l9ne58 m1fzgn0z wngcpkw blt0baw\"><time aria-hidden=\"true\">25\/06\/2025<\/time><span class=\"sr-only s28j2rd\">25 de junio de 2025<\/span><\/span><\/span><\/p>\n<h2 class=\"pmcvy6l h1du6kc5 li5mn0y p1vy2ykd s4xla6a s16w0xvi blt0baw\">Ir\u00e1n celebrar\u00e1 el s\u00e1bado funerales de altos cargos y cient\u00edficos muertos en guerra con Israel<\/h2>\n<\/p>\n<div class=\"post-rich-text c17j8gzx rc0m0op r1ebneao s198y7xq rich-text li5mn0y r1r94ulj wngcpkw blt0baw\">\n<p>\u00abFunerales nacionales (&#8230;) para los altos mandos y cient\u00edficos que cayeron como m\u00e1rtires durante la agresi\u00f3n del r\u00e9gimen sionista se efectuar\u00e1n el s\u00e1bado (28 de junio) a partir de las 8 am (04H30 GMT)\u00bb en Teher\u00e1n, inform\u00f3 la agencia estatal IRNA. <\/p>\n<p>El jueves se efectuar\u00e1 la ceremonia f\u00fanebre para Hosein Salami, jefe de los Guardianes de la Revoluci\u00f3n, el ej\u00e9rcito ideol\u00f3gico de la Rep\u00fablica Isl\u00e1mica, muerto en el primer d\u00eda de la guerra\u00bb, seg\u00fan IRNA.<\/p>\n<p>La guerra comenz\u00f3 el 13 de junio, Israel lanz\u00f3 una importante campa\u00f1a de bombardeos contra instalaciones nucleares y militares iran\u00edes, con el objetivo declarado de\u00a0impedir que la Rep\u00fablica Isl\u00e1mica obtenga una bomba at\u00f3mica, matando a altos funcionarios, entre ellos Salami, cercano al l\u00edder supremo iran\u00ed, el ayatol\u00e1 Al\u00ed Jamenei.\u00a0Estados Unidos tambi\u00e9n bombarde\u00f3 el domingo tres instalaciones nucleares claves de Ir\u00e1n.<\/p>\n<p>Las zonas residenciales tambi\u00e9n se vieron afectadas por los combates, y el Ministerio de Salud de Teher\u00e1n\u00a0inform\u00f3 de al menos 610 civiles muertos y m\u00e1s de 4.700 heridos.\u00a0Los ataques de represalia de Ir\u00e1n contra Israel causaron la muerte de 28 personas, seg\u00fan cifras oficiales.\u00a0El conflicto entr\u00f3 ayer martes en una fr\u00e1gil tregua que se ha mantenido este mi\u00e9rcoles.<\/p>\n<p>(RML \/ AFP, Medio Oriente Ojo) <\/p>\n<\/div>\n<p><span class=\"svdcmki\">https:\/\/p.dw.com\/p\/4wqiy<\/span><\/p>\n<\/div>\n\n","protected":false},"excerpt":{"rendered":"<p>Ir a la siguiente secci\u00f3n Parlamento de Ir\u00e1n aprueba suspender cooperaci\u00f3n con el OIEA 25\/06\/202525 de junio de 2025 Parlamento de Ir\u00e1n aprueba suspender cooperaci\u00f3n con el OIEA El ministro de Exteriores iran\u00ed, Abbas Araghchi y el jefe del OIEA, Rafael Grossi, en conversaciones sobre el programa nuclear iran\u00ed, el 16 abril de 2025.Imagen: Ministerio &hellip;<\/p>\n","protected":false},"author":1,"featured_media":33153,"comment_status":"open","ping_status":"open","sticky":false,"template":"","format":"standard","meta":{"fifu_image_url":"https:\/\/static.dw.com\/image\/71900489_6.jpg","fifu_image_alt":"","footnotes":""},"categories":[13],"tags":[],"class_list":["post-33152","post","type-post","status-publish","format-standard","has-post-thumbnail","","category-mundo"],"_links":{"self":[{"href":"https:\/\/noticiasveraces.com\/index.php?rest_route=\/wp\/v2\/posts\/33152","targetHints":{"allow":["GET"]}}],"collection":[{"href":"https:\/\/noticiasveraces.com\/index.php?rest_route=\/wp\/v2\/posts"}],"about":[{"href":"https:\/\/noticiasveraces.com\/index.php?rest_route=\/wp\/v2\/types\/post"}],"author":[{"embeddable":true,"href":"https:\/\/noticiasveraces.com\/index.php?rest_route=\/wp\/v2\/users\/1"}],"replies":[{"embeddable":true,"href":"https:\/\/noticiasveraces.com\/index.php?rest_route=%2Fwp%2Fv2%2Fcomments&post=33152"}],"version-history":[{"count":0,"href":"https:\/\/noticiasveraces.com\/index.php?rest_route=\/wp\/v2\/posts\/33152\/revisions"}],"wp:featuredmedia":[{"embeddable":true,"href":"https:\/\/noticiasveraces.com\/index.php?rest_route=\/wp\/v2\/media\/33153"}],"wp:attachment":[{"href":"https:\/\/noticiasveraces.com\/index.php?rest_route=%2Fwp%2Fv2%2Fmedia&parent=33152"}],"wp:term":[{"taxonomy":"category","embeddable":true,"href":"https:\/\/noticiasveraces.com\/index.php?rest_route=%2Fwp%2Fv2%2Fcategories&post=33152"},{"taxonomy":"post_tag","embeddable":true,"href":"https:\/\/noticiasveraces.com\/index.php?rest_route=%2Fwp%2Fv2%2Ftags&post=33152"}],"curies":[{"name":"wp","href":"https:\/\/api.w.org\/{rel}","templated":true}]}}