{"id":33143,"date":"2025-06-25T02:13:37","date_gmt":"2025-06-25T06:13:37","guid":{"rendered":"https:\/\/noticiasveraces.com\/?p=33143"},"modified":"2025-06-25T02:13:37","modified_gmt":"2025-06-25T06:13:37","slug":"los-retos-de-alemania-ante-los-nuevos-objetivos-de-la-otan-dw-24-06-2025","status":"publish","type":"post","link":"https:\/\/noticiasveraces.com\/?p=33143","title":{"rendered":"Los retos de Alemania ante los nuevos objetivos de la OTAN \u2013 DW \u2013 24\/06\/2025"},"content":{"rendered":"<p> \n<\/p>\n<div>\n<p>Pocos antes de la celebraci\u00f3n de la cumbre de la OTAN en La Haya, est\u00e1 claro que los elevados objetivos de la alianza exigir\u00e1n mucho de Alemania. El canciller alem\u00e1n, Friedrich Merz, del partido democristiano CDU, ya ha anunciado que el Ej\u00e9rcito tendr\u00e1 a su disposici\u00f3n todos los medios financieros necesarios para convertirse en el m\u00e1s fuerte de Europa.<\/p>\n<p>Pero los nuevos objetivos de la OTAN son muy ambiciosos: se prev\u00e9 que los Estados miembros destinen el cinco por ciento de su PIB a la defensa. Hasta ahora, era el dos por ciento, que es lo que Alemania gasta actualmente en defensa.<\/p>\n<h2>Trump: los europeos deben aportar m\u00e1s a la OTAN<\/h2>\n<p>El presidente estadounidense, Donald Trump, fue quien plante\u00f3 por primera vez el objetivo del cinco por ciento. Y lo hizo a base de exigencias, amenazando con que si los dem\u00e1s socios segu\u00edan contribuyendo tan poco, les negar\u00eda su apoyo. Ciertamente, en 2024, EE. UU. aportaba dos tercios del gasto en defensa de todos los Estados miembros de la OTAN.<\/p>\n<p>Muchos pa\u00edses europeos acogen con escepticismo la exigencia de Trump de pedir el cinco por ciento, y consideran que se trata de una cifra demasiado elevada. En 2024, algunos pa\u00edses estaban incluso muy lejos del 2 por ciento.<\/p>\n<p>Pocos d\u00edas antes de la cumbre, el secretario general de la OTAN, Mark Rutte, anunci\u00f3 que, en 2025, todos los socios de la OTAN cumplir\u00edan el objetivo del 2 por ciento, pero ese es tan solo un paso intermedio hacia un gasto a\u00fan mayor, ya que, en la cumbre de La Haya, se declarar\u00e1 el 5 por ciento como nuevo objetivo.<\/p>\n<h2>Suma gigantesca para Alemania<\/h2>\n<p>El Gobierno alem\u00e1n, por su parte, respalda la f\u00f3rmula propuesta por Rutte: el 3,5 por ciento del PIB se destinar\u00e1 a defensa y el 1,5 por ciento a infraestructuras que tambi\u00e9n puedan ser relevantes para la defensa, ya sean v\u00edas f\u00e9rreas, puentes o puertos. Para 2032, se alcanzar\u00e1 el 5 por ciento.<\/p>\n<p>En el caso de Alemania, con su s\u00f3lida econom\u00eda, esto representar\u00eda una suma gigantesca, estimada en 225 mil millones de euros anuales, sobre todo si tenemos en cuenta que el presupuesto total de 2024 fue de 476 mil millones de euros.<\/p>\n<p>El canciller Merz subraya que el desarrollo de las capacidades militares es m\u00e1s importante que los porcentajes, pero el argumento no termina de convencer a todos los socialdem\u00f3cratas de la coalici\u00f3n de Gobierno.<\/p>\n<p>\u00abConsideramos irracional establecer un porcentaje del gasto militar basado en el PIB\u00bb, escribe un grupo de izquierdas dentro del SPD, en un manifiesto sobre el mantenimiento de la paz en Europa. Parte de la oposici\u00f3n tambi\u00e9n critica duramente las elevadas cifras.<\/p>\n<p>Pero, dada la amenaza que representa Rusia, los expertos de la Bundeswehr (el ej\u00e9rcito alem\u00e1n) ven buenas razones para invertir m\u00e1s dinero en las fuerzas armadas, que han estado descuidadas durante d\u00e9cadas. \u00abNo se trata de complacer a los estadounidenses ni de satisfacer las necesidades de la industria armament\u00edstica. M\u00e1s bien, es en inter\u00e9s nacional de Alemania ser capaz de defenderse\u00bb, comenta a DW la experta en seguridad Aylin Matl\u00e9, del Consejo Alem\u00e1n de Relaciones Exteriores (DGAP).<\/p>\n<p>Eso s\u00ed, Matl\u00e9 cree que el Gobierno alem\u00e1n debe explicar claramente por qu\u00e9 es necesario alcanzar esa cifra de gasto, que la propia experta considera desorbitada.<\/p>\n<p><span data-slot-id=\"Article_InContent-1\" class=\"rich-text-ad\"\/><\/p>\n<h2>Ministro de Defensa Pistorius: \u00abEsto\u00a0ser\u00e1 un gran esfuerzo\u00bb<\/h2>\n<p>Adem\u00e1s de las finanzas, la cumbre de la OTAN tambi\u00e9n abordar\u00e1 las capacidades militares, ya que son necesarias m\u00e1s tropas en Europa. En primer lugar, como se\u00f1al de fortaleza a Rusia, y en segundo lugar, por el anuncio del presidente estadounidense, Donald Trump, de reducir la presencia estadounidense en Europa.<\/p>\n<p>\u00bfQu\u00e9 significa esto para la Bundeswehr? Se necesitan entre 50.000 y 60.000 soldados m\u00e1s, explic\u00f3 el ministro de Defensa Boris Pistorius, del partido socialdem\u00f3crata SPD,\u00a0en Bruselas a principios de junio. En aquella reuni\u00f3n, los ministros de defensa de la OTAN ya definieron los nuevos objetivos de capacidad de la alianza. Los detalles son secretos, pero Pistorius anunci\u00f3 que se formar\u00e1n nuevas unidades grandes y completamente equipadas. \u00abEsto\u00a0ser\u00e1 un gran esfuerzo\u00bb, dijo el ministro.<\/p>\n<h2>Tal vez m\u00e1s adelante, servicio militar obligatorio<\/h2>\n<p>C\u00f3mo pretende la Bundeswehr reclutar a decenas de miles de soldados profesionales en los pr\u00f3ximos a\u00f1os sigue siendo un misterio por ahora. Actualmente, cuenta con una dotaci\u00f3n de aproximadamente 182.000 soldados y est\u00e1 reclutando activamente nuevo personal. En los \u00faltimos a\u00f1os, el n\u00famero de soldados se ha reducido a pesar de todos los esfuerzos de reclutamiento.<\/p>\n<p>Un m\u00e9todo viable para conseguir personal podr\u00eda ser el servicio militar obligatorio, suspendido en 2011. Pero, de momento, no se reinstaura.\u00a0Los socios de coalici\u00f3n, los socialdem\u00f3cratas y el partido conservador CDU\/CSU, han llegado a un acuerdo al respecto. \u00abEstamos creando un nuevo y atractivo servicio militar basado inicialmente en la participaci\u00f3n voluntaria\u00bb, recoge el texto del acuerdo de coalici\u00f3n, en el que no aparece el t\u00e9rmino \u00abservicio militar obligatorio\u00bb. <\/p>\n<p>(MS\/EL)<\/p>\n<\/p>\n<\/div>\n\n","protected":false},"excerpt":{"rendered":"<p>Pocos antes de la celebraci\u00f3n de la cumbre de la OTAN en La Haya, est\u00e1 claro que los elevados objetivos de la alianza exigir\u00e1n mucho de Alemania. El canciller alem\u00e1n, Friedrich Merz, del partido democristiano CDU, ya ha anunciado que el Ej\u00e9rcito tendr\u00e1 a su disposici\u00f3n todos los medios financieros necesarios para convertirse en el &hellip;<\/p>\n","protected":false},"author":1,"featured_media":33144,"comment_status":"open","ping_status":"open","sticky":false,"template":"","format":"standard","meta":{"fifu_image_url":"https:\/\/static.dw.com\/image\/73021975_6.jpg","fifu_image_alt":"","footnotes":""},"categories":[13],"tags":[],"class_list":["post-33143","post","type-post","status-publish","format-standard","has-post-thumbnail","","category-mundo"],"_links":{"self":[{"href":"https:\/\/noticiasveraces.com\/index.php?rest_route=\/wp\/v2\/posts\/33143","targetHints":{"allow":["GET"]}}],"collection":[{"href":"https:\/\/noticiasveraces.com\/index.php?rest_route=\/wp\/v2\/posts"}],"about":[{"href":"https:\/\/noticiasveraces.com\/index.php?rest_route=\/wp\/v2\/types\/post"}],"author":[{"embeddable":true,"href":"https:\/\/noticiasveraces.com\/index.php?rest_route=\/wp\/v2\/users\/1"}],"replies":[{"embeddable":true,"href":"https:\/\/noticiasveraces.com\/index.php?rest_route=%2Fwp%2Fv2%2Fcomments&post=33143"}],"version-history":[{"count":0,"href":"https:\/\/noticiasveraces.com\/index.php?rest_route=\/wp\/v2\/posts\/33143\/revisions"}],"wp:featuredmedia":[{"embeddable":true,"href":"https:\/\/noticiasveraces.com\/index.php?rest_route=\/wp\/v2\/media\/33144"}],"wp:attachment":[{"href":"https:\/\/noticiasveraces.com\/index.php?rest_route=%2Fwp%2Fv2%2Fmedia&parent=33143"}],"wp:term":[{"taxonomy":"category","embeddable":true,"href":"https:\/\/noticiasveraces.com\/index.php?rest_route=%2Fwp%2Fv2%2Fcategories&post=33143"},{"taxonomy":"post_tag","embeddable":true,"href":"https:\/\/noticiasveraces.com\/index.php?rest_route=%2Fwp%2Fv2%2Ftags&post=33143"}],"curies":[{"name":"wp","href":"https:\/\/api.w.org\/{rel}","templated":true}]}}