{"id":33141,"date":"2025-06-25T01:12:41","date_gmt":"2025-06-25T05:12:41","guid":{"rendered":"https:\/\/noticiasveraces.com\/?p=33141"},"modified":"2025-06-25T01:12:41","modified_gmt":"2025-06-25T05:12:41","slug":"tensiones-comerciales-mundiales-se-intensifican-dw-25-06-2025","status":"publish","type":"post","link":"https:\/\/noticiasveraces.com\/?p=33141","title":{"rendered":"tensiones comerciales mundiales se intensifican \u2013 DW \u2013 25\/06\/2025"},"content":{"rendered":"<p> \n<\/p>\n<div>\n<p>El primer ministro de China, Li Qiang, advirti\u00f3 este mi\u00e9rcoles (25.06.2025) que las tensiones comerciales globales se \u00abintensifican\u00bb, en la ceremonia inaugural de un encuentro del Foro Econ\u00f3mico Mundial en la ciudad norte\u00f1a de Tianjin.<\/p>\n<p>Dirigentes como el presidente ecuatoriano, Daniel Noboa, o el primer ministro de Singapur, Lawrence Wong, participan en esta reuni\u00f3n conocida coloquialmente como el \u00abDavos de verano\u00bb.<\/p>\n<p>Li dijo en su discurso que la econom\u00eda global atraviesa \u00abcambios profundos\u00bb, en una referencia velada a la guerra arancelaria lanzada por el presidente estadounidense, Donald Trump.<\/p>\n<p>\u00abLas medidas proteccionistas aumentan significativamente y las fricciones econ\u00f3micas y comerciales globales se intensifican\u00bb, declar\u00f3 Li.<\/p>\n<p>Seg\u00fan el funcionario, la econom\u00eda global \u00abest\u00e1 profundamente integrada\u00bb y ning\u00fan pa\u00eds \u00abpuede crecer o prosperar solo\u00bb. <\/p>\n<h2>\u00abLey de la jungla\u00bb<\/h2>\n<p>\u00abEn tiempos en los que la econom\u00eda global enfrenta dificultades, lo que necesitamos no es la ley de la jungla en la que el d\u00e9bil es presa del fuerte, sino cooperaci\u00f3n y \u00e9xito mutuo para que todos salgan ganando\u00bb, insisti\u00f3.<\/p>\n<p>La segunda autoridad de China despu\u00e9s del presidente Xi Jinping tambi\u00e9n present\u00f3 un panorama optimista de la segunda econom\u00eda mundial, a pesar de la ralentizaci\u00f3n del crecimiento y el estancamiento del consumo.<\/p>\n<p>\u00abLa econom\u00eda de China contin\u00faa creciendo de forma constante, aportando un fuerte apoyo para acelerar la recuperaci\u00f3n de la econom\u00eda global\u00bb, asegur\u00f3.<\/p>\n<p>Pek\u00edn, agreg\u00f3, est\u00e1 intensificando los esfuerzos \u00abpara implementar la estrategia de expandir la demanda interna\u00bb. Esto significa \u00abpromover la evoluci\u00f3n de China hacia una gran potencia de consumo basada en los s\u00f3lidos cimientos de una gran potencia manufacturera\u00bb, explic\u00f3.<\/p>\n<p>Mg (AFP, Reuters)<\/p>\n<\/p>\n<\/div>\n\n","protected":false},"excerpt":{"rendered":"<p>El primer ministro de China, Li Qiang, advirti\u00f3 este mi\u00e9rcoles (25.06.2025) que las tensiones comerciales globales se \u00abintensifican\u00bb, en la ceremonia inaugural de un encuentro del Foro Econ\u00f3mico Mundial en la ciudad norte\u00f1a de Tianjin. Dirigentes como el presidente ecuatoriano, Daniel Noboa, o el primer ministro de Singapur, Lawrence Wong, participan en esta reuni\u00f3n conocida &hellip;<\/p>\n","protected":false},"author":1,"featured_media":33142,"comment_status":"open","ping_status":"open","sticky":false,"template":"","format":"standard","meta":{"fifu_image_url":"https:\/\/static.dw.com\/image\/72010357_6.jpg","fifu_image_alt":"","footnotes":""},"categories":[13],"tags":[],"class_list":["post-33141","post","type-post","status-publish","format-standard","has-post-thumbnail","","category-mundo"],"_links":{"self":[{"href":"https:\/\/noticiasveraces.com\/index.php?rest_route=\/wp\/v2\/posts\/33141","targetHints":{"allow":["GET"]}}],"collection":[{"href":"https:\/\/noticiasveraces.com\/index.php?rest_route=\/wp\/v2\/posts"}],"about":[{"href":"https:\/\/noticiasveraces.com\/index.php?rest_route=\/wp\/v2\/types\/post"}],"author":[{"embeddable":true,"href":"https:\/\/noticiasveraces.com\/index.php?rest_route=\/wp\/v2\/users\/1"}],"replies":[{"embeddable":true,"href":"https:\/\/noticiasveraces.com\/index.php?rest_route=%2Fwp%2Fv2%2Fcomments&post=33141"}],"version-history":[{"count":0,"href":"https:\/\/noticiasveraces.com\/index.php?rest_route=\/wp\/v2\/posts\/33141\/revisions"}],"wp:featuredmedia":[{"embeddable":true,"href":"https:\/\/noticiasveraces.com\/index.php?rest_route=\/wp\/v2\/media\/33142"}],"wp:attachment":[{"href":"https:\/\/noticiasveraces.com\/index.php?rest_route=%2Fwp%2Fv2%2Fmedia&parent=33141"}],"wp:term":[{"taxonomy":"category","embeddable":true,"href":"https:\/\/noticiasveraces.com\/index.php?rest_route=%2Fwp%2Fv2%2Fcategories&post=33141"},{"taxonomy":"post_tag","embeddable":true,"href":"https:\/\/noticiasveraces.com\/index.php?rest_route=%2Fwp%2Fv2%2Ftags&post=33141"}],"curies":[{"name":"wp","href":"https:\/\/api.w.org\/{rel}","templated":true}]}}