{"id":33117,"date":"2025-06-24T21:07:17","date_gmt":"2025-06-25T01:07:17","guid":{"rendered":"https:\/\/noticiasveraces.com\/?p=33117"},"modified":"2025-06-24T21:07:17","modified_gmt":"2025-06-25T01:07:17","slug":"ya-no-mas-un-tabu-para-los-jovenes-dw-24-06-2025","status":"publish","type":"post","link":"https:\/\/noticiasveraces.com\/?p=33117","title":{"rendered":"\u00bfya no m\u00e1s un tab\u00fa para los j\u00f3venes? \u2013 DW \u2013 24\/06\/2025"},"content":{"rendered":"<p> \n<\/p>\n<div>\n<p>El extremismo de derecha y el racismo se extendieron en los \u00faltimos a\u00f1os en la ciudad de Dessau, estado de Sajonia-Anhalt, en el este de Alemania. \u00abEn los \u00faltimos cinco a diez a\u00f1os vimos m\u00e1s casos de radicalizaci\u00f3n en las escuelas que nunca antes\u201d, dice a DW Steffen Andresch, quien trabaja en la asociaci\u00f3n Projekt GegenPart, un equipo de asesoramiento m\u00f3vil contra el extremismo de derecha en Dessau.<\/p>\n<p>Esta tendencia se registra tambi\u00e9n en muchas otras ciudades y regiones, sobre todo en el este alem\u00e1n. El director de la Oficina de Investigaci\u00f3n Criminal (BKA), Holger M\u00fcnch, advirti\u00f3 en mayo de 2025 en una entrevista con un peri\u00f3dico: \u00abDesde hace aproximadamente un a\u00f1o, observamos cada vez con m\u00e1s frecuencia que j\u00f3venes con ideas de extrema derecha se radicalizan cada vez m\u00e1s y se unen en estructuras, a veces bien organizadas, para cometer delitos graves\u201d.<\/p>\n<p>En Dessau, esa radicalizaci\u00f3n de extrema derecha se ve claramente en los muros y en las calles: cruces esv\u00e1sticas, dibujos de Hitler y lemas nazis. \u00abEn partes rurales del este de Alemania, \u2018nazi&#8217; es ahora simplemente pop\u201d, cuenta Lukas Jocher, quien tambi\u00e9n trabaja en Projekt GegenPart. \u00abSe ha vuelto <em>Fr\u00edo<\/em> escribir la letra de la canci\u00f3n del rapero estadounidense Kanye West, \u2018Heil Hitler&#8217;, en las paredes\u201d.<\/p>\n<figure class=\"placeholder-image master_landscape big\"><img data-format=\"MASTER_LANDSCAPE\" data-id=\"72949200\" data-url=\"https:\/\/static.dw.com\/image\/72949200_${formatId}.jpg\" data-aspect-ratio=\"16\/9\" alt=\"Steffen Andresch y Lukas Juecher de Project HromePart, De Dessau.\" style=\"padding-bottom: 56.25%; height: 0; max-height: 0;\"\/><figcaption class=\"img-caption\">Steffen Andresch y Lukas Jocher de la asociaci\u00f3n Projekt GegenPart, de Dessau, en el este de Alemania.<small class=\"copyright\">Imagen: Hans Pfeifer\/DW<\/small><\/figcaption><\/figure>\n<h2>Odio y acoso: \u00bfla nueva normalidad?<\/h2>\n<p>Para Jeremy (nombre cambiado), de 17 a\u00f1os, el extremismo de derecha en su escuela es algo cotidiano. \u00abSe glorifica a Hitler, \u00a1y c\u00f3mo!\u201d, cuenta, junto a otros j\u00f3venes, a DW, mientras r\u00eden. El saludo hitleriano es parte del d\u00eda a d\u00eda en la escuela, y en las fiestas, cantan \u00ab\u00a1Extranjeros afuera!\u201d, dice. \u00abNo importa con qu\u00e9 m\u00fasica, simplemente lo cantamos\u201d, dice Jeremy.<\/p>\n<p>Ser de extrema derecha est\u00e1 simplemente de moda para muchos j\u00f3venes alemanes, pero \u00bfc\u00f3mo se pudo llegar a esto? Dessau-Ro\u00dflau (ese es su nombre correcto) es la tercera ciudad de Sajonia Anhalt, con cerca de 75.000 habitantes, y cuenta con calles de compras, hospitales y museos. Uno de cada cuatro alemanes vive en ciudades de este tipo.<\/p>\n<p>La reunificaci\u00f3n alemana, en 1990, trajo amplias libertades a los habitantes de Dessau, pero, al mismo tiempo, el quiebre de la econom\u00eda. El resultado: desempleo masivo y emigraci\u00f3n masiva de j\u00f3venes con alto nivel de educaci\u00f3n. La ciudad sigue en declive, a pesar de que el Estado alem\u00e1n invirti\u00f3 cerca de 1.000 millones de euros en infraestructura e instituciones culturales. Hoy, la ciudad es Patrimonio Cultural de la Humanidad de la UNESCO, como centro del movimiento Bauhaus, la influyente escuela y\u00a0estilo arquitect\u00f3nico y de dise\u00f1o\u00a0del siglo XX fundada por Walter Gropius.<\/p>\n<p>A pesar de las inversiones y el intercambio cultural, Dessau ocup\u00f3 los titulares en a\u00f1os recientes sobre todo debido al odio y a la violencia.<\/p>\n<figure class=\"placeholder-image master_landscape big\"><img data-format=\"MASTER_LANDSCAPE\" data-id=\"72885834\" data-url=\"https:\/\/static.dw.com\/image\/72885834_${formatId}.jpg\" data-aspect-ratio=\"16\/9\" alt=\"Marcha de j\u00f3venes de extrema derecha y neonazis de &quot;Adelante Juventud Alemana&quot;en Berl\u00edn, en junio de 2025.\" style=\"padding-bottom: 56.25%; height: 0; max-height: 0;\"\/><figcaption class=\"img-caption\">Marcha de j\u00f3venes de extrema derecha y neonazis de \u00abAdelante Juventud Alemana\u00bb, en Berl\u00edn, en junio de 2025.<small class=\"copyright\">Imagen: Jeremy Knowles\/EventPress\/Picture Alliance<\/small><\/figcaption><\/figure>\n<h2>Violencia racista: los ecos de Dessau<\/h2>\n<p>En el a\u00f1o 2000, j\u00f3venes de extrema derecha asesinaron a Alberto Adriano, de 39 a\u00f1os, en el distrito de Ro\u00dflau, en Dessau. Lo patearon hasta la muerte. As\u00ed, sin m\u00e1s. Sin motivo alguno. Porque era negro. Tras el ataque, el entonces canciller Gerhard Schr\u00f6der hizo un llamamiento a la ciudadan\u00eda para que mostrara valent\u00eda civil contra el extremismo de derecha.<\/p>\n<p>Cinco a\u00f1os despu\u00e9s, en 2005, el solicitante de asilo Oury Jalloh muri\u00f3 en una celda de la polic\u00eda de Dessau. Muri\u00f3 quemado mientras estaba esposado a un colch\u00f3n. Muchas pistas apuntan a un crimen, pero el caso nunca se resolvi\u00f3. Oury Jalloh tambi\u00e9n era negro.<\/p>\n<p>Diez a\u00f1os despu\u00e9s, Li Yangjie, estudiante china de la prestigiosa Universidad de Arquitectura de Dessau, estaba a punto de terminar su maestr\u00eda cuando fue violada y asesinada en mayo de 2016. Tras horas de forcejeo, el agresor simplemente arroj\u00f3 a la v\u00edctima, completamente desfigurada, por una ventana. Sebastian F. era hijo de un polic\u00eda y fue condenado a cadena perpetua por asesinato dos a\u00f1os despu\u00e9s.<\/p>\n<p>Tras el ataque, la embajada china en Berl\u00edn emiti\u00f3 una advertencia de viaje para Dessau. \u00abLa gente de all\u00ed tiene una actitud tradicionalmente hostil hacia los extranjeros\u201d. Racismo, violencia y extremismo: los ecos de Dessau. Y de muchas ciudades del este de Alemania.<\/p>\n<figure class=\"placeholder-image master_landscape big\"><img data-format=\"MASTER_LANDSCAPE\" data-id=\"59708531\" data-url=\"https:\/\/static.dw.com\/image\/59708531_${formatId}.jpg\" data-aspect-ratio=\"16\/9\" alt=\"Una conferencia de prensa de las autoridades de Dessau en 2005 sobre la muerte del solicitante de asilo Oury Jalloh en una celda de la Polic\u00eda.\" style=\"padding-bottom: 56.25%; height: 0; max-height: 0;\"\/><figcaption class=\"img-caption\">El caso de la muerte del solicitante de asilo Oury Jalloh, que muri\u00f3 en una celda de la Polic\u00eda de Dessau, a\u00fan no ha sido esclarecido. Aqu\u00ed, una conferencia de prensa de las autoridades de Dessau en 2005.<small class=\"copyright\">Imagen: soy caballero\/dw<\/small><\/figcaption><\/figure>\n<h2>El alcalde de Dessau tiene un pasado neonazi<\/h2>\n<p>Actualmente, en 2025, el partido radical de extrema derecha Alternativa para Alemania (AfD), es el segundo mayor partido de Alemania, e incluso la segunda mayor fuerza pol\u00edtica en el este alem\u00e1n. Y en Dessau-Ro\u00dflau fue elegido alcalde en julio de 2024 el pol\u00edtico de extrema derecha del AfD Laurens Nothdurft, tambi\u00e9n gracias a los votos de otros partidos. Como alcalde, Nothdurft participa en celebraciones de la ciudad y en las escuelas, y dice sentirse unido a la juventud.<\/p>\n<p>El 8 de mayo de 2025, en el 80 aniversario de la liberaci\u00f3n de Alemania del violento r\u00e9gimen nazi, dio un discurso ante escolares de Dessau. \u00abEl n\u00facleo de mi discurso fue mirar hacia adelante\u201d, escribi\u00f3 Nothdurft en respuesta a una solicitud de DW. \u00abMuy expl\u00edcitamente, hacia un futuro positivo\u201d. Pero no mencion\u00f3 los cr\u00edmenes de guerra alemanes ni el asesinato en masa de jud\u00edos europeos.<\/p>\n<p>A finales de los a\u00f1os 90, Nothdurft fue una figura l\u00edder de la Juventud Leal a la Patria Alemana (HDJ). Esta organizaci\u00f3n fue prohibida en 2009, en parte, por su afinidad con el nacionalsocialismo y las Juventudes Hitlerianas.<\/p>\n<p>Desde el punto de vista t\u00e9cnico normativo, Nothdurft ni siquiera deber\u00eda ser miembro de AfD, ya que el partido proh\u00edbe oficialmente a los miembros con pasado neonazi. La oficina de prensa de AfD respondi\u00f3 a una consulta de DW en 15 minutos: \u00abNo haremos comentarios\u201d. \u00ab\u00bfSigue compartiendo los valores de la HDJ neonazi?\u201d, preguntamos. Nothdurft no respondi\u00f3 a esta pregunta en su carta a DW.<\/p>\n<figure class=\"placeholder-image master_landscape big\"><img data-format=\"MASTER_LANDSCAPE\" data-id=\"72949157\" data-url=\"https:\/\/static.dw.com\/image\/72949157_${formatId}.jpg\" data-aspect-ratio=\"16\/9\" alt=\"Cr\u00f3nica de delitos de extrema derecha en Dessau en 2024: un documento cientos de p\u00e1ginas.\" style=\"padding-bottom: 56.25%; height: 0; max-height: 0;\"\/><figcaption class=\"img-caption\">Cr\u00f3nica de delitos de extrema derecha en Dessau en 2024.<small class=\"copyright\">Imagen: Hans Pfeifer\/DW<\/small><\/figcaption><\/figure>\n<p>El partido AfD parece tener una influencia considerable en Sajonia-Anhalt. Las autoridades de seguridad de ese estado la clasifican como \u00abclaramente extremista de derecha\u00bb. En las elecciones federales de 2025, obtuvo el 37 % de los votos en la regi\u00f3n. Su objetivo es hacerse con el gobierno en las elecciones estatales de 2026. Ese es su \u00fanico objetivo.<\/p>\n<p>\u00abEl extremismo de derecha se est\u00e1 generalizando cada vez m\u00e1s y se est\u00e1 volviendo m\u00e1s aceptable socialmente\u00bb, declar\u00f3 Marcus Geiger a DW. \u00c9l y su esposa, Mandy M\u00fcck, participan activamente en la asociaci\u00f3n Buntes Ro\u00dflau, con sede en Dessau. Los ataques contra ellos son parte de la vida cotidiana: \u00abIncluso nos han insultado en la calle llam\u00e1ndonos &#8216;garrapatas rojas&#8217;. Hasta nos han lanzado una botella de cerveza por la ventana de casa o han lanzado clavos sobre la puerta del jard\u00edn\u00bb, informa Mandy M\u00fcck. \u00bfY c\u00f3mo reaccionan los vecinos? \u00abNo se oye nada, no se ve nada, y nadie viene\u00bb. Y ambos tienen la impresi\u00f3n de que los atacantes son cada vez m\u00e1s j\u00f3venes.<\/p>\n<p><span data-slot-id=\"Article_InContent-1\" class=\"rich-text-ad\"\/><\/p>\n<h2>El compromiso de la sociedad civil<\/h2>\n<p>En Dessau hay muchas asociaciones y ciudadanos valientes comprometidos con la lucha contra la xenofobia: el proyecto GegenPart, Buntes Ro\u00dflau, los Scouts Cristianos, profesores, particulares, la universidad, escuelas e incluso pol\u00edticos m\u00e1s conservadores. Y, sobre todo, j\u00f3venes.<\/p>\n<figure class=\"placeholder-image master_landscape big\"><img data-format=\"MASTER_LANDSCAPE\" data-id=\"72949288\" data-url=\"https:\/\/static.dw.com\/image\/72949288_${formatId}.jpg\" data-aspect-ratio=\"16\/9\" alt=\"Paul Nolte y Timm, dos j\u00f3venes del Centro Alternativo de Dessau, en una imagen tomada en esa ciudad.\" style=\"padding-bottom: 56.25%; height: 0; max-height: 0;\"\/><figcaption class=\"img-caption\">Paul Nolte y Timm, dos j\u00f3venes del Centro Alternativo de Dessau.<small class=\"copyright\">Imagen: Hans Pfeifer\/DW<\/small><\/figcaption><\/figure>\n<p>Conocimos a siete de ellos en el Centro Alternativo de Dessau (Alternativ Zentrum Dessau). \u00abHay d\u00edas en que siempre tienes miedo en Dessau\u201d, dice Sophie. \u00abEn ciertos d\u00edas festivos, cuando hay mucha bebida\u201d. Y Max cuenta: \u00abSolo paseo por la zona donde vivo\u201d. Paul Nolte tambi\u00e9n participa activamente en el ayuntamiento, representando los intereses de la juventud alternativa. \u00abMuchos de nosotros hemos tenido experiencias similares. A Timm y a m\u00ed nos amenazaron con un cuchillo\u201d.<\/p>\n<p>Los j\u00f3venes confirmaron a DW que las opiniones de extrema derecha se est\u00e1n extendiendo cada vez m\u00e1s entre los j\u00f3venes: \u00abHace poco pas\u00e9 por delante de mi antigua escuela primaria\u00bb, dice Sophie. \u00abEscuch\u00e9 a los ni\u00f1os decir que alg\u00fan d\u00eda deber\u00eda haber una clase con chicos de sangre alemana pura\u00bb.<\/p>\n<p>Observan con preocupaci\u00f3n la situaci\u00f3n en su ciudad, as\u00ed como en Alemania. Y, sin embargo: \u00abTambi\u00e9n hay un panorama positivo. Aqu\u00ed en Dessau, cada persona cuenta. Tambi\u00e9n se puede hacer algo y lograr algo\u00bb. Y las asociaciones y clubes se han unido para defenderse conjuntamente de los ataques de la extrema derecha. A pesar de toda la hostilidad y todos los desaf\u00edos, ninguno quiere mudarse. Dessau es su ciudad.<\/p>\n<p>(cp\/el)<\/p>\n<\/div>\n\n","protected":false},"excerpt":{"rendered":"<p>El extremismo de derecha y el racismo se extendieron en los \u00faltimos a\u00f1os en la ciudad de Dessau, estado de Sajonia-Anhalt, en el este de Alemania. \u00abEn los \u00faltimos cinco a diez a\u00f1os vimos m\u00e1s casos de radicalizaci\u00f3n en las escuelas que nunca antes\u201d, dice a DW Steffen Andresch, quien trabaja en la asociaci\u00f3n Projekt &hellip;<\/p>\n","protected":false},"author":1,"featured_media":33118,"comment_status":"open","ping_status":"open","sticky":false,"template":"","format":"standard","meta":{"fifu_image_url":"https:\/\/static.dw.com\/image\/73009651_6.jpg","fifu_image_alt":"","footnotes":""},"categories":[13],"tags":[],"class_list":["post-33117","post","type-post","status-publish","format-standard","has-post-thumbnail","","category-mundo"],"_links":{"self":[{"href":"https:\/\/noticiasveraces.com\/index.php?rest_route=\/wp\/v2\/posts\/33117","targetHints":{"allow":["GET"]}}],"collection":[{"href":"https:\/\/noticiasveraces.com\/index.php?rest_route=\/wp\/v2\/posts"}],"about":[{"href":"https:\/\/noticiasveraces.com\/index.php?rest_route=\/wp\/v2\/types\/post"}],"author":[{"embeddable":true,"href":"https:\/\/noticiasveraces.com\/index.php?rest_route=\/wp\/v2\/users\/1"}],"replies":[{"embeddable":true,"href":"https:\/\/noticiasveraces.com\/index.php?rest_route=%2Fwp%2Fv2%2Fcomments&post=33117"}],"version-history":[{"count":0,"href":"https:\/\/noticiasveraces.com\/index.php?rest_route=\/wp\/v2\/posts\/33117\/revisions"}],"wp:featuredmedia":[{"embeddable":true,"href":"https:\/\/noticiasveraces.com\/index.php?rest_route=\/wp\/v2\/media\/33118"}],"wp:attachment":[{"href":"https:\/\/noticiasveraces.com\/index.php?rest_route=%2Fwp%2Fv2%2Fmedia&parent=33117"}],"wp:term":[{"taxonomy":"category","embeddable":true,"href":"https:\/\/noticiasveraces.com\/index.php?rest_route=%2Fwp%2Fv2%2Fcategories&post=33117"},{"taxonomy":"post_tag","embeddable":true,"href":"https:\/\/noticiasveraces.com\/index.php?rest_route=%2Fwp%2Fv2%2Ftags&post=33117"}],"curies":[{"name":"wp","href":"https:\/\/api.w.org\/{rel}","templated":true}]}}