{"id":33097,"date":"2025-06-24T18:02:02","date_gmt":"2025-06-24T22:02:02","guid":{"rendered":"https:\/\/noticiasveraces.com\/?p=33097"},"modified":"2025-06-24T18:02:02","modified_gmt":"2025-06-24T22:02:02","slug":"iranies-en-alemania-viven-la-guerra-con-angustia-dw-24-06-2025","status":"publish","type":"post","link":"https:\/\/noticiasveraces.com\/?p=33097","title":{"rendered":"Iran\u00edes en Alemania viven la guerra con angustia \u2013 DW \u2013 24\/06\/2025"},"content":{"rendered":"<p> \n<\/p>\n<div>\n<p>El conflicto entre Israele Ir\u00e1n\u00a0ha afectado profundamente a la comunidad de la di\u00e1spora iran\u00ed en Alemania.<\/p>\n<p>Mientras un fr\u00e1gil alto el fuego amenaza con desmoronarse r\u00e1pidamente, quienes hablaron con DW dijeron sentirse impotentes, observando los acontecimientos con ansiedad y temor por sus familiares y amigos.<\/p>\n<p>Desde el 13 de junio, m\u00e1s de 970 personas han muerto y m\u00e1s de 3.400 han resultado heridas en Ir\u00e1n a causa de ataques israel\u00edes, seg\u00fan el grupo Human Rights Activists con sede en Washington. Los ataques iran\u00edes sobre Israel han dejado al menos 24 muertos y m\u00e1s de 1.000 heridos.<\/p>\n<p>A medida que el conflicto contin\u00faa, la vida diaria en Ir\u00e1n se ve gravemente alterada. Las autoridades han cortado el acceso a internet, lo que dificulta el contacto entre familias y silencia la informaci\u00f3n sobre lo que ocurre en el pa\u00eds.<\/p>\n<p>Algunos iran\u00edes en Alemania dicen sentirse culpables, divididos entre la seguridad de su hogar adoptivo y el caos que envuelve a su pa\u00eds de origen. Alemania alberga a una de las comunidades iran\u00edes m\u00e1s grandes de Europa.<\/p>\n<p>En M\u00fanich, Colonia, Berl\u00edn y Stuttgart \u2014a miles de kil\u00f3metros del caos de la guerra\u2014 luchan con una sensaci\u00f3n de impotencia, muchas veces sin poder contactar a sus seres queridos y aferr\u00e1ndose \u00fanicamente a la esperanza. Por razones de seguridad, los entrevistados no han compartido sus nombres completos.<\/p>\n<h2>\u00abLa culpa es insoportable\u201d<\/h2>\n<p>Sahar, de 35 a\u00f1os, vive desde hace ocho a\u00f1os en M\u00fanich, en el sur de Alemania. Dice que nunca imagin\u00f3 despertarse con noticias de guerra en Ir\u00e1n. \u00abDurante a\u00f1os, el r\u00e9gimen nos dec\u00eda: s\u00ed, hay sanciones contra nosotros, s\u00ed, carecemos de libertades, pero al menos tenemos seguridad\u201d, recuerda. \u00ab\u00bfD\u00f3nde est\u00e1 esa seguridad ahora?\u201d<\/p>\n<p>Sahar afirma que es dif\u00edcil transmitir el peso emocional del conflicto a sus amigos y colegas alemanes. \u00ab\u00bfC\u00f3mo se describe la sensaci\u00f3n de saber que tu gente sufre d\u00eda y noche, y que de pronto un misil impacta su casa en plena madrugada?\u201d<\/p>\n<figure class=\"placeholder-image master_landscape big\"><img data-format=\"MASTER_LANDSCAPE\" data-id=\"73016108\" data-url=\"https:\/\/static.dw.com\/image\/73016108_${formatId}.jpg\" data-aspect-ratio=\"16\/9\" alt=\"Una multitud en Teher\u00e1n agita banderas en una protesta.\" style=\"padding-bottom: 56.25%; height: 0; max-height: 0;\"\/><figcaption class=\"img-caption\">Los iran\u00edes protestaron el lunes contra los bombardeos estadounidenses en Teher\u00e1n.<small class=\"copyright\">Imagen: Iranian Presidency Office\/APA Images\/IMAGO<\/small><\/figcaption><\/figure>\n<h2>Una madre sola en Teher\u00e1n<\/h2>\n<p>En Colonia, en el oeste de Alemania, Omid se muestra preocupado por su madre de 86 a\u00f1os, que vive sola en Teher\u00e1n. Su cuidadora huy\u00f3 de la ciudad hace dos d\u00edas, presa del miedo. \u00abPensaba visitarla el mes que viene\u201d, cuenta Omid. \u00abAhora ni siquiera puedo comunicarme con ella. No hay internet. El tel\u00e9fono fijo no funciona. Nunca me sent\u00ed tan impotente.\u201d<\/p>\n<p>\u00abLa audici\u00f3n de mi madre es d\u00e9bil. Tal vez ni siquiera escuche las explosiones\u201d, dice. Omid ha pedido a los vecinos que la vigilen. Pero con las comunicaciones cortadas, afirma que a veces se siente como si gritara al vac\u00edo.<\/p>\n<h2>Sufrir en silencio<\/h2>\n<p>Mastaneh, una ingeniera en Stuttgart, evita hablar sobre Ir\u00e1n en el trabajo. \u00abSi alguien me pregunta, lloro\u201d, confiesa. \u00abAs\u00ed que empiezo a hablar de proyectos y plazos antes de que alguien saque el tema.\u201d<\/p>\n<p>Un d\u00eda, mientras estaba absorta en sus pensamientos junto a la m\u00e1quina de caf\u00e9 de la oficina, una colega siria le apret\u00f3 suavemente la mano y le dijo: \u00abEntiendo c\u00f3mo te sientes\u201d. Ese simple gesto la quebr\u00f3. \u00abLa abrac\u00e9 y le susurr\u00e9: \u2018Pobre gente de Medio Oriente&#8217;.\u201d<\/p>\n<p><span data-slot-id=\"Article_InContent-1\" class=\"rich-text-ad\"\/><\/p>\n<h2>Comunicaciones cortadas<\/h2>\n<p>Muchos iran\u00edes en el extranjero se aferran a cualquier hilo de conexi\u00f3n con su pa\u00eds. En cuanto alguien logra acceder a una l\u00ednea telef\u00f3nica o a internet en Ir\u00e1n, los dem\u00e1s son informados de inmediato.<\/p>\n<p>En Berl\u00edn, Payam y otras personas han creado un grupo de WhatsApp. Cada vez que alguien en Ir\u00e1n consigue conectarse, el grupo le pide que verifique el estado de varias familias. \u00abLa presi\u00f3n psicol\u00f3gica del apag\u00f3n de internet es peor que la guerra misma. No saber nada de mi familia es lo m\u00e1s aterrador\u201d, asegura Payam.<\/p>\n<p>\u00abSi el gobierno realmente cree que cortar el internet hace las cosas m\u00e1s seguras, puedo vivir con eso. Pero si este apag\u00f3n se prolonga y la guerra se alarga, ser\u00e1 una pesadilla\u201d, a\u00f1ade. \u00abEn realidad, ya estamos viviendo una\u2026 \u00bfVolver\u00e9 a saber de mi familia?\u201d<\/p>\n<h2>\u00abEscuchen a la gente dentro de Ir\u00e1n\u201d<\/h2>\n<p>Negar, recientemente divorciada y luchando contra la depresi\u00f3n, dice que la guerra le ha robado toda su energ\u00eda. \u00abMe siento insensible. Sigo las noticias, veo las im\u00e1genes, pero no siento nada. Tal vez est\u00e9 en shock\u201d, explica.<\/p>\n<p>\u00ab\u00bfQu\u00e9 diferencia hace que escriban sobre m\u00ed y algunos m\u00e1s aqu\u00ed? \u00bfA qui\u00e9n le importa? \u00a1Vayan y escuchen a la gente que est\u00e1 dentro de Ir\u00e1n!\u201d, concluye.<\/p>\n<p>(GG\/EL)<\/p>\n<\/div>\n\n","protected":false},"excerpt":{"rendered":"<p>El conflicto entre Israele Ir\u00e1n\u00a0ha afectado profundamente a la comunidad de la di\u00e1spora iran\u00ed en Alemania. Mientras un fr\u00e1gil alto el fuego amenaza con desmoronarse r\u00e1pidamente, quienes hablaron con DW dijeron sentirse impotentes, observando los acontecimientos con ansiedad y temor por sus familiares y amigos. Desde el 13 de junio, m\u00e1s de 970 personas han &hellip;<\/p>\n","protected":false},"author":1,"featured_media":33098,"comment_status":"open","ping_status":"open","sticky":false,"template":"","format":"standard","meta":{"fifu_image_url":"https:\/\/static.dw.com\/image\/72981056_6.jpg","fifu_image_alt":"","footnotes":""},"categories":[13],"tags":[],"class_list":["post-33097","post","type-post","status-publish","format-standard","has-post-thumbnail","","category-mundo"],"_links":{"self":[{"href":"https:\/\/noticiasveraces.com\/index.php?rest_route=\/wp\/v2\/posts\/33097","targetHints":{"allow":["GET"]}}],"collection":[{"href":"https:\/\/noticiasveraces.com\/index.php?rest_route=\/wp\/v2\/posts"}],"about":[{"href":"https:\/\/noticiasveraces.com\/index.php?rest_route=\/wp\/v2\/types\/post"}],"author":[{"embeddable":true,"href":"https:\/\/noticiasveraces.com\/index.php?rest_route=\/wp\/v2\/users\/1"}],"replies":[{"embeddable":true,"href":"https:\/\/noticiasveraces.com\/index.php?rest_route=%2Fwp%2Fv2%2Fcomments&post=33097"}],"version-history":[{"count":0,"href":"https:\/\/noticiasveraces.com\/index.php?rest_route=\/wp\/v2\/posts\/33097\/revisions"}],"wp:featuredmedia":[{"embeddable":true,"href":"https:\/\/noticiasveraces.com\/index.php?rest_route=\/wp\/v2\/media\/33098"}],"wp:attachment":[{"href":"https:\/\/noticiasveraces.com\/index.php?rest_route=%2Fwp%2Fv2%2Fmedia&parent=33097"}],"wp:term":[{"taxonomy":"category","embeddable":true,"href":"https:\/\/noticiasveraces.com\/index.php?rest_route=%2Fwp%2Fv2%2Fcategories&post=33097"},{"taxonomy":"post_tag","embeddable":true,"href":"https:\/\/noticiasveraces.com\/index.php?rest_route=%2Fwp%2Fv2%2Ftags&post=33097"}],"curies":[{"name":"wp","href":"https:\/\/api.w.org\/{rel}","templated":true}]}}