{"id":33089,"date":"2025-06-24T15:59:47","date_gmt":"2025-06-24T19:59:47","guid":{"rendered":"https:\/\/noticiasveraces.com\/?p=33089"},"modified":"2025-06-24T15:59:47","modified_gmt":"2025-06-24T19:59:47","slug":"alemania-quiere-tomar-deuda-record-para-el-presupuesto-2025-dw-24-06-2025","status":"publish","type":"post","link":"https:\/\/noticiasveraces.com\/?p=33089","title":{"rendered":"Alemania quiere tomar deuda r\u00e9cord para el presupuesto 2025 \u2013 DW \u2013 24\/06\/2025"},"content":{"rendered":"<p> \n<\/p>\n<div>\n<p>Calles rotas, con baches, puentes que se derrumban, escuelas y universidades con goteras en los techos cuando llueve, trenes que llegan siempre tarde, o no llegan nunca, una red de internet insuficiente: as\u00ed es el d\u00eda a d\u00eda en Alemania. Pero el actual Gobierno de coalici\u00f3n quiere cambiar eso.<\/p>\n<p>\u00abQueremos que empiecen a rodar r\u00e1pidamente las excavadoras\u201d, dijo el ministro alem\u00e1n de Finanzas, Lars Klingbeil, del Partido Socialdem\u00f3crata Alem\u00e1n (SPD), durante la presentaci\u00f3n de su planificaci\u00f3n de presupuesto en Berl\u00edn.<\/p>\n<p>El Gabinete federal aprob\u00f3 este martes (24.06.2025) el proyecto de presupuesto estatal para 2025, las cifras clave para 2026 y la planificaci\u00f3n financiera aproximada hasta 2029. Tambi\u00e9n aprob\u00f3 una ley para crear un fondo especial financiado con deuda para infraestructura y protecci\u00f3n del clima. Todo esto debe ser aprobado por el Bundestag.<\/p>\n<h2>Giro en la pol\u00edtica presupuestaria<\/h2>\n<p>En Alemania, las inversiones en infraestructura juegan un papel central en el futuro. Solo para este a\u00f1o se prev\u00e9n 115.000 millones de euros. \u00abNuestro pa\u00eds est\u00e1 en p\u00e9simo estado por ahorrar en tantas \u00e1reas, y el atraso en las inversiones es enorme\u00bb, afirm\u00f3 Klingbeil, quien tambi\u00e9n es vicecanciller y jefe del SPD. El saneamiento de la infraestructura tambi\u00e9n ayudar\u00eda a impulsar a la debilitada econom\u00eda, a lo cual se suman el aumento masivo en el gasto de defensa.<\/p>\n<figure class=\"placeholder-image master_landscape big\"><img data-format=\"MASTER_LANDSCAPE\" data-id=\"73019487\" data-url=\"https:\/\/static.dw.com\/image\/73019487_${formatId}.jpg\" data-aspect-ratio=\"16\/9\" alt=\"El ministro alem\u00e1n de Finanzas, Lars Klingbeil (SPD), con su proyecto de presupuesto bajo el brazo.\" style=\"padding-bottom: 56.25%; height: 0; max-height: 0;\"\/><figcaption class=\"img-caption\">El ministro alem\u00e1n de Finanzas, Lars Klingbeil (SPD), con su proyecto de presupuesto, de camino al Gabinete.<small class=\"copyright\">Imagen: Michael Kappeler\/DPA\/Picture Alliance<\/small><\/figcaption><\/figure>\n<p>El plan financiero del nuevo Gobierno alem\u00e1n de coalici\u00f3n marca un cambio de sentido en la pol\u00edtica presupuestaria de Alemania. Esta fue motivo de disputa y, finalmente, del quiebre del gobierno anterior. Tras las elecciones de febrero de 2025, ahora gobiernan en conjunto el bloque conservador de la Uni\u00f3n Dem\u00f3crata Cristiana y la Uni\u00f3n Social Cristiana (CDU\/CSU) y los socialdem\u00f3cratas del SPD. Para solucionar el problema de las arcas estatales vac\u00edas, piensan tomar sumas crediticias inusualmente altas.<\/p>\n<p>Antes de asumir el Gobierno, dichos partidos acordaron un paquete financiero gigantesco para los pr\u00f3ximos a\u00f1os, con 500.000 millones de euros para invertir en la arruinada infraestructura. Y para gastos de defensa, en Alemania ya pr\u00e1cticamente no hay l\u00edmite de deuda.<\/p>\n<p><span data-slot-id=\"Article_InContent-1\" class=\"rich-text-ad\"\/><\/p>\n<h2>Ministro de Finanzas Klingbeil defiende endeudamiento r\u00e9cord<\/h2>\n<p>Este a\u00f1o se prev\u00e9 un gasto de 503.000 millones de euros, de los cuales unos 143.000 millones se financiar\u00e1n mediante pr\u00e9stamos. Se prev\u00e9 un aumento de la nueva deuda en 847.000 millones de euros para los pr\u00f3ximos a\u00f1os. Klingbeil defendi\u00f3 que Alemania tiene una ratio de endeudamiento del 63 % de su rendimiento econ\u00f3mico, mientras el de algunos pa\u00edses supera el 100 %.<\/p>\n<p>El ministro de Finanzas y vicecanciller de Alemania critic\u00f3 que sus antecesores en el cargo se aferraran al techo de la deuda. Este est\u00e1 anclado en la Constituci\u00f3n y estipula que el Estado solo puede gastar tanto dinero como ingresa en sus arcas. Pero para ampliar los gastos de defensa y los cr\u00e9ditos para inversiones, se llev\u00f3 a cabo una reforma constitucional.<\/p>\n<figure class=\"placeholder-image master_landscape big\"><img data-format=\"MASTER_LANDSCAPE\" data-id=\"70186345\" data-url=\"https:\/\/static.dw.com\/image\/70186345_${formatId}.jpg\" data-aspect-ratio=\"16\/9\" alt=\"El puente Carola, derrumbado sobre el r\u00edo Elba, en Dresde.\" style=\"padding-bottom: 56.25%; height: 0; max-height: 0;\"\/><figcaption class=\"img-caption\">El puente Carola, sobre el r\u00edo Elba, en Dresde, se derrumb\u00f3 en septiembre de 2024.<small class=\"copyright\">Imagen: Matthias Rietschel\/REUTERS<\/small><\/figcaption><\/figure>\n<h2>El diez por ciento del presupuesto para el pago de intereses<\/h2>\n<p>Los pa\u00edses de la OTAN han acordado invertir el cinco por ciento de su producci\u00f3n econ\u00f3mica en defensa a mediano plazo, de la cual el 3,5 por ciento se destinar\u00e1 al gasto militar tradicional. Klingbeil quiere alcanzar este objetivo lo antes posible.<\/p>\n<p>Seg\u00fan su plan, el presupuesto de defensa alem\u00e1n deber\u00eda duplicarse gradualmente para 2029, hasta alcanzar los 152.800 millones de euros. Esto representar\u00eda entonces el 3,5 por ciento. Alemania debe ser \u00abcapaz de disuasi\u00f3n y defensa\u00bb, afirma Klingbeil.<\/p>\n<p>La desventaja de la elevada deuda nueva es el aumento de la carga de intereses. El Ministerio de Finanzas prev\u00e9 una carga de intereses de casi 62.000 millones de euros en 2029. Esto ser\u00eda el doble de lo previsto para 2025. Seg\u00fan la planificaci\u00f3n financiera del Gobierno federal, el diez por ciento del presupuesto tendr\u00eda que destinarse al pago de intereses en 2029.<\/p>\n<figure class=\"placeholder-image master_landscape big\"><img data-format=\"MASTER_LANDSCAPE\" data-id=\"72890580\" data-url=\"https:\/\/static.dw.com\/image\/72890580_${formatId}.jpg\" data-aspect-ratio=\"16\/9\" alt=\"El ministro de Defensa alem\u00e1n, Boris Pistorius, y el presidente ucraniano, Volodimir Zelenski se dan la mano. \" style=\"padding-bottom: 56.25%; height: 0; max-height: 0;\"\/><figcaption class=\"img-caption\">El ministro de Defensa alem\u00e1n, Boris Pistorius, y el presidente ucraniano, Volodimir Zelenski se dan la mano. Ucrania sigue recibiendo ayuda de Alemania.<small class=\"copyright\">Imagen: Evgeniy Maloletka\/AP Photo\/Picture Alliance<\/small><\/figcaption><\/figure>\n<h2>\u00abLa gente no necesita tanques, sino guarder\u00edas\u00bb<\/h2>\n<p>Los gastos en intereses son motivo de planes de ahorro de presupuesto en los pr\u00f3ximos a\u00f1os. A eso se suma que los 100.000 millones de euros para el fondo especial para el Ej\u00e9rcito alem\u00e1n, aprobado en 2022 tras la invasi\u00f3n rusa de Ucrania, se habr\u00e1n agotado en 2027.<\/p>\n<p>Eso har\u00e1 que aumenten los gastos de defensa en el presupuesto normal, y deja poco margen para otros gastos. Del partido opositor La Izquierda llegan duras cr\u00edticas: \u00abLa gente en las ciudades y distritos no necesita tanques, sino guarder\u00edas, m\u00e1s \u00f3mnibus y una energ\u00eda renovable asequible\u201d, comunic\u00f3 el partido.<\/p>\n<h2>Pocas inversiones en infraestructura social y en protecci\u00f3n del clima<\/h2>\n<p>Las cr\u00edticas tambi\u00e9n se hacen o\u00edr desde asociaciones como la eclesi\u00e1stica\u00a0Diakonie, de ayuda humanitaria, que dijo que \u00ablas inversiones en infraestructura social y en seguridad social\u201d son muy escasas. Entre otras, falta invertir en\u00a0\u00abla lucha contra la pobreza, el apoyo a los ni\u00f1os y j\u00f3venes, el cuidado de personas mayores y enfermas, la participaci\u00f3n social de personas con discapacidades, la integraci\u00f3n de refugiados, as\u00ed como una protecci\u00f3n del clima con justicia social\u201d, subray\u00f3 la asociaci\u00f3n de la Iglesia evang\u00e9lica.<\/p>\n<figure class=\"placeholder-image master_landscape big\"><img data-format=\"MASTER_LANDSCAPE\" data-id=\"71853758\" data-url=\"https:\/\/static.dw.com\/image\/71853758_${formatId}.jpg\" data-aspect-ratio=\"16\/9\" alt=\"Personas sin hogar en la acera de la estaci\u00f3n Banhof Zoo.\" style=\"padding-bottom: 56.25%; height: 0; max-height: 0;\"\/><figcaption class=\"img-caption\">Pobreza en Berl\u00edn: personas sin hogar en la acera de la estaci\u00f3n Banhof Zoo.<small class=\"copyright\">Imagen: Sch\u00f6ning\/Imelo<\/small><\/figcaption><\/figure>\n<p>El partido Los Verdes, tambi\u00e9n en la oposici\u00f3n, se quej\u00f3 de que los 100.000 millones de euros para la protecci\u00f3n del clima del paquete de inversiones se destinen, entre otras cosas, a financiar una reducci\u00f3n de los precios de la energ\u00eda. Los Verdes argumentan que la protecci\u00f3n del clima se est\u00e1 relegando a un segundo plano en el presupuesto.<\/p>\n<p>Ahora, el borrador del presupuesto estatal tendr\u00e1 que ser debatido, luego de la pausa veraniega, en las comisiones y en el pleno del Bundestag, y seguramente ser\u00e1 modificado, para ser sometido a aprobaci\u00f3n en septiembre en el Parlamento.<\/p>\n<p>El ministro de Finanzas, Lars Klingbeil, ya est\u00e1 trabajando en el borrador para 2026, que planea presentar al Gabinete el 30 de julio. Este presupuesto tambi\u00e9n se debatir\u00e1 en el Bundestag a partir de septiembre y se aprobar\u00e1 a finales de noviembre.<\/p>\n<p>(cp\/el)<\/p>\n<\/div>\n\n","protected":false},"excerpt":{"rendered":"<p>Calles rotas, con baches, puentes que se derrumban, escuelas y universidades con goteras en los techos cuando llueve, trenes que llegan siempre tarde, o no llegan nunca, una red de internet insuficiente: as\u00ed es el d\u00eda a d\u00eda en Alemania. Pero el actual Gobierno de coalici\u00f3n quiere cambiar eso. \u00abQueremos que empiecen a rodar r\u00e1pidamente &hellip;<\/p>\n","protected":false},"author":1,"featured_media":33090,"comment_status":"open","ping_status":"open","sticky":false,"template":"","format":"standard","meta":{"fifu_image_url":"https:\/\/static.dw.com\/image\/73020471_6.jpg","fifu_image_alt":"","footnotes":""},"categories":[13],"tags":[],"class_list":["post-33089","post","type-post","status-publish","format-standard","has-post-thumbnail","","category-mundo"],"_links":{"self":[{"href":"https:\/\/noticiasveraces.com\/index.php?rest_route=\/wp\/v2\/posts\/33089","targetHints":{"allow":["GET"]}}],"collection":[{"href":"https:\/\/noticiasveraces.com\/index.php?rest_route=\/wp\/v2\/posts"}],"about":[{"href":"https:\/\/noticiasveraces.com\/index.php?rest_route=\/wp\/v2\/types\/post"}],"author":[{"embeddable":true,"href":"https:\/\/noticiasveraces.com\/index.php?rest_route=\/wp\/v2\/users\/1"}],"replies":[{"embeddable":true,"href":"https:\/\/noticiasveraces.com\/index.php?rest_route=%2Fwp%2Fv2%2Fcomments&post=33089"}],"version-history":[{"count":0,"href":"https:\/\/noticiasveraces.com\/index.php?rest_route=\/wp\/v2\/posts\/33089\/revisions"}],"wp:featuredmedia":[{"embeddable":true,"href":"https:\/\/noticiasveraces.com\/index.php?rest_route=\/wp\/v2\/media\/33090"}],"wp:attachment":[{"href":"https:\/\/noticiasveraces.com\/index.php?rest_route=%2Fwp%2Fv2%2Fmedia&parent=33089"}],"wp:term":[{"taxonomy":"category","embeddable":true,"href":"https:\/\/noticiasveraces.com\/index.php?rest_route=%2Fwp%2Fv2%2Fcategories&post=33089"},{"taxonomy":"post_tag","embeddable":true,"href":"https:\/\/noticiasveraces.com\/index.php?rest_route=%2Fwp%2Fv2%2Ftags&post=33089"}],"curies":[{"name":"wp","href":"https:\/\/api.w.org\/{rel}","templated":true}]}}