{"id":33079,"date":"2025-06-24T13:57:45","date_gmt":"2025-06-24T17:57:45","guid":{"rendered":"https:\/\/noticiasveraces.com\/?p=33079"},"modified":"2025-06-24T13:57:45","modified_gmt":"2025-06-24T17:57:45","slug":"el-jefe-de-la-onu-guterres-elogia-a-trump-despues-del-anuncio-de-ceaseffire-de-israel-iran","status":"publish","type":"post","link":"https:\/\/noticiasveraces.com\/?p=33079","title":{"rendered":"El jefe de la ONU, Guterres elogia a Trump despu\u00e9s del anuncio de Ceaseffire de Israel-Ir\u00e1n"},"content":{"rendered":"<p> \n<\/p>\n<div>\n<div id=\"beyondwords-wrapper\" class=\"beyondwords-wrapper\">\n<p><span class=\"label-bg\">NUEVO<\/span>\u00a1Ahora puedes escuchar art\u00edculos de Fox News!\n  <\/p>\n<\/div>\n<p class=\"speakable\">El secretario general de las Naciones Unidas, Ant\u00f3nio Guterres, ofreci\u00f3 el martes el elogio raros al presidente Donald Trump, despu\u00e9s de que el presidente anunci\u00f3 un alto el fuego entre Israel e Ir\u00e1n. Guterres, un cr\u00edtico vocal de Trump, emiti\u00f3 la declaraci\u00f3n positiva solo unos d\u00edas despu\u00e9s de condenar las huelgas estadounidenses en Ir\u00e1n.<\/p>\n<p class=\"speakable\">\u00abDoy la bienvenida al anuncio del presidente Trump de un alto el fuego entre Israel e Ir\u00e1n. Insto a los dos pa\u00edses a respetarlo por completo. La lucha debe detenerse\u00bb, escribi\u00f3 Guterres. \u00abLa gente de los dos pa\u00edses ya ha sufrido demasiado. Es mi sincera esperanza que este alto el fuego pueda replicarse en los otros conflictos de la regi\u00f3n\u00bb.<\/p>\n<div class=\"image-ct inline\">\n<div class=\"m\"><picture><source media=\"(max-width: 767px)\" srcset=\"https:\/\/a57.foxnews.com\/static.foxnews.com\/foxnews.com\/content\/uploads\/2025\/06\/343\/192\/guterres-trump-scaled.jpg?ve=1&amp;tl=1, https:\/\/a57.foxnews.com\/static.foxnews.com\/foxnews.com\/content\/uploads\/2025\/06\/686\/384\/guterres-trump-scaled.jpg?ve=1&amp;tl=1 2x\" height=\"192\" width=\"343\"><source media=\"(min-width: 768px) and (max-width: 1023px)\" srcset=\"https:\/\/a57.foxnews.com\/static.foxnews.com\/foxnews.com\/content\/uploads\/2025\/06\/672\/378\/guterres-trump-scaled.jpg?ve=1&amp;tl=1, https:\/\/a57.foxnews.com\/static.foxnews.com\/foxnews.com\/content\/uploads\/2025\/06\/1344\/756\/guterres-trump-scaled.jpg?ve=1&amp;tl=1 2x\" height=\"378\" width=\"672\"><source media=\"(min-width: 1024px) and (max-width: 1279px)\" srcset=\"https:\/\/a57.foxnews.com\/static.foxnews.com\/foxnews.com\/content\/uploads\/2025\/06\/931\/523\/guterres-trump-scaled.jpg?ve=1&amp;tl=1, https:\/\/a57.foxnews.com\/static.foxnews.com\/foxnews.com\/content\/uploads\/2025\/06\/1862\/1046\/guterres-trump-scaled.jpg?ve=1&amp;tl=1 2x\" height=\"523\" width=\"931\"><source media=\"(min-width: 1280px)\" srcset=\"https:\/\/a57.foxnews.com\/static.foxnews.com\/foxnews.com\/content\/uploads\/2025\/06\/720\/405\/guterres-trump-scaled.jpg?ve=1&amp;tl=1, https:\/\/a57.foxnews.com\/static.foxnews.com\/foxnews.com\/content\/uploads\/2025\/06\/1440\/810\/guterres-trump-scaled.jpg?ve=1&amp;tl=1 2x\" height=\"405\" width=\"720\"><img loading=\"lazy\" decoding=\"async\" src=\"https:\/\/a57.foxnews.com\/static.foxnews.com\/foxnews.com\/content\/uploads\/2025\/06\/1200\/675\/guterres-trump-scaled.jpg?ve=1&amp;tl=1\" alt=\"El presidente Donald Trump da la mano al secretario general de la ONU, Antonio Guterres (L), mientras asiste a un evento de las Naciones Unidas sobre Libertad Religiosa en la sede de la ONU en Nueva York, el 23 de septiembre de 2019, durante su primer mandato.  \" width=\"1200\" height=\"675\"\/><\/source><\/source><\/source><\/source><\/picture><\/div>\n<div class=\"info\">\n<div class=\"caption\">\n<p><span>El presidente Donald Trump da la mano al secretario general de la ONU, Antonio Guterres (L), mientras asiste a un evento de las Naciones Unidas sobre Libertad Religiosa en la sede de la ONU en Nueva York, el 23 de septiembre de 2019, durante su primer mandato.  <\/span> <span>(Saul Loeb\/AFP a trav\u00e9s de Getty Images)<\/span><\/p>\n<\/div>\n<\/div>\n<\/div>\n<p><strong>Trump arremete contra Israel e Ir\u00e1n con blasfemias por romper el alto el fuego<\/strong><\/p>\n<p>El 22 de junio, despu\u00e9s de que Estados Unidos atac\u00f3 las instalaciones nucleares de Ir\u00e1n, Guterres dijo que las acciones tomadas por Estados Unidos marcaron \u00abun giro peligroso en una regi\u00f3n que no puede soportar otro ciclo de destrucci\u00f3n\u00bb. Un d\u00eda antes, el jefe de la ONU ofreci\u00f3 una condena similar, diciendo que estaba \u00abgravemente alarmado\u00bb por los ataques.<\/p>\n<p>\u00abExiste un riesgo creciente de que este conflicto pueda descontrolarse r\u00e1pidamente, con consecuencias catastr\u00f3ficas para los civiles, la regi\u00f3n y el mundo\u00bb, escribi\u00f3 Guterres.<\/p>\n<div class=\"image-ct inline\">\n<div class=\"m\"><picture><source media=\"(max-width: 767px)\" srcset=\"https:\/\/a57.foxnews.com\/static.foxnews.com\/foxnews.com\/content\/uploads\/2025\/06\/343\/192\/mapxps_iran_strikes_on_iran_5.jpg?ve=1&amp;tl=1, https:\/\/a57.foxnews.com\/static.foxnews.com\/foxnews.com\/content\/uploads\/2025\/06\/686\/384\/mapxps_iran_strikes_on_iran_5.jpg?ve=1&amp;tl=1 2x\" height=\"192\" width=\"343\"><source media=\"(min-width: 768px) and (max-width: 1023px)\" srcset=\"https:\/\/a57.foxnews.com\/static.foxnews.com\/foxnews.com\/content\/uploads\/2025\/06\/672\/378\/mapxps_iran_strikes_on_iran_5.jpg?ve=1&amp;tl=1, https:\/\/a57.foxnews.com\/static.foxnews.com\/foxnews.com\/content\/uploads\/2025\/06\/1344\/756\/mapxps_iran_strikes_on_iran_5.jpg?ve=1&amp;tl=1 2x\" height=\"378\" width=\"672\"><source media=\"(min-width: 1024px) and (max-width: 1279px)\" srcset=\"https:\/\/a57.foxnews.com\/static.foxnews.com\/foxnews.com\/content\/uploads\/2025\/06\/931\/523\/mapxps_iran_strikes_on_iran_5.jpg?ve=1&amp;tl=1, https:\/\/a57.foxnews.com\/static.foxnews.com\/foxnews.com\/content\/uploads\/2025\/06\/1862\/1046\/mapxps_iran_strikes_on_iran_5.jpg?ve=1&amp;tl=1 2x\" height=\"523\" width=\"931\"><source media=\"(min-width: 1280px)\" srcset=\"https:\/\/a57.foxnews.com\/static.foxnews.com\/foxnews.com\/content\/uploads\/2025\/06\/720\/405\/mapxps_iran_strikes_on_iran_5.jpg?ve=1&amp;tl=1, https:\/\/a57.foxnews.com\/static.foxnews.com\/foxnews.com\/content\/uploads\/2025\/06\/1440\/810\/mapxps_iran_strikes_on_iran_5.jpg?ve=1&amp;tl=1 2x\" height=\"405\" width=\"720\"><img loading=\"lazy\" decoding=\"async\" src=\"https:\/\/a57.foxnews.com\/static.foxnews.com\/foxnews.com\/content\/uploads\/2025\/06\/1200\/675\/mapxps_iran_strikes_on_iran_5.jpg?ve=1&amp;tl=1\" alt=\"Mapa de EE. UU. Huelga sobre Ir\u00e1n\" width=\"1200\" height=\"675\"\/><\/source><\/source><\/source><\/source><\/picture><\/div>\n<div class=\"info\">\n<div class=\"caption\">\n<p><span>Mapa de EE. UU. Huelga sobre Ir\u00e1n.<\/span> <span>(Fox News)<\/span><\/p>\n<\/div>\n<\/div>\n<\/div>\n<p><strong><u>Conflicto de Israel-Ir\u00e1n: actualizaciones en vivo<\/u><\/strong><\/p>\n<p>Trump anunci\u00f3 un alto el fuego poco m\u00e1s de 48 horas despu\u00e9s de la advertencia de Guterres, poniendo fin a lo que el presidente llam\u00f3 la \u00abguerra de 12 d\u00edas\u00bb, probablemente una referencia a la hist\u00f3rica guerra de seis d\u00edas de 1967 de Israel. <\/p>\n<p>El martes, Trump expres\u00f3 su frustraci\u00f3n con Israel e Ir\u00e1n, ya que el alto el fuego parec\u00eda estar a punto de vacilar. Le dijo a los periodistas que \u00abno estaba contento con Israel\u00bb despu\u00e9s de que el pa\u00eds tom\u00f3 lo que vio como una acci\u00f3n agresiva justo antes de que el alto el fuego entrara en vigencia. El presidente tambi\u00e9n estaba molesto cuando Israel prometi\u00f3 tomar represalias despu\u00e9s de que Ir\u00e1n supuestamente rompi\u00f3 el alto el fuego, algo que Teher\u00e1n neg\u00f3.<\/p>\n<div class=\"image-ct inline\">\n<div class=\"m\"><picture><source media=\"(max-width: 767px)\" srcset=\"https:\/\/a57.foxnews.com\/static.foxnews.com\/foxnews.com\/content\/uploads\/2025\/06\/343\/192\/decc5515-donald-trump.jpg?ve=1&amp;tl=1, https:\/\/a57.foxnews.com\/static.foxnews.com\/foxnews.com\/content\/uploads\/2025\/06\/686\/384\/decc5515-donald-trump.jpg?ve=1&amp;tl=1 2x\" height=\"192\" width=\"343\"><source media=\"(min-width: 768px) and (max-width: 1023px)\" srcset=\"https:\/\/a57.foxnews.com\/static.foxnews.com\/foxnews.com\/content\/uploads\/2025\/06\/672\/378\/decc5515-donald-trump.jpg?ve=1&amp;tl=1, https:\/\/a57.foxnews.com\/static.foxnews.com\/foxnews.com\/content\/uploads\/2025\/06\/1344\/756\/decc5515-donald-trump.jpg?ve=1&amp;tl=1 2x\" height=\"378\" width=\"672\"><source media=\"(min-width: 1024px) and (max-width: 1279px)\" srcset=\"https:\/\/a57.foxnews.com\/static.foxnews.com\/foxnews.com\/content\/uploads\/2025\/06\/931\/523\/decc5515-donald-trump.jpg?ve=1&amp;tl=1, https:\/\/a57.foxnews.com\/static.foxnews.com\/foxnews.com\/content\/uploads\/2025\/06\/1862\/1046\/decc5515-donald-trump.jpg?ve=1&amp;tl=1 2x\" height=\"523\" width=\"931\"><source media=\"(min-width: 1280px)\" srcset=\"https:\/\/a57.foxnews.com\/static.foxnews.com\/foxnews.com\/content\/uploads\/2025\/06\/720\/405\/decc5515-donald-trump.jpg?ve=1&amp;tl=1, https:\/\/a57.foxnews.com\/static.foxnews.com\/foxnews.com\/content\/uploads\/2025\/06\/1440\/810\/decc5515-donald-trump.jpg?ve=1&amp;tl=1 2x\" height=\"405\" width=\"720\"><img loading=\"lazy\" decoding=\"async\" src=\"https:\/\/a57.foxnews.com\/static.foxnews.com\/foxnews.com\/content\/uploads\/2025\/06\/1200\/675\/decc5515-donald-trump.jpg?ve=1&amp;tl=1\" alt=\"Donald Trump en la Casa Blanca\" width=\"1200\" height=\"675\"\/><\/source><\/source><\/source><\/source><\/picture><\/div>\n<div class=\"info\">\n<div class=\"caption\">\n<p><span>Trump arremete contra Israel e Ir\u00e1n con blasfemias por romper el alto el fuego.<\/span> <span>(Tasos Katopodis\/Getty Images)<\/span><\/p>\n<\/div>\n<\/div>\n<\/div>\n<p><strong><u>Haga clic aqu\u00ed para obtener la aplicaci\u00f3n Fox News<\/u><\/strong><\/p>\n<p>M\u00e1s tarde, Trump anunci\u00f3 que Israel no atacar\u00eda a Ir\u00e1n y que los aviones del pa\u00eds \u00abse volver\u00edan y se dirigir\u00edan a casa\u00bb. En un puesto posterior, reafirm\u00f3 su oposici\u00f3n a Ir\u00e1n que pose\u00eda un arma nuclear y prometi\u00f3 que Teher\u00e1n \u00abnunca\u00bb reconstruir\u00eda sus instalaciones. El presidente tambi\u00e9n insisti\u00f3 en que ambas partes quer\u00edan poner fin a la guerra \u00abigualmente\u00bb.<\/p>\n<p> <!----> <\/p>\n<div class=\"article-meta\">\n<div class=\"author-bio\">\n<p>Rachel Wolf es una escritora de noticias de Fox News Digital y Fox Business.<\/p>\n<\/div>\n<\/div>\n<\/div>\n\n","protected":false},"excerpt":{"rendered":"<p>NUEVO\u00a1Ahora puedes escuchar art\u00edculos de Fox News! El secretario general de las Naciones Unidas, Ant\u00f3nio Guterres, ofreci\u00f3 el martes el elogio raros al presidente Donald Trump, despu\u00e9s de que el presidente anunci\u00f3 un alto el fuego entre Israel e Ir\u00e1n. Guterres, un cr\u00edtico vocal de Trump, emiti\u00f3 la declaraci\u00f3n positiva solo unos d\u00edas despu\u00e9s de &hellip;<\/p>\n","protected":false},"author":1,"featured_media":33081,"comment_status":"open","ping_status":"open","sticky":false,"template":"","format":"standard","meta":{"fifu_image_url":"https:\/\/static.foxnews.com\/foxnews.com\/content\/uploads\/2025\/06\/2746467c-antonio-guterres.jpg","fifu_image_alt":"","footnotes":""},"categories":[13],"tags":[],"class_list":["post-33079","post","type-post","status-publish","format-standard","has-post-thumbnail","","category-mundo"],"_links":{"self":[{"href":"https:\/\/noticiasveraces.com\/index.php?rest_route=\/wp\/v2\/posts\/33079","targetHints":{"allow":["GET"]}}],"collection":[{"href":"https:\/\/noticiasveraces.com\/index.php?rest_route=\/wp\/v2\/posts"}],"about":[{"href":"https:\/\/noticiasveraces.com\/index.php?rest_route=\/wp\/v2\/types\/post"}],"author":[{"embeddable":true,"href":"https:\/\/noticiasveraces.com\/index.php?rest_route=\/wp\/v2\/users\/1"}],"replies":[{"embeddable":true,"href":"https:\/\/noticiasveraces.com\/index.php?rest_route=%2Fwp%2Fv2%2Fcomments&post=33079"}],"version-history":[{"count":0,"href":"https:\/\/noticiasveraces.com\/index.php?rest_route=\/wp\/v2\/posts\/33079\/revisions"}],"wp:featuredmedia":[{"embeddable":true,"href":"https:\/\/noticiasveraces.com\/index.php?rest_route=\/wp\/v2\/media\/33081"}],"wp:attachment":[{"href":"https:\/\/noticiasveraces.com\/index.php?rest_route=%2Fwp%2Fv2%2Fmedia&parent=33079"}],"wp:term":[{"taxonomy":"category","embeddable":true,"href":"https:\/\/noticiasveraces.com\/index.php?rest_route=%2Fwp%2Fv2%2Fcategories&post=33079"},{"taxonomy":"post_tag","embeddable":true,"href":"https:\/\/noticiasveraces.com\/index.php?rest_route=%2Fwp%2Fv2%2Ftags&post=33079"}],"curies":[{"name":"wp","href":"https:\/\/api.w.org\/{rel}","templated":true}]}}