{"id":33067,"date":"2025-06-24T12:56:34","date_gmt":"2025-06-24T16:56:34","guid":{"rendered":"https:\/\/noticiasveraces.com\/?p=33067"},"modified":"2025-06-24T12:56:34","modified_gmt":"2025-06-24T16:56:34","slug":"suben-al-centenar-los-muertos-por-inundaciones-en-sudafrica-dw-24-06-2025","status":"publish","type":"post","link":"https:\/\/noticiasveraces.com\/?p=33067","title":{"rendered":"Suben al centenar los muertos por inundaciones en Sud\u00e1frica \u2013 DW \u2013 24\/06\/2025"},"content":{"rendered":"<p> \n<\/p>\n<div>\n<p>El n\u00famero de muertos en las inundaciones causadas por las intensas lluvias que golpearon el este de Sud\u00e1frica hace dos semanas ha subido de 97 a 100, incluidos 37 menores de edad, informaron este martes (24.06.2025) las autoridades del pa\u00eds africano.<\/p>\n<p>\u00abSeg\u00fan el \u00faltimo reporte, 94 cuerpos han sido identificados positivamente y entregados a sus familias, mientras contin\u00faan los procesos para identificar los seis cuerpos restantes\u00bb, dijo en un comunicado &#8211; al que tuvo acceso la agencia <em>Efe &#8211; <\/em>el Gobierno de la provincia del Cabo Oriental, la zona m\u00e1s afectada.<\/p>\n<p>De los cien muertos, 63 son adultos, mientras que los 37 menores incluyen a 22 estudiantes, detall\u00f3 el Ejecutivo provincial que est\u00e1 proporcionando apoyo psicol\u00f3gico y humanitario a las comunidades afectadas, en colaboraci\u00f3n con Organizaciones No Gubernamentales (ONG) y el sector privado.<\/p>\n<p>\u00abEl Gobierno provincial desea aplaudir a los equipos multidisciplinares de b\u00fasqueda y recuperaci\u00f3n por su encomiable labor desde el inicio del tr\u00e1gico fen\u00f3meno meteorol\u00f3gico en la provincia\u00bb, a\u00f1adi\u00f3 el Ejecutivo en una nota recogida por la agencia <em>Efusi\u00f3n<\/em>.<\/p>\n<p>Se espera que el n\u00famero de muertos aumente, porque las operaciones de b\u00fasqueda contin\u00faan y todav\u00eda no se ha encontrado a algunas de las personas cuya desaparici\u00f3n ha sido reportada por las familias.<\/p>\n<figure class=\"placeholder-image master_landscape big\"><img data-format=\"MASTER_LANDSCAPE\" data-id=\"73026138\" data-url=\"https:\/\/static.dw.com\/image\/73026138_${formatId}.jpg\" data-aspect-ratio=\"16\/9\" alt=\"La gente se re\u00fane para llorar a las v\u00edctimas de las inundaciones en Mthatha, provincia del Cabo Oriental, Sud\u00e1frica, el 19 de junio de 2025.\" style=\"padding-bottom: 56.25%; height: 0; max-height: 0;\"\/><figcaption class=\"img-caption\">El jefe del Gobierno del Cabo Oriental, Oscar Mabuyane, encabez\u00f3 el pasado jueves una ceremonia en honor a las v\u00edctimas de la cat\u00e1strofe, donde agradeci\u00f3 la solidaridad nacional e internacional.<small class=\"copyright\">Imagen: Gobierno provincial del Cabo Oriental de Sud\u00e1frica\/Handut\/Xinhua News Agency\/Picture Alliance<\/small><\/figcaption><\/figure>\n<h2>Consecuencias del cambio clim\u00e1tico<\/h2>\n<p>El pasado d\u00eda 13, el presidente del pa\u00eds, Cyril Ramaphosa, visit\u00f3 la localidad de Mthatha -una de las zonas m\u00e1s afectadas y capital del distrito municipal O.R. Tambo, que concentra 76 de las muertes- y atribuy\u00f3 la cat\u00e1strofe a la \u00abgravedad\u00bb del cambio clim\u00e1tico.<\/p>\n<p>Un d\u00eda antes, el ministro de Gobernanza Cooperativa y Asuntos Tradicionales, Velenkosini Hlabisa, confirm\u00f3 que los hechos han sido \u00abclasificados\u00bb como desastre nacional, una categor\u00eda diferente a la \u00abdeclaraci\u00f3n\u00bb porque permite una respuesta m\u00e1s r\u00e1pida.<\/p>\n<p>Esta clasificaci\u00f3n cubre las provincias de KwaZulu-Natal, el Estado Libre, el Cabo Occidental y el Cabo Oriental, que se llev\u00f3 la peor parte de las inclemencias meteorol\u00f3gicas del pasado 9 de junio, cuando un frente fr\u00edo azot\u00f3 la regi\u00f3n con lluvias intensas, fuertes vientos y nevadas en zonas altas.<\/p>\n<p>AA (Efe, AP)<\/p>\n<\/div>\n\n","protected":false},"excerpt":{"rendered":"<p>El n\u00famero de muertos en las inundaciones causadas por las intensas lluvias que golpearon el este de Sud\u00e1frica hace dos semanas ha subido de 97 a 100, incluidos 37 menores de edad, informaron este martes (24.06.2025) las autoridades del pa\u00eds africano. \u00abSeg\u00fan el \u00faltimo reporte, 94 cuerpos han sido identificados positivamente y entregados a sus &hellip;<\/p>\n","protected":false},"author":1,"featured_media":33068,"comment_status":"open","ping_status":"open","sticky":false,"template":"","format":"standard","meta":{"fifu_image_url":"https:\/\/static.dw.com\/image\/73026109_6.jpg","fifu_image_alt":"","footnotes":""},"categories":[13],"tags":[],"class_list":["post-33067","post","type-post","status-publish","format-standard","has-post-thumbnail","","category-mundo"],"_links":{"self":[{"href":"https:\/\/noticiasveraces.com\/index.php?rest_route=\/wp\/v2\/posts\/33067","targetHints":{"allow":["GET"]}}],"collection":[{"href":"https:\/\/noticiasveraces.com\/index.php?rest_route=\/wp\/v2\/posts"}],"about":[{"href":"https:\/\/noticiasveraces.com\/index.php?rest_route=\/wp\/v2\/types\/post"}],"author":[{"embeddable":true,"href":"https:\/\/noticiasveraces.com\/index.php?rest_route=\/wp\/v2\/users\/1"}],"replies":[{"embeddable":true,"href":"https:\/\/noticiasveraces.com\/index.php?rest_route=%2Fwp%2Fv2%2Fcomments&post=33067"}],"version-history":[{"count":0,"href":"https:\/\/noticiasveraces.com\/index.php?rest_route=\/wp\/v2\/posts\/33067\/revisions"}],"wp:featuredmedia":[{"embeddable":true,"href":"https:\/\/noticiasveraces.com\/index.php?rest_route=\/wp\/v2\/media\/33068"}],"wp:attachment":[{"href":"https:\/\/noticiasveraces.com\/index.php?rest_route=%2Fwp%2Fv2%2Fmedia&parent=33067"}],"wp:term":[{"taxonomy":"category","embeddable":true,"href":"https:\/\/noticiasveraces.com\/index.php?rest_route=%2Fwp%2Fv2%2Fcategories&post=33067"},{"taxonomy":"post_tag","embeddable":true,"href":"https:\/\/noticiasveraces.com\/index.php?rest_route=%2Fwp%2Fv2%2Ftags&post=33067"}],"curies":[{"name":"wp","href":"https:\/\/api.w.org\/{rel}","templated":true}]}}