{"id":33059,"date":"2025-06-24T11:55:11","date_gmt":"2025-06-24T15:55:11","guid":{"rendered":"https:\/\/noticiasveraces.com\/?p=33059"},"modified":"2025-06-24T11:55:11","modified_gmt":"2025-06-24T15:55:11","slug":"principe-irani-exiliado-exige-un-cambio-de-regimen-momento-de-pared-de-berlin","status":"publish","type":"post","link":"https:\/\/noticiasveraces.com\/?p=33059","title":{"rendered":"Pr\u00edncipe iran\u00ed exiliado exige un cambio de r\u00e9gimen: &#8216;Momento de pared de Berl\u00edn&#8217;"},"content":{"rendered":"<p> \n<\/p>\n<div>\n<div id=\"beyondwords-wrapper\" class=\"beyondwords-wrapper\">\n<p><span class=\"label-bg\">NUEVO<\/span>\u00a1Ahora puedes escuchar art\u00edculos de Fox News!\n  <\/p>\n<\/div>\n<p class=\"speakable\">El pr\u00edncipe iran\u00ed exiliado Reza Pahlavi est\u00e1 presionando para el cambio de r\u00e9gimen en Teher\u00e1n, afirmando que el r\u00e9gimen est\u00e1 \u00abcerca del colapso\u00bb.<\/p>\n<p class=\"speakable\">En una publicaci\u00f3n sobre X, Pahlavi alent\u00f3 a la gente de Ir\u00e1n a levantarse y advirti\u00f3 al personal militar que esta es su \u00aboportunidad final\u00bb de estar con el p\u00fablico contra el r\u00e9gimen.<\/p>\n<p>\u00abPara el ej\u00e9rcito, a medida que le dan \u00f3rdenes de arremeter contra la gente, depende. Esta es su \u00faltima oportunidad. Est\u00e1s siendo observado. Recordaremos qui\u00e9n se par\u00f3 con la gente y qui\u00e9n cometi\u00f3 cr\u00edmenes contra ellos\u00bb, escribi\u00f3 Pahlavi en X.<\/p>\n<div class=\"image-ct inline\">\n<div class=\"m\"><picture><source media=\"(max-width: 767px)\" srcset=\"https:\/\/a57.foxnews.com\/static.foxnews.com\/foxnews.com\/content\/uploads\/2025\/06\/343\/192\/gettyimages-2212801006-scaled.jpg?ve=1&amp;tl=1, https:\/\/a57.foxnews.com\/static.foxnews.com\/foxnews.com\/content\/uploads\/2025\/06\/686\/384\/gettyimages-2212801006-scaled.jpg?ve=1&amp;tl=1 2x\" height=\"192\" width=\"343\"><source media=\"(min-width: 768px) and (max-width: 1023px)\" srcset=\"https:\/\/a57.foxnews.com\/static.foxnews.com\/foxnews.com\/content\/uploads\/2025\/06\/672\/378\/gettyimages-2212801006-scaled.jpg?ve=1&amp;tl=1, https:\/\/a57.foxnews.com\/static.foxnews.com\/foxnews.com\/content\/uploads\/2025\/06\/1344\/756\/gettyimages-2212801006-scaled.jpg?ve=1&amp;tl=1 2x\" height=\"378\" width=\"672\"><source media=\"(min-width: 1024px) and (max-width: 1279px)\" srcset=\"https:\/\/a57.foxnews.com\/static.foxnews.com\/foxnews.com\/content\/uploads\/2025\/06\/931\/523\/gettyimages-2212801006-scaled.jpg?ve=1&amp;tl=1, https:\/\/a57.foxnews.com\/static.foxnews.com\/foxnews.com\/content\/uploads\/2025\/06\/1862\/1046\/gettyimages-2212801006-scaled.jpg?ve=1&amp;tl=1 2x\" height=\"523\" width=\"931\"><source media=\"(min-width: 1280px)\" srcset=\"https:\/\/a57.foxnews.com\/static.foxnews.com\/foxnews.com\/content\/uploads\/2025\/06\/720\/405\/gettyimages-2212801006-scaled.jpg?ve=1&amp;tl=1, https:\/\/a57.foxnews.com\/static.foxnews.com\/foxnews.com\/content\/uploads\/2025\/06\/1440\/810\/gettyimages-2212801006-scaled.jpg?ve=1&amp;tl=1 2x\" height=\"405\" width=\"720\"><img loading=\"lazy\" decoding=\"async\" src=\"https:\/\/a57.foxnews.com\/static.foxnews.com\/foxnews.com\/content\/uploads\/2025\/06\/1200\/675\/gettyimages-2212801006-scaled.jpg?ve=1&amp;tl=1\" alt=\"Retrato de l\u00edderes alineados en Ir\u00e1n vistos en Teher\u00e1n\" width=\"1200\" height=\"675\"\/><\/source><\/source><\/source><\/source><\/picture><\/div>\n<div class=\"info\">\n<div class=\"caption\">\n<p><span>La gente pasa m\u00e1s all\u00e1 de una gran pancarta con retratos de l\u00edderes asesinados de grupos armados alineados con Ir\u00e1n, incluido el l\u00edder de Hamas, Yahya Sinwar, el l\u00edder de Hezbol\u00e1, Hassan Nasrallah y el comandante iran\u00ed Qasem Soleimani, en el centro de Teher\u00e1n, Ir\u00e1n, el 1 de mayo de 2025.<\/span> <span>(Foto de Mohammadali Najib\/Medio Oriente Im\u00e1genes\/AFP a trav\u00e9s de Getty Images)<\/span><\/p>\n<\/div>\n<\/div>\n<\/div>\n<p><strong>El Pr\u00edncipe Exiliado busca liderar a los iran\u00edes en la rep\u00fablica isl\u00e1mica final: \u00abNuestro momento de la pared de Berl\u00edn\u00bb<\/strong><\/p>\n<p>El lunes, Pahlavi celebr\u00f3 una conferencia de prensa en Par\u00eds, donde anunci\u00f3 el lanzamiento de una plataforma segura para el personal militar, policial y de seguridad que buscaba defectos del r\u00e9gimen para contactarlo a \u00e9l y a su equipo. \u00c9l dio a entender que ya estaba recibiendo tales mensajes, diciendo que la plataforma \u00abadministrar\u00eda eficientemente el creciente volumen de comunicaciones y solicitudes entrantes de quienes rompen con el r\u00e9gimen y que buscan unirse a nuestro movimiento\u00bb.<\/p>\n<p>El pr\u00edncipe exiliado tambi\u00e9n emiti\u00f3 un mensaje al mundo, instando a la comunidad internacional a dejar que el \u00abr\u00e9gimen terrorista corrupto, desmoronado\u00bb en Ir\u00e1n caiga.<\/p>\n<p>\u00abNo apoye un r\u00e9gimen que, pronto nuevamente, gire sus armas, misiles y terror hacia usted\u00bb, escribi\u00f3 Pahlavi.<\/p>\n<div class=\"image-ct inline\">\n<div class=\"m\"><picture><source media=\"(max-width: 767px)\" srcset=\"https:\/\/a57.foxnews.com\/static.foxnews.com\/foxnews.com\/content\/uploads\/2025\/06\/343\/192\/reza-pahlavi.jpg?ve=1&amp;tl=1, https:\/\/a57.foxnews.com\/static.foxnews.com\/foxnews.com\/content\/uploads\/2025\/06\/686\/384\/reza-pahlavi.jpg?ve=1&amp;tl=1 2x\" height=\"192\" width=\"343\"><source media=\"(min-width: 768px) and (max-width: 1023px)\" srcset=\"https:\/\/a57.foxnews.com\/static.foxnews.com\/foxnews.com\/content\/uploads\/2025\/06\/672\/378\/reza-pahlavi.jpg?ve=1&amp;tl=1, https:\/\/a57.foxnews.com\/static.foxnews.com\/foxnews.com\/content\/uploads\/2025\/06\/1344\/756\/reza-pahlavi.jpg?ve=1&amp;tl=1 2x\" height=\"378\" width=\"672\"><source media=\"(min-width: 1024px) and (max-width: 1279px)\" srcset=\"https:\/\/a57.foxnews.com\/static.foxnews.com\/foxnews.com\/content\/uploads\/2025\/06\/931\/523\/reza-pahlavi.jpg?ve=1&amp;tl=1, https:\/\/a57.foxnews.com\/static.foxnews.com\/foxnews.com\/content\/uploads\/2025\/06\/1862\/1046\/reza-pahlavi.jpg?ve=1&amp;tl=1 2x\" height=\"523\" width=\"931\"><source media=\"(min-width: 1280px)\" srcset=\"https:\/\/a57.foxnews.com\/static.foxnews.com\/foxnews.com\/content\/uploads\/2025\/06\/720\/405\/reza-pahlavi.jpg?ve=1&amp;tl=1, https:\/\/a57.foxnews.com\/static.foxnews.com\/foxnews.com\/content\/uploads\/2025\/06\/1440\/810\/reza-pahlavi.jpg?ve=1&amp;tl=1 2x\" height=\"405\" width=\"720\"><img loading=\"lazy\" decoding=\"async\" src=\"https:\/\/a57.foxnews.com\/static.foxnews.com\/foxnews.com\/content\/uploads\/2025\/06\/1200\/675\/reza-pahlavi.jpg?ve=1&amp;tl=1\" alt=\"Reza Pahlavi habla en Par\u00eds el 23 de junio de 2025\" width=\"1200\" height=\"675\"\/><\/source><\/source><\/source><\/source><\/picture><\/div>\n<div class=\"info\">\n<div class=\"caption\">\n<p><span>Reza Pahlavi, hijo de Ir\u00e1n, Shah Mohammad Reza Pahlavi, habla durante una conferencia de prensa el lunes 23 de junio de 2025 en Par\u00eds.<\/span> <span>(Foto de Thomas Padilla\/AP)<\/span><\/p>\n<\/div>\n<\/div>\n<\/div>\n<p><strong><u>As\u00ed es como podr\u00eda verse un Ir\u00e1n posterior al ayatol\u00e1 si la guerra con Israel conduce a la ca\u00edda del r\u00e9gimen<\/u><\/strong><\/p>\n<p>El mensaje publicado en X llega un d\u00eda despu\u00e9s de que Pahlavi propuso que llevara a Ir\u00e1n a la democracia. Dijo que es el \u00abmomento de la pared de Berl\u00edn\u00bb del pueblo iran\u00ed, ya que el futuro del l\u00edder supremo iran\u00ed, el r\u00e9gimen de Ayatol\u00e1 Ali Khamenei, sigue siendo incierto despu\u00e9s de la destrucci\u00f3n del programa nuclear de Teher\u00e1n. Seg\u00fan los informes, Khamenei se estaba escondiendo en un b\u00fanker durante las huelgas de los Estados Unidos en las instalaciones nucleares de Ir\u00e1n.<\/p>\n<p>\u00abHoy estoy aqu\u00ed para someterme a mis compatriotas para llevarlos por este camino hacia la paz y una transici\u00f3n democr\u00e1tica\u00bb, dijo Pahlavi el lunes. \u00abNo busco poder pol\u00edtico, sino para ayudar a nuestra gran naci\u00f3n a navegar a trav\u00e9s de esta hora cr\u00edtica hacia la estabilidad, la libertad y la justicia\u00bb. <\/p>\n<div class=\"image-ct inline\">\n<div class=\"m\"><picture><source media=\"(max-width: 767px)\" srcset=\"https:\/\/a57.foxnews.com\/static.foxnews.com\/foxnews.com\/content\/uploads\/2021\/01\/343\/192\/GettyImages-1229433335.jpg?ve=1&amp;tl=1, https:\/\/a57.foxnews.com\/static.foxnews.com\/foxnews.com\/content\/uploads\/2021\/01\/686\/384\/GettyImages-1229433335.jpg?ve=1&amp;tl=1 2x\" height=\"192\" width=\"343\"><source media=\"(min-width: 768px) and (max-width: 1023px)\" srcset=\"https:\/\/a57.foxnews.com\/static.foxnews.com\/foxnews.com\/content\/uploads\/2021\/01\/672\/378\/GettyImages-1229433335.jpg?ve=1&amp;tl=1, https:\/\/a57.foxnews.com\/static.foxnews.com\/foxnews.com\/content\/uploads\/2021\/01\/1344\/756\/GettyImages-1229433335.jpg?ve=1&amp;tl=1 2x\" height=\"378\" width=\"672\"><source media=\"(min-width: 1024px) and (max-width: 1279px)\" srcset=\"https:\/\/a57.foxnews.com\/static.foxnews.com\/foxnews.com\/content\/uploads\/2021\/01\/931\/523\/GettyImages-1229433335.jpg?ve=1&amp;tl=1, https:\/\/a57.foxnews.com\/static.foxnews.com\/foxnews.com\/content\/uploads\/2021\/01\/1862\/1046\/GettyImages-1229433335.jpg?ve=1&amp;tl=1 2x\" height=\"523\" width=\"931\"><source media=\"(min-width: 1280px)\" srcset=\"https:\/\/a57.foxnews.com\/static.foxnews.com\/foxnews.com\/content\/uploads\/2021\/01\/720\/405\/GettyImages-1229433335.jpg?ve=1&amp;tl=1, https:\/\/a57.foxnews.com\/static.foxnews.com\/foxnews.com\/content\/uploads\/2021\/01\/1440\/810\/GettyImages-1229433335.jpg?ve=1&amp;tl=1 2x\" height=\"405\" width=\"720\"><img loading=\"lazy\" decoding=\"async\" src=\"https:\/\/a57.foxnews.com\/static.foxnews.com\/foxnews.com\/content\/uploads\/2021\/01\/1200\/675\/GettyImages-1229433335.jpg?ve=1&amp;tl=1\" alt=\"L\u00edder Supremo iran\u00ed Ali Khamenei\" width=\"1200\" height=\"675\"\/><\/source><\/source><\/source><\/source><\/picture><\/div>\n<div class=\"info\">\n<div class=\"caption\">\n<p><span>El l\u00edder supremo iran\u00ed, Ali Khamenei, ofrece una transmisi\u00f3n en vivo en la televisi\u00f3n estatal con motivo del aniversario de nacimiento del Profeta Muhammad en Teher\u00e1n, Ir\u00e1n, el 3 de noviembre de 2020.<\/span> <span>(Oficina de prensa de l\u00edder iran\u00ed \/ Agencia Anadolu a trav\u00e9s de Getty Images)<\/span><\/p>\n<\/div>\n<\/div>\n<\/div>\n<p><strong><u>Haga clic aqu\u00ed para obtener la aplicaci\u00f3n Fox News<\/u><\/strong><\/p>\n<p>En un mensaje directo a Khamenei, Pahlavi dijo: \u00abReduzca. Y si lo hace, recibir\u00e1 un juicio justo y el debido proceso legal. Lo cual es m\u00e1s de lo que ha dado a cualquier iran\u00ed\u00bb.<\/p>\n<p>El difunto padre de Pahlavi, Mohammad Reza Pahlavi, el \u00faltimo Shah de Ir\u00e1n, fue derrocado durante la revoluci\u00f3n iran\u00ed de 1979. <\/p>\n<p>En febrero, Pahlavi habl\u00f3 en la Cumbre de los Derechos Humanos y la Democracia de Ginebra, donde pidi\u00f3 una acci\u00f3n internacional contra el r\u00e9gimen de Khamenei y dijo que los iran\u00edes estaban listos para reclamar su \u00abpa\u00eds robado\u00bb.<\/p>\n<p> <!----> <\/p>\n<div class=\"article-meta\">\n<div class=\"author-bio\">\n<p>Rachel Wolf es una escritora de noticias de Fox News Digital y Fox Business.<\/p>\n<\/div>\n<\/div>\n<\/div>\n\n","protected":false},"excerpt":{"rendered":"<p>NUEVO\u00a1Ahora puedes escuchar art\u00edculos de Fox News! El pr\u00edncipe iran\u00ed exiliado Reza Pahlavi est\u00e1 presionando para el cambio de r\u00e9gimen en Teher\u00e1n, afirmando que el r\u00e9gimen est\u00e1 \u00abcerca del colapso\u00bb. En una publicaci\u00f3n sobre X, Pahlavi alent\u00f3 a la gente de Ir\u00e1n a levantarse y advirti\u00f3 al personal militar que esta es su \u00aboportunidad final\u00bb &hellip;<\/p>\n","protected":false},"author":1,"featured_media":33061,"comment_status":"open","ping_status":"open","sticky":false,"template":"","format":"standard","meta":{"fifu_image_url":"https:\/\/static.foxnews.com\/foxnews.com\/content\/uploads\/2025\/06\/reza-pahlavi.jpg","fifu_image_alt":"","footnotes":""},"categories":[13],"tags":[],"class_list":["post-33059","post","type-post","status-publish","format-standard","has-post-thumbnail","","category-mundo"],"_links":{"self":[{"href":"https:\/\/noticiasveraces.com\/index.php?rest_route=\/wp\/v2\/posts\/33059","targetHints":{"allow":["GET"]}}],"collection":[{"href":"https:\/\/noticiasveraces.com\/index.php?rest_route=\/wp\/v2\/posts"}],"about":[{"href":"https:\/\/noticiasveraces.com\/index.php?rest_route=\/wp\/v2\/types\/post"}],"author":[{"embeddable":true,"href":"https:\/\/noticiasveraces.com\/index.php?rest_route=\/wp\/v2\/users\/1"}],"replies":[{"embeddable":true,"href":"https:\/\/noticiasveraces.com\/index.php?rest_route=%2Fwp%2Fv2%2Fcomments&post=33059"}],"version-history":[{"count":0,"href":"https:\/\/noticiasveraces.com\/index.php?rest_route=\/wp\/v2\/posts\/33059\/revisions"}],"wp:featuredmedia":[{"embeddable":true,"href":"https:\/\/noticiasveraces.com\/index.php?rest_route=\/wp\/v2\/media\/33061"}],"wp:attachment":[{"href":"https:\/\/noticiasveraces.com\/index.php?rest_route=%2Fwp%2Fv2%2Fmedia&parent=33059"}],"wp:term":[{"taxonomy":"category","embeddable":true,"href":"https:\/\/noticiasveraces.com\/index.php?rest_route=%2Fwp%2Fv2%2Fcategories&post=33059"},{"taxonomy":"post_tag","embeddable":true,"href":"https:\/\/noticiasveraces.com\/index.php?rest_route=%2Fwp%2Fv2%2Ftags&post=33059"}],"curies":[{"name":"wp","href":"https:\/\/api.w.org\/{rel}","templated":true}]}}