{"id":33052,"date":"2025-06-24T09:51:18","date_gmt":"2025-06-24T13:51:18","guid":{"rendered":"https:\/\/noticiasveraces.com\/?p=33052"},"modified":"2025-06-24T09:51:18","modified_gmt":"2025-06-24T13:51:18","slug":"llego-el-momento-de-un-alto-al-fuego-en-gaza-dw-24-06-2025","status":"publish","type":"post","link":"https:\/\/noticiasveraces.com\/?p=33052","title":{"rendered":"\u00abLleg\u00f3 el momento\u00bb de un alto al fuego en Gaza \u2013 DW \u2013 24\/06\/2025"},"content":{"rendered":"<p> \n<\/p>\n<div>\n<p>El jefe del gobierno alem\u00e1n, Friedrich Merz, dijo este martes (24.06.2025) que \u00ablleg\u00f3 el momento\u00bb de un alto al fuego en la Franja de Gaza entre Israely Ham\u00e1s.<\/p>\n<p>\u00abLleg\u00f3 el momento de concluir un alto al fuego para Gaza\u00bb, declar\u00f3 Merz ante el parlamento alem\u00e1n, al tiempo que reiter\u00f3 el apoyo de su pa\u00eds a Israel, de quien consider\u00f3 que \u00abtiene derecho a defender su existencia y la seguridad de sus ciudadanos\u00bb.<\/p>\n<p>Por otra pate, el canciller alem\u00e1n subray\u00f3 que su pa\u00eds \u00abno considerar\u00e1 suspender o poner fin\u00bb al Acuerdo de Asociaci\u00f3n entre la Uni\u00f3n Europea e Israel, que la UE\u00a0afirma estar revisando como medida de presionar a Israel para que permita la entrada de m\u00e1s ayuda en Gaza.<\/p>\n<p>Al mismo tiempo,\u00a0el canciller asegur\u00f3 que su Ejecutivo \u00abinterroga de forma cr\u00edtica\u00bb a Israel sobre qu\u00e9 objetivo pretende alcanzar en la Franja y reclama que se trate de forma digna a la poblaci\u00f3n civil, en especial mujeres, ni\u00f1os y ancianos.<\/p>\n<p>El Ministerio de Salud de Gaza, controlado por Ham\u00e1s (considerado una organizaci\u00f3n terrorista tanto por Israel como por otros pa\u00edses), puntualiz\u00f3 que el balance de la campa\u00f1a militar israel\u00ed en Gaza asciende a a 55.908 muertos, principalmente civiles, seg\u00fan cifras recabadas por la agencia <em>AFP<\/em>.<\/p>\n<figure class=\"placeholder-image master_landscape big\"><img data-format=\"MASTER_LANDSCAPE\" data-id=\"73020614\" data-url=\"https:\/\/static.dw.com\/image\/73020614_${formatId}.jpg\" data-aspect-ratio=\"16\/9\" alt=\"Vista global del Bundestag.\" style=\"padding-bottom: 56.25%; height: 0; max-height: 0;\"\/><figcaption class=\"img-caption\">Las declaraciones de Merz se producen en un momento de esperanza ante la posibilidad de un alto al fuego entre Israel e Ir\u00e1n.<small class=\"copyright\">Imagen: Kay Nietfeld\/dpa\/picture alliance<\/small><\/figcaption><\/figure>\n<h2>Posible alto al fuego entre Israel e Ir\u00e1n<\/h2>\n<p>Las declaraciones de Merz se producen en un momento de esperanza ante la posibilidad de un alto al fuego entre Israel e Ir\u00e1n anunciado por el presidente de Estados Unidos, Donald Trump, pese a que las dos partes se acusaron mutuamente de continuar con las hostilidades.<\/p>\n<p>En su discurso, Merz dio su aprobaci\u00f3n una vez m\u00e1s a los ataques israel\u00edes y estadounidenses contra objetivos del programa nuclear iran\u00ed, el cual pone en peligro tambi\u00e9n a Europa y al mundo entero.<\/p>\n<p>Al mismo tiempo, Merz advirti\u00f3 de que el conflicto con Ir\u00e1n no debe \u00abarrastrar al abismo\u00bb a toda la regi\u00f3n, por lo que salud\u00f3 el llamamiento estadounidense al alto al fuego y pidi\u00f3 a ambas partes que lo sigan, tal y como ya hizo previamente en un mensaje en la red social X.<\/p>\n<p>Israel lanz\u00f3 ataques contra Ir\u00e1n el 13 de junio, bombardeando instalaciones nucleares y militares as\u00ed como \u00e1reas residenciales, lo que provoc\u00f3 varios ataques con misiles iran\u00edes contra Israel. Estados Unidos, por su parte, tambi\u00e9n bombarde\u00f3 instalaciones nucleares iran\u00edes.<\/p>\n<p>AA (DPA, AFP, Efe)<\/p>\n<\/div>\n\n","protected":false},"excerpt":{"rendered":"<p>El jefe del gobierno alem\u00e1n, Friedrich Merz, dijo este martes (24.06.2025) que \u00ablleg\u00f3 el momento\u00bb de un alto al fuego en la Franja de Gaza entre Israely Ham\u00e1s. \u00abLleg\u00f3 el momento de concluir un alto al fuego para Gaza\u00bb, declar\u00f3 Merz ante el parlamento alem\u00e1n, al tiempo que reiter\u00f3 el apoyo de su pa\u00eds a &hellip;<\/p>\n","protected":false},"author":1,"featured_media":33053,"comment_status":"open","ping_status":"open","sticky":false,"template":"","format":"standard","meta":{"fifu_image_url":"https:\/\/static.dw.com\/image\/73021975_6.jpg","fifu_image_alt":"","footnotes":""},"categories":[13],"tags":[],"class_list":["post-33052","post","type-post","status-publish","format-standard","has-post-thumbnail","","category-mundo"],"_links":{"self":[{"href":"https:\/\/noticiasveraces.com\/index.php?rest_route=\/wp\/v2\/posts\/33052","targetHints":{"allow":["GET"]}}],"collection":[{"href":"https:\/\/noticiasveraces.com\/index.php?rest_route=\/wp\/v2\/posts"}],"about":[{"href":"https:\/\/noticiasveraces.com\/index.php?rest_route=\/wp\/v2\/types\/post"}],"author":[{"embeddable":true,"href":"https:\/\/noticiasveraces.com\/index.php?rest_route=\/wp\/v2\/users\/1"}],"replies":[{"embeddable":true,"href":"https:\/\/noticiasveraces.com\/index.php?rest_route=%2Fwp%2Fv2%2Fcomments&post=33052"}],"version-history":[{"count":0,"href":"https:\/\/noticiasveraces.com\/index.php?rest_route=\/wp\/v2\/posts\/33052\/revisions"}],"wp:featuredmedia":[{"embeddable":true,"href":"https:\/\/noticiasveraces.com\/index.php?rest_route=\/wp\/v2\/media\/33053"}],"wp:attachment":[{"href":"https:\/\/noticiasveraces.com\/index.php?rest_route=%2Fwp%2Fv2%2Fmedia&parent=33052"}],"wp:term":[{"taxonomy":"category","embeddable":true,"href":"https:\/\/noticiasveraces.com\/index.php?rest_route=%2Fwp%2Fv2%2Fcategories&post=33052"},{"taxonomy":"post_tag","embeddable":true,"href":"https:\/\/noticiasveraces.com\/index.php?rest_route=%2Fwp%2Fv2%2Ftags&post=33052"}],"curies":[{"name":"wp","href":"https:\/\/api.w.org\/{rel}","templated":true}]}}