{"id":33035,"date":"2025-06-24T07:00:00","date_gmt":"2025-06-24T11:00:00","guid":{"rendered":"https:\/\/noticiasveraces.com\/?p=33035"},"modified":"2025-06-24T07:00:00","modified_gmt":"2025-06-24T11:00:00","slug":"ninguna-casa-sin-paneles-solares-clima-y-medio-ambiente","status":"publish","type":"post","link":"https:\/\/noticiasveraces.com\/?p=33035","title":{"rendered":"Ninguna casa sin paneles solares | Clima y Medio Ambiente"},"content":{"rendered":"<p> \n<br \/><img decoding=\"async\" src=\"https:\/\/imagenes.elpais.com\/resizer\/v2\/XVUMBVZ4UREC3DTGZNFP3MG2QY.jpg?auth=325525265a7e9ae6f02d43b9b1308aacc5203550a8bc3a22407cb2bee96a3b82\" \/><\/p>\n<div data-dtm-region=\"articulo_cuerpo\">\n<p class=\"\">El sol tiene un potencial inmenso para transformar nuestra forma de consumir electricidad. Hasta hace poco, necesit\u00e1bamos tecnolog\u00edas que nos hac\u00edan dependientes de combustibles f\u00f3siles importados, pero ahora podemos aprovechar la energ\u00eda solar, un recurso que en Espa\u00f1a es rey. El autoconsumo solar, generado a partir de paneles solares, nos permite generar nuestra propia energ\u00eda. Y no solo de manera individual, sino tambi\u00e9n compartida, compartiendo energ\u00eda entre consumidores cercanos, reduciendo la factura de la luz y contribuyendo al medio ambiente. <\/p>\n<p class=\"\">Imagina que tu bloque de pisos, tu centro comercial o incluso una asociaci\u00f3n de barrio pueden unirse para instalar placas solares en alg\u00fan lugar pr\u00f3ximo y aprovechar esa energ\u00eda juntos, o que una industria puede reducir su factura de la luz, incrementando su competitividad, y compartiendo la energ\u00eda que no consume con viviendas o comercios vecinos. No solo eso: imagina que durante el apag\u00f3n hubieras tenido una instalaci\u00f3n de autoconsumo solar activada en modo isla, y hubieras podido mantener el suministro el\u00e9ctrico (al menos para lo imprescindible).<\/p>\n<p class=\"\">Este modelo, que es todav\u00eda mucho m\u00e1s interesante y l\u00f3gico en nuestro pa\u00eds, con muchas m\u00e1s horas de radiaci\u00f3n que el resto de territorios europeos, tiene todav\u00eda un gran recorrido. Ahora tenemos la oportunidad de convertirnos en referentes en energ\u00eda solar distribuida pero, para lograrlo, tenemos que resolver algunos obst\u00e1culos.<\/p>\n<h3 class=\"\">Una ley de autoconsumo anticuada<\/h3>\n<p class=\"\">Tras unos a\u00f1os de crecimiento, el ritmo actual de instalaci\u00f3n de autoconsumo solar est\u00e1 descendiendo. Seg\u00fan los \u00faltimos datos de la Uni\u00f3n Espa\u00f1ola Fotovoltaica (UNEF), este baja un 17% en el primer trimestre de 2025 respecto a la media trimestral de 2024. A cierre de 2024, cont\u00e1bamos con 8.137 megavatios (MW), de los cuales 1.182 MW se instalaron en ese a\u00f1o. <\/p>\n<p class=\"\">Si continuamos con esta tendencia, no ser\u00e1 posible alcanzar los objetivos marcados en el Plan Nacional de Energ\u00eda y Clima (PNIEC), que establece la meta de 19.000 MW a 2030. Para poder cumplir el PNIEC, el ritmo de nuevas instalaciones anual a 2030 deber\u00eda ser, de media y al menos, de 1.810 MW al a\u00f1o.<\/p>\n<p class=\"\">\u00bfPor qu\u00e9 se est\u00e1 instalando menos autoconsumo del previsto? El primer gran problema es que la normativa que regula el autoconsumo en Espa\u00f1a se ha quedado desfasada y necesita urgentemente actualizarse a los nuevos tiempos. <\/p>\n<p class=\"\">La publicaci\u00f3n en 2019 de la regulaci\u00f3n por la cual se elimin\u00f3 el impuesto al sol y se regularon las condiciones t\u00e9cnicas y econ\u00f3micas para el autoconsumo supuso un gran impulso, alcanzando un pico de instalaci\u00f3n entre 2022-2023. Sin embargo, las necesidades han avanzado muy r\u00e1pido. <\/p>\n<p class=\"\">Es necesario avanzar en el desarrollo del autoconsumo colectivo, aquel que se realiza entre varios consumidores, clave para no dejar fuera al 70% de la poblaci\u00f3n que vive en pisos y no pueden instalar placas individualmente.<\/p>\n<p class=\"\">\u00bfQu\u00e9 es lo que falta en la normativa? Faltan elementos que agilicen la tramitaci\u00f3n del autoconsumo, especialmente del colectivo, como la figura de un gestor que centralice la gesti\u00f3n, facilitar el acceso a la red de estas instalaciones o hacer la tramitaci\u00f3n mucho m\u00e1s atractiva. Las propias directivas europeas ya nos lo exigen: nos est\u00e1n pidiendo que facilitemos el derecho a compartir la energ\u00eda entre personas, algo que nuestra ley actual no permite de forma sencilla. <\/p>\n<p class=\"\">La buena noticia es que el Ministerio para la Transici\u00f3n Ecol\u00f3gica ya se ha puesto manos a la obra para actualizar esta normativa. A finales del a\u00f1o pasado abrieron una consulta para escuchar a todos los implicados (empresas, asociaciones, etc.). Adem\u00e1s, es importante destacar que no es solo una iniciativa del ministerio: desde el Congreso de los Diputados, diversos grupos parlamentarios tambi\u00e9n han mostrado su apoyo y han impulsado este avance en la normativa de autoconsumo. La idea es que esta nueva ley, mucho m\u00e1s adaptada a la realidad actual y a lo que pide Europa, est\u00e9 lista antes de que termine 2025. <\/p>\n<p class=\"\">Esperamos que esto nos d\u00e9 un empuj\u00f3n enorme para que el autoconsumo compartido sea una realidad al alcance de todas las personas.<\/p>\n<h3 class=\"\">Impulso de las distribuidoras el\u00e9ctricas<\/h3>\n<p class=\"\">El segundo gran desaf\u00edo lo encontramos en la gesti\u00f3n de los tr\u00e1mites para conectar las instalaciones de autoconsumo a la red el\u00e9ctrica. Esta tarea recae principalmente en las empresas distribuidoras de electricidad y, en muchas ocasiones, el proceso es lento y complicado. Aunque la ley establece plazos m\u00e1ximos de hasta dos meses para la puesta en marcha de una instalaci\u00f3n, la realidad es que muchos proyectos se quedan atascados durante meses e incluso a\u00f1os. Esto genera frustraci\u00f3n y desanima a muchas personas que quieren dar el paso hacia la energ\u00eda solar, y lanza un mensaje equivocado a la sociedad.<\/p>\n<p class=\"\">Consciente de esta situaci\u00f3n, la Comisi\u00f3n Nacional de Mercados y la Competencia (CNMC) est\u00e1 trabajando para cambiar las cosas. Teniendo en cuenta que la actividad de distribuci\u00f3n est\u00e1 regulada, el organismo est\u00e1 revisando c\u00f3mo se les paga a estas empresas distribuidoras para incluir incentivos por la correcta conexi\u00f3n de nuevos autoconsumos. La idea es que les interese facilitar el proceso, eliminando la burocracia y los retrasos. Si conseguimos que los tr\u00e1mites sean r\u00e1pidos y sencillos, veremos c\u00f3mo el autoconsumo solar se dispara en Espa\u00f1a.<\/p>\n<h3 class=\"\">Paneles solares como un electrodom\u00e9stico m\u00e1s<\/h3>\n<p class=\"\">Visualicemos el futuro: gracias a estos cambios, la instalaci\u00f3n de placas solares ser\u00e1 tan sencilla como la de un nuevo microondas o una lavadora. El objetivo es que la energ\u00eda solar deje de ser un proyecto complejo para convertirse en un electrodom\u00e9stico m\u00e1s en cada hogar, f\u00e1cil de instalar, f\u00e1cil de usar, que genere grandes ahorros y contribuya al medio ambiente sin complicaciones. <\/p>\n<p class=\"\">O incluso m\u00e1s all\u00e1: que la energ\u00eda generada por la instalaci\u00f3n de autoconsumo se utilice para alimentar nuestra calefacci\u00f3n y aire acondicionado a trav\u00e9s de las bombas de calor, que sustituir\u00e1n a las calderas de gas. En este futuro ser\u00e1n las comunidades energ\u00e9ticas las que permitan aprovechar los recursos renovables del territorio y pol\u00edgonos podr\u00e1n cooperar para que varias industrias puedan compartir la energ\u00eda generada. <\/p>\n<p class=\"\">En resumen, Espa\u00f1a tiene todo para ser un l\u00edder en energ\u00eda solar. Solo necesitamos que la ley se ponga al d\u00eda y que los tr\u00e1mites con las distribuidoras el\u00e9ctricas se simplifiquen. Resolver estos dos puntos clave no solo nos acercar\u00e1 a un futuro energ\u00e9tico m\u00e1s sostenible y sin dependencias, sino que tambi\u00e9n permitir\u00e1 que m\u00e1s ciudadan\u00eda y empresas puedan beneficiarse directamente de la energ\u00eda de nuestro sol, reducir la factura de la luz y aportar al cuidado del medio ambiente. <\/p>\n<aside class=\"a_np\">\n<p><strong>Alba Fern\u00e1ndez<\/strong>, <strong>Mar\u00eda Prado<\/strong> Y <strong>Paula Santos <\/strong>son representantes de la Alianza por el Autoconsumo<\/p>\n<\/aside>\n<\/div>\n\n","protected":false},"excerpt":{"rendered":"<p>El sol tiene un potencial inmenso para transformar nuestra forma de consumir electricidad. Hasta hace poco, necesit\u00e1bamos tecnolog\u00edas que nos hac\u00edan dependientes de combustibles f\u00f3siles importados, pero ahora podemos aprovechar la energ\u00eda solar, un recurso que en Espa\u00f1a es rey. El autoconsumo solar, generado a partir de paneles solares, nos permite generar nuestra propia energ\u00eda. &hellip;<\/p>\n","protected":false},"author":1,"featured_media":33037,"comment_status":"open","ping_status":"open","sticky":false,"template":"","format":"standard","meta":{"fifu_image_url":"https:\/\/imagenes.elpais.com\/resizer\/v2\/XVUMBVZ4UREC3DTGZNFP3MG2QY.jpg?auth=325525265a7e9ae6f02d43b9b1308aacc5203550a8bc3a22407cb2bee96a3b82&width=1200","fifu_image_alt":"","footnotes":""},"categories":[11],"tags":[],"class_list":["post-33035","post","type-post","status-publish","format-standard","has-post-thumbnail","","category-viaje"],"_links":{"self":[{"href":"https:\/\/noticiasveraces.com\/index.php?rest_route=\/wp\/v2\/posts\/33035","targetHints":{"allow":["GET"]}}],"collection":[{"href":"https:\/\/noticiasveraces.com\/index.php?rest_route=\/wp\/v2\/posts"}],"about":[{"href":"https:\/\/noticiasveraces.com\/index.php?rest_route=\/wp\/v2\/types\/post"}],"author":[{"embeddable":true,"href":"https:\/\/noticiasveraces.com\/index.php?rest_route=\/wp\/v2\/users\/1"}],"replies":[{"embeddable":true,"href":"https:\/\/noticiasveraces.com\/index.php?rest_route=%2Fwp%2Fv2%2Fcomments&post=33035"}],"version-history":[{"count":0,"href":"https:\/\/noticiasveraces.com\/index.php?rest_route=\/wp\/v2\/posts\/33035\/revisions"}],"wp:featuredmedia":[{"embeddable":true,"href":"https:\/\/noticiasveraces.com\/index.php?rest_route=\/wp\/v2\/media\/33037"}],"wp:attachment":[{"href":"https:\/\/noticiasveraces.com\/index.php?rest_route=%2Fwp%2Fv2%2Fmedia&parent=33035"}],"wp:term":[{"taxonomy":"category","embeddable":true,"href":"https:\/\/noticiasveraces.com\/index.php?rest_route=%2Fwp%2Fv2%2Fcategories&post=33035"},{"taxonomy":"post_tag","embeddable":true,"href":"https:\/\/noticiasveraces.com\/index.php?rest_route=%2Fwp%2Fv2%2Ftags&post=33035"}],"curies":[{"name":"wp","href":"https:\/\/api.w.org\/{rel}","templated":true}]}}