{"id":33026,"date":"2025-06-24T05:25:23","date_gmt":"2025-06-24T09:25:23","guid":{"rendered":"https:\/\/noticiasveraces.com\/?p=33026"},"modified":"2025-06-24T05:25:23","modified_gmt":"2025-06-24T09:25:23","slug":"mcdonalds-enfrenta-boicot-economico-sobre-la-reversion-de-las-iniciativas-dei","status":"publish","type":"post","link":"https:\/\/noticiasveraces.com\/?p=33026","title":{"rendered":"McDonald&#8217;s enfrenta boicot econ\u00f3mico sobre la reversi\u00f3n de las iniciativas DEI"},"content":{"rendered":"<p> \n<\/p>\n<div><!----> <!---->  <\/p>\n<p>McDonald&#8217;s se enfrenta a un posible boicot de los clientes sobre su decisi\u00f3n de revertir sus pol\u00edticas de diversidad, equidad e inclusi\u00f3n.<\/p>\n<p>El People&#8217;s Union USA est\u00e1 encabezando el \u00abBlackout de McDonald&#8217;s\u00bb, que comienza el 24 de junio, despu\u00e9s de haber organizado un \u00abapag\u00f3n econ\u00f3mico\u00bb en febrero. La organizaci\u00f3n, fundada por el m\u00fasico y maestro de meditaci\u00f3n John Schwarz, con sede en Chicago, ha organizado campa\u00f1as de boicot para montar una \u00abresistencia econ\u00f3mica\u00bb, seg\u00fan su sitio web.<\/p>\n<p>\u00abLa idea de que las iniciativas DEI deben ser abandonadas es atrasada, regresiva y peligrosa. Cada estadounidense merece una buena oportunidad para el \u00e9xito, y eso incluye cada raza, cada fondo, cada sistema de creencias. Per\u00edodo\u00bb, dice la Uni\u00f3n Popular en su sitio web.<\/p>\n<div class=\"inline image-ct\">\n<div class=\"m\"><picture><source media=\"(max-width: 767px)\" srcset=\"https:\/\/a57.foxnews.com\/static.foxbusiness.com\/foxbusiness.com\/content\/uploads\/2025\/05\/343\/192\/mcdonalds-sign.jpg?ve=1&amp;tl=1, https:\/\/a57.foxnews.com\/static.foxbusiness.com\/foxbusiness.com\/content\/uploads\/2025\/05\/686\/384\/mcdonalds-sign.jpg?ve=1&amp;tl=1 2x\"><source media=\"(min-width: 768px) and (max-width: 1023px)\" srcset=\"https:\/\/a57.foxnews.com\/static.foxbusiness.com\/foxbusiness.com\/content\/uploads\/2025\/05\/672\/378\/mcdonalds-sign.jpg?ve=1&amp;tl=1, https:\/\/a57.foxnews.com\/static.foxbusiness.com\/foxbusiness.com\/content\/uploads\/2025\/05\/1344\/756\/mcdonalds-sign.jpg?ve=1&amp;tl=1 2x\"><source media=\"(min-width: 1024px) and (max-width: 1279px)\" srcset=\"https:\/\/a57.foxnews.com\/static.foxbusiness.com\/foxbusiness.com\/content\/uploads\/2025\/05\/931\/523\/mcdonalds-sign.jpg?ve=1&amp;tl=1, https:\/\/a57.foxnews.com\/static.foxbusiness.com\/foxbusiness.com\/content\/uploads\/2025\/05\/1862\/1046\/mcdonalds-sign.jpg?ve=1&amp;tl=1 2x\"><source media=\"(min-width: 1280px)\" srcset=\"https:\/\/a57.foxnews.com\/static.foxbusiness.com\/foxbusiness.com\/content\/uploads\/2025\/05\/720\/405\/mcdonalds-sign.jpg?ve=1&amp;tl=1, https:\/\/a57.foxnews.com\/static.foxbusiness.com\/foxbusiness.com\/content\/uploads\/2025\/05\/1440\/810\/mcdonalds-sign.jpg?ve=1&amp;tl=1 2x\"><img decoding=\"async\" src=\"https:\/\/a57.foxnews.com\/static.foxbusiness.com\/foxbusiness.com\/content\/uploads\/2025\/05\/931\/523\/mcdonalds-sign.jpg?ve=1&amp;tl=1\" alt=\"McDonald's\"\/><\/source><\/source><\/source><\/source><\/picture><\/div>\n<div class=\"caption\">\n<p><span>McDonald&#8217;s est\u00e1 listo para ser golpeado con un boicot sobre sus \u00abpromesas fallidas de Dei\u00bb.<\/span><span>  (Mario Tama \/ Getty Images \/ Getty Images)<\/span><\/p>\n<\/div>\n<\/div>\n<p><strong>Reacci\u00f3n violenta contra Target retrocediendo a Dei fue impulsada en parte por cuentas de redes sociales falsas: estudio<\/strong><\/p>\n<p>La cadena de comida r\u00e1pida anunci\u00f3 en enero que estar\u00eda retrocediendo algunas de sus pol\u00edticas de DEI. McDonald&#8217;s anunci\u00f3 que ya no establecer\u00eda \u00abobjetivos de representaci\u00f3n aspiracionales\u00bb para contratar y promover una demograf\u00eda particular, ya no participar\u00eda en encuestas externas en el lugar de trabajo, terminar\u00eda con su \u00abcompromiso mutuo de la cadena de suministro con la compromiso de DEI\u00bb y cambiar el nombre de su equipo de diversidad a el \u00abequipo de inclusi\u00f3n global\u00bb.<\/p>\n<p>\u00abEsto se trata de m\u00e1s que hamburguesas y papas fritas, se trata de poder. Cuando nos unimos y golpeamos a las corporaciones en sus billeteras, escuchan &#8230; Esta semana, estamos tomando una posici\u00f3n. No McDonald&#8217;s. Sin compromiso\u00bb, dijo la Uni\u00f3n Popular en un post de Instagram que anuncia el apag\u00f3n. <\/p>\n<p>Entre las demandas de la organizaci\u00f3n se encuentran \u00abel final del relleno de precios, la igualdad real y la responsabilidad corporativa\u00bb. En una publicaci\u00f3n diferente de Instagram, la Uni\u00f3n Popular atac\u00f3 a McDonald&#8217;s por \u00abpromesas falsas dei.<\/p>\n<div class=\"inline image-ct\">\n<div class=\"m\"><picture><source media=\"(max-width: 767px)\" srcset=\"https:\/\/a57.foxnews.com\/static.foxbusiness.com\/foxbusiness.com\/content\/uploads\/2024\/11\/343\/192\/trump-1-scaled.jpg?ve=1&amp;tl=1, https:\/\/a57.foxnews.com\/static.foxbusiness.com\/foxbusiness.com\/content\/uploads\/2024\/11\/686\/384\/trump-1-scaled.jpg?ve=1&amp;tl=1 2x\"><source media=\"(min-width: 768px) and (max-width: 1023px)\" srcset=\"https:\/\/a57.foxnews.com\/static.foxbusiness.com\/foxbusiness.com\/content\/uploads\/2024\/11\/672\/378\/trump-1-scaled.jpg?ve=1&amp;tl=1, https:\/\/a57.foxnews.com\/static.foxbusiness.com\/foxbusiness.com\/content\/uploads\/2024\/11\/1344\/756\/trump-1-scaled.jpg?ve=1&amp;tl=1 2x\"><source media=\"(min-width: 1024px) and (max-width: 1279px)\" srcset=\"https:\/\/a57.foxnews.com\/static.foxbusiness.com\/foxbusiness.com\/content\/uploads\/2024\/11\/931\/523\/trump-1-scaled.jpg?ve=1&amp;tl=1, https:\/\/a57.foxnews.com\/static.foxbusiness.com\/foxbusiness.com\/content\/uploads\/2024\/11\/1862\/1046\/trump-1-scaled.jpg?ve=1&amp;tl=1 2x\"><source media=\"(min-width: 1280px)\" srcset=\"https:\/\/a57.foxnews.com\/static.foxbusiness.com\/foxbusiness.com\/content\/uploads\/2024\/11\/720\/405\/trump-1-scaled.jpg?ve=1&amp;tl=1, https:\/\/a57.foxnews.com\/static.foxbusiness.com\/foxbusiness.com\/content\/uploads\/2024\/11\/1440\/810\/trump-1-scaled.jpg?ve=1&amp;tl=1 2x\"><img decoding=\"async\" src=\"https:\/\/a57.foxnews.com\/static.foxbusiness.com\/foxbusiness.com\/content\/uploads\/2024\/11\/931\/523\/trump-1-scaled.jpg?ve=1&amp;tl=1\" alt=\"Donald Trump\"\/><\/source><\/source><\/source><\/source><\/picture><\/div>\n<div class=\"caption\">\n<p><span>El presidente Trump firm\u00f3 \u00f3rdenes ejecutivas dirigidas a \u00abDEI ilegal\u00bb al regresar al cargo. <\/span><span>  (Allison Robbert-Pool \/ Getty Images \/ Getty Images)<\/span><\/p>\n<\/div>\n<\/div>\n<p><strong>McDonald&#8217;s cerrando todas sus ubicaciones de COSMC Spin -Off<\/strong><\/p>\n<p>Las empresas en todo Estados Unidos, desde Google, hasta Facebook y Wal Mart han terminado o han reducido significativamente sus iniciativas DEI despu\u00e9s de la reelecci\u00f3n de Trump. Al asumir el cargo, Trump firm\u00f3 m\u00faltiples \u00f3rdenes ejecutivas dirigidas a \u00abDEI ilegal\u00bb y prohibi\u00f3 que las agencias federales de contratar con empresas que participan en pr\u00e1cticas de DEI. <\/p>\n<p>Recientemente, un ejecutivo de McDonald&#8217;s sugiri\u00f3 que los cambios de DEI de la compa\u00f1\u00eda eran en gran medida cosm\u00e9ticos, y que la compa\u00f1\u00eda a\u00fan conservaba sus programas principales, incluidos los grupos de afinidad corporativa para empleados e informes p\u00fablicos de la demograf\u00eda de la compa\u00f1\u00eda.<\/p>\n<p>\u00abCambiamos parte del lenguaje que lo hemos usado a su alrededor, pero en el centro, ninguno de nuestra programaci\u00f3n ha cambiado &#8230; No tenemos intenci\u00f3n de hacerlo\u00bb, dijo el director de personas de campo de McDonald&#8217;s, Jordann Nunn, en la conferencia de recursos humanos del primer d\u00eda en Chicago en junio.<\/p>\n<p>McDonald&#8217;s no es la primera compa\u00f1\u00eda en encontrarse el objetivo de un boicot econ\u00f3mico en torno a sus pol\u00edticas de DEI. Target se enfrent\u00f3 a un boicot de 40 d\u00edas encabezado por el reverendo Jamal Bryant, con sede en Atlanta, quien alent\u00f3 a los consumidores a no comprar en la cadena minorista de la totalidad de la Cuaresma en abril despu\u00e9s de que anunciaron que volver\u00edan a rodar sus programas DEI. <\/p>\n<div class=\"inline image-ct\">\n<div class=\"m\"><picture><source media=\"(max-width: 767px)\" srcset=\"https:\/\/a57.foxnews.com\/static.foxbusiness.com\/foxbusiness.com\/content\/uploads\/2024\/05\/343\/192\/Target-Atlanta-Georgia-1.jpg?ve=1&amp;tl=1, https:\/\/a57.foxnews.com\/static.foxbusiness.com\/foxbusiness.com\/content\/uploads\/2024\/05\/686\/384\/Target-Atlanta-Georgia-1.jpg?ve=1&amp;tl=1 2x\"><source media=\"(min-width: 768px) and (max-width: 1023px)\" srcset=\"https:\/\/a57.foxnews.com\/static.foxbusiness.com\/foxbusiness.com\/content\/uploads\/2024\/05\/672\/378\/Target-Atlanta-Georgia-1.jpg?ve=1&amp;tl=1, https:\/\/a57.foxnews.com\/static.foxbusiness.com\/foxbusiness.com\/content\/uploads\/2024\/05\/1344\/756\/Target-Atlanta-Georgia-1.jpg?ve=1&amp;tl=1 2x\"><source media=\"(min-width: 1024px) and (max-width: 1279px)\" srcset=\"https:\/\/a57.foxnews.com\/static.foxbusiness.com\/foxbusiness.com\/content\/uploads\/2024\/05\/931\/523\/Target-Atlanta-Georgia-1.jpg?ve=1&amp;tl=1, https:\/\/a57.foxnews.com\/static.foxbusiness.com\/foxbusiness.com\/content\/uploads\/2024\/05\/1862\/1046\/Target-Atlanta-Georgia-1.jpg?ve=1&amp;tl=1 2x\"><source media=\"(min-width: 1280px)\" srcset=\"https:\/\/a57.foxnews.com\/static.foxbusiness.com\/foxbusiness.com\/content\/uploads\/2024\/05\/720\/405\/Target-Atlanta-Georgia-1.jpg?ve=1&amp;tl=1, https:\/\/a57.foxnews.com\/static.foxbusiness.com\/foxbusiness.com\/content\/uploads\/2024\/05\/1440\/810\/Target-Atlanta-Georgia-1.jpg?ve=1&amp;tl=1 2x\"><img decoding=\"async\" src=\"https:\/\/a57.foxnews.com\/static.foxbusiness.com\/foxbusiness.com\/content\/uploads\/2024\/05\/931\/523\/Target-Atlanta-Georgia-1.jpg?ve=1&amp;tl=1\" alt=\"Se han reportado tres incidentes separados de agresi\u00f3n sexual en una tienda objetivo de Metro Atlanta en las \u00faltimas semanas que supuestamente involucran a tientas y mujeres registradas en secreto\"\/><\/source><\/source><\/source><\/source><\/picture><\/div>\n<div class=\"caption\">\n<p><span>Target ha experimentado una ca\u00edda de ventas \u00faltimamente, lo que la compa\u00f1\u00eda atribuye en parte a la reacci\u00f3n violenta que rodea su retiro en Dei junto con la incertidumbre arancelaria. <\/span><span>  (Google Maps \/ Google Maps)<\/span><\/p>\n<\/div>\n<\/div>\n<p><strong><u>Obtenga el negocio de Fox sobre la marcha haciendo clic aqu\u00ed<\/u><\/strong><\/p>\n<p>Target ha experimentado una ca\u00edda de ventas \u00faltimamente, lo que la compa\u00f1\u00eda atribuye en parte a la reacci\u00f3n violenta que rodea su retiro en Dei junto con la incertidumbre arancelaria. <\/p>\n<p>No estamos satisfechos con el rendimiento actual y sabemos que tenemos oportunidades de ofrecer un progreso m\u00e1s r\u00e1pido en nuestra hoja de ruta para el crecimiento \u00ab, dijo el CEO de Target, Brian Cornell, en mayo. <\/p>\n<p>El boicot llega cuando los estadounidenses han gastado menos dinero en comida r\u00e1pida. McDonald&#8217;s anunci\u00f3 en mayo que sus ventas en EE. UU. Bajaron un 3,6% en el primer trimestre a\u00f1o tras a\u00f1o. Las ventas globales de la cadena de comida r\u00e1pida han bajado un 1%. <\/p>\n<p>El CEO de McDonald&#8217;s, Chris Kempczinki, dijo que las ventas de la compa\u00f1\u00eda con estadounidenses de bajos ingresos cayeron en \u00abdos d\u00edgitos\u00bb con ventas entre los consumidores estadounidenses de ingresos medios que han ca\u00eddo casi tanto en una llamada de ganancias de mayo. <\/p>\n<p>Ni la Uni\u00f3n Popular ni McDonald&#8217;s respondieron a la solicitud de comentarios de Fox News Digital.<\/p>\n<\/div>\n<p><script async src=\"\/\/www.instagram.com\/embed.js\"><\/script><br \/>\n<br \/>\n","protected":false},"excerpt":{"rendered":"<p>McDonald&#8217;s se enfrenta a un posible boicot de los clientes sobre su decisi\u00f3n de revertir sus pol\u00edticas de diversidad, equidad e inclusi\u00f3n. El People&#8217;s Union USA est\u00e1 encabezando el \u00abBlackout de McDonald&#8217;s\u00bb, que comienza el 24 de junio, despu\u00e9s de haber organizado un \u00abapag\u00f3n econ\u00f3mico\u00bb en febrero. La organizaci\u00f3n, fundada por el m\u00fasico y maestro &hellip;<\/p>\n","protected":false},"author":1,"featured_media":33028,"comment_status":"open","ping_status":"open","sticky":false,"template":"","format":"standard","meta":{"fifu_image_url":"https:\/\/a57.foxnews.com\/static.foxbusiness.com\/foxbusiness.com\/content\/uploads\/2025\/06\/0\/0\/mcdonalds-dei.jpg?ve=1&tl=1","fifu_image_alt":"","footnotes":""},"categories":[3],"tags":[],"class_list":["post-33026","post","type-post","status-publish","format-standard","has-post-thumbnail","","category-negocio"],"_links":{"self":[{"href":"https:\/\/noticiasveraces.com\/index.php?rest_route=\/wp\/v2\/posts\/33026","targetHints":{"allow":["GET"]}}],"collection":[{"href":"https:\/\/noticiasveraces.com\/index.php?rest_route=\/wp\/v2\/posts"}],"about":[{"href":"https:\/\/noticiasveraces.com\/index.php?rest_route=\/wp\/v2\/types\/post"}],"author":[{"embeddable":true,"href":"https:\/\/noticiasveraces.com\/index.php?rest_route=\/wp\/v2\/users\/1"}],"replies":[{"embeddable":true,"href":"https:\/\/noticiasveraces.com\/index.php?rest_route=%2Fwp%2Fv2%2Fcomments&post=33026"}],"version-history":[{"count":0,"href":"https:\/\/noticiasveraces.com\/index.php?rest_route=\/wp\/v2\/posts\/33026\/revisions"}],"wp:featuredmedia":[{"embeddable":true,"href":"https:\/\/noticiasveraces.com\/index.php?rest_route=\/wp\/v2\/media\/33028"}],"wp:attachment":[{"href":"https:\/\/noticiasveraces.com\/index.php?rest_route=%2Fwp%2Fv2%2Fmedia&parent=33026"}],"wp:term":[{"taxonomy":"category","embeddable":true,"href":"https:\/\/noticiasveraces.com\/index.php?rest_route=%2Fwp%2Fv2%2Fcategories&post=33026"},{"taxonomy":"post_tag","embeddable":true,"href":"https:\/\/noticiasveraces.com\/index.php?rest_route=%2Fwp%2Fv2%2Ftags&post=33026"}],"curies":[{"name":"wp","href":"https:\/\/api.w.org\/{rel}","templated":true}]}}