{"id":33018,"date":"2025-06-24T04:44:12","date_gmt":"2025-06-24T08:44:12","guid":{"rendered":"https:\/\/noticiasveraces.com\/?p=33018"},"modified":"2025-06-24T04:44:12","modified_gmt":"2025-06-24T08:44:12","slug":"lider-opositor-israeli-pide-fin-de-la-guerra-dw-24-06-2025","status":"publish","type":"post","link":"https:\/\/noticiasveraces.com\/?p=33018","title":{"rendered":"l\u00edder opositor israel\u00ed pide fin de la guerra \u2013 DW \u2013 24\/06\/2025"},"content":{"rendered":"<p> \n<\/p>\n<div>\n<p>El l\u00edder de la oposici\u00f3n israel\u00ed, Yair Lapid, hizo un llamado a \u00abponer fin a la guerra\u00bb en Gaza, tras el anuncio de un alto al fuego en el conflicto iniciado el 13 de junio por Israel contra Ir\u00e1n.<\/p>\n<p>\u00abY ahora Gaza. Es hora de terminar all\u00ed tambi\u00e9n. Recuperar a los rehenes, poner fin a la guerra. Israel necesita empezar a reconstruir\u00bb, escribi\u00f3 Lapid en un mensaje en X. <\/p>\n<figure class=\"placeholder-image master_landscape big\"><img data-format=\"MASTER_LANDSCAPE\" data-id=\"65136635\" data-url=\"https:\/\/static.dw.com\/image\/65136635_${formatId}.jpg\" data-aspect-ratio=\"16\/9\" alt=\"Yair Lapid, ex primer ministro y l\u00edder de la oposici\u00f3n israel\u00ed, abre los brazos frente a un micr\u00f3fono, en medio e un discurso.\" style=\"padding-bottom: 56.25%; height: 0; max-height: 0;\"\/><figcaption class=\"img-caption\">Yair Lapid, ex primer ministro y l\u00edder de la oposici\u00f3n israel\u00ed.<small class=\"copyright\">Im\u00e1genes: Hazem Bader\/AFP<\/small><\/figcaption><\/figure>\n<blockquote class=\"tweet embed\" data-id=\"1937390072971821562\"\/>\n<p>RML (AFP, X)<\/p>\n<\/div>\n\n","protected":false},"excerpt":{"rendered":"<p>El l\u00edder de la oposici\u00f3n israel\u00ed, Yair Lapid, hizo un llamado a \u00abponer fin a la guerra\u00bb en Gaza, tras el anuncio de un alto al fuego en el conflicto iniciado el 13 de junio por Israel contra Ir\u00e1n. \u00abY ahora Gaza. Es hora de terminar all\u00ed tambi\u00e9n. Recuperar a los rehenes, poner fin a &hellip;<\/p>\n","protected":false},"author":1,"featured_media":33019,"comment_status":"open","ping_status":"open","sticky":false,"template":"","format":"standard","meta":{"fifu_image_url":"https:\/\/static.dw.com\/image\/72982255_6.jpg","fifu_image_alt":"","footnotes":""},"categories":[13],"tags":[],"class_list":["post-33018","post","type-post","status-publish","format-standard","has-post-thumbnail","","category-mundo"],"_links":{"self":[{"href":"https:\/\/noticiasveraces.com\/index.php?rest_route=\/wp\/v2\/posts\/33018","targetHints":{"allow":["GET"]}}],"collection":[{"href":"https:\/\/noticiasveraces.com\/index.php?rest_route=\/wp\/v2\/posts"}],"about":[{"href":"https:\/\/noticiasveraces.com\/index.php?rest_route=\/wp\/v2\/types\/post"}],"author":[{"embeddable":true,"href":"https:\/\/noticiasveraces.com\/index.php?rest_route=\/wp\/v2\/users\/1"}],"replies":[{"embeddable":true,"href":"https:\/\/noticiasveraces.com\/index.php?rest_route=%2Fwp%2Fv2%2Fcomments&post=33018"}],"version-history":[{"count":0,"href":"https:\/\/noticiasveraces.com\/index.php?rest_route=\/wp\/v2\/posts\/33018\/revisions"}],"wp:featuredmedia":[{"embeddable":true,"href":"https:\/\/noticiasveraces.com\/index.php?rest_route=\/wp\/v2\/media\/33019"}],"wp:attachment":[{"href":"https:\/\/noticiasveraces.com\/index.php?rest_route=%2Fwp%2Fv2%2Fmedia&parent=33018"}],"wp:term":[{"taxonomy":"category","embeddable":true,"href":"https:\/\/noticiasveraces.com\/index.php?rest_route=%2Fwp%2Fv2%2Fcategories&post=33018"},{"taxonomy":"post_tag","embeddable":true,"href":"https:\/\/noticiasveraces.com\/index.php?rest_route=%2Fwp%2Fv2%2Ftags&post=33018"}],"curies":[{"name":"wp","href":"https:\/\/api.w.org\/{rel}","templated":true}]}}