{"id":33015,"date":"2025-06-24T04:28:32","date_gmt":"2025-06-24T08:28:32","guid":{"rendered":"https:\/\/noticiasveraces.com\/?p=33015"},"modified":"2025-06-24T04:28:32","modified_gmt":"2025-06-24T08:28:32","slug":"riesgo-cronico-de-dolor-de-espalda-reducido-con-caminata-diaria-se-encuentra-el-estudio","status":"publish","type":"post","link":"https:\/\/noticiasveraces.com\/?p=33015","title":{"rendered":"Riesgo cr\u00f3nico de dolor de espalda reducido con caminata diaria, se encuentra el estudio"},"content":{"rendered":"<p> \n<\/p>\n<div>\n<div id=\"beyondwords-wrapper\" class=\"beyondwords-wrapper\">\n<p><span class=\"label-bg\">NUEVO<\/span>\u00a1Ahora puedes escuchar art\u00edculos de Fox News!\n  <\/p>\n<\/div>\n<p class=\"speakable\">Dar caminatas m\u00e1s largas podr\u00eda mejorar el dolor de espalda, seg\u00fan un nuevo estudio.<\/p>\n<p class=\"speakable\">Los investigadores en Noruega investigaron c\u00f3mo el dolor lumbar cr\u00f3nico, una \u00abcondici\u00f3n prevalente y costosa\u00bb, podr\u00eda reducirse mediante la actividad f\u00edsica regular, incluida la caminata accesible.<\/p>\n<p>El estudio, publicado en la revista JAMA Network Open, midi\u00f3 el volumen diario de caminar y la intensidad de caminar entre m\u00e1s de 11,000 participantes mayores de 20 a\u00f1os.<\/p>\n<p><strong>&#8216;Soy un cirujano espinal, as\u00ed es como tu postura te est\u00e1 matando la espalda&#8217;<\/strong><\/p>\n<p>Luego, los participantes informaron cualquier incidencia de dolor de espalda baja que dur\u00f3 tres meses o m\u00e1s en el \u00faltimo a\u00f1o.<\/p>\n<div class=\"image-ct inline\">\n<div class=\"m\"><picture><source media=\"(max-width: 767px)\" srcset=\"https:\/\/a57.foxnews.com\/static.foxnews.com\/foxnews.com\/content\/uploads\/2025\/06\/343\/192\/gettyimages-2169902114.jpg?ve=1&amp;tl=1, https:\/\/a57.foxnews.com\/static.foxnews.com\/foxnews.com\/content\/uploads\/2025\/06\/686\/384\/gettyimages-2169902114.jpg?ve=1&amp;tl=1 2x\" height=\"192\" width=\"343\"><source media=\"(min-width: 768px) and (max-width: 1023px)\" srcset=\"https:\/\/a57.foxnews.com\/static.foxnews.com\/foxnews.com\/content\/uploads\/2025\/06\/672\/378\/gettyimages-2169902114.jpg?ve=1&amp;tl=1, https:\/\/a57.foxnews.com\/static.foxnews.com\/foxnews.com\/content\/uploads\/2025\/06\/1344\/756\/gettyimages-2169902114.jpg?ve=1&amp;tl=1 2x\" height=\"378\" width=\"672\"><source media=\"(min-width: 1024px) and (max-width: 1279px)\" srcset=\"https:\/\/a57.foxnews.com\/static.foxnews.com\/foxnews.com\/content\/uploads\/2025\/06\/931\/523\/gettyimages-2169902114.jpg?ve=1&amp;tl=1, https:\/\/a57.foxnews.com\/static.foxnews.com\/foxnews.com\/content\/uploads\/2025\/06\/1862\/1046\/gettyimages-2169902114.jpg?ve=1&amp;tl=1 2x\" height=\"523\" width=\"931\"><source media=\"(min-width: 1280px)\" srcset=\"https:\/\/a57.foxnews.com\/static.foxnews.com\/foxnews.com\/content\/uploads\/2025\/06\/720\/405\/gettyimages-2169902114.jpg?ve=1&amp;tl=1, https:\/\/a57.foxnews.com\/static.foxnews.com\/foxnews.com\/content\/uploads\/2025\/06\/1440\/810\/gettyimages-2169902114.jpg?ve=1&amp;tl=1 2x\" height=\"405\" width=\"720\"><img loading=\"lazy\" decoding=\"async\" src=\"https:\/\/a57.foxnews.com\/static.foxnews.com\/foxnews.com\/content\/uploads\/2025\/06\/1200\/675\/gettyimages-2169902114.jpg?ve=1&amp;tl=1\" alt=\"Mujer sosteniendo la parte baja de la espalda afuera\" width=\"1200\" height=\"675\"\/><\/source><\/source><\/source><\/source><\/picture><\/div>\n<div class=\"info\">\n<div class=\"caption\">\n<p><span>Las estad\u00edsticas muestran que m\u00e1s de una cuarta parte de los estadounidenses informan que experimentan dolor cr\u00f3nico en la espalda baja o ci\u00e1tica.<\/span> <span>(Istock)<\/span><\/p>\n<\/div>\n<\/div>\n<\/div>\n<p>Caminar durante m\u00e1s de 100 minutos por d\u00eda result\u00f3 en un riesgo de dolor 23% menor en comparaci\u00f3n con caminar menos de 78 minutos por d\u00eda, seg\u00fan los resultados.<\/p>\n<p><i><strong><u>Para m\u00e1s art\u00edculos de salud, visite <\/u><\/strong><\/i><i><strong><u>www.foxnews.com\/Health<\/u><\/strong><\/i><\/p>\n<p>La intensidad de caminar tambi\u00e9n se asoci\u00f3 con un riesgo cr\u00f3nico de dolor de espalda baja, pero en un \u00abmenor grado\u00bb que el volumen de caminar, se\u00f1alaron los investigadores.<\/p>\n<div class=\"image-ct inline\">\n<div class=\"m\"><picture><source media=\"(max-width: 767px)\" srcset=\"https:\/\/a57.foxnews.com\/static.foxnews.com\/foxnews.com\/content\/uploads\/2025\/05\/343\/192\/gettyimages-2165018220.jpg?ve=1&amp;tl=1, https:\/\/a57.foxnews.com\/static.foxnews.com\/foxnews.com\/content\/uploads\/2025\/05\/686\/384\/gettyimages-2165018220.jpg?ve=1&amp;tl=1 2x\" height=\"192\" width=\"343\"><source media=\"(min-width: 768px) and (max-width: 1023px)\" srcset=\"https:\/\/a57.foxnews.com\/static.foxnews.com\/foxnews.com\/content\/uploads\/2025\/05\/672\/378\/gettyimages-2165018220.jpg?ve=1&amp;tl=1, https:\/\/a57.foxnews.com\/static.foxnews.com\/foxnews.com\/content\/uploads\/2025\/05\/1344\/756\/gettyimages-2165018220.jpg?ve=1&amp;tl=1 2x\" height=\"378\" width=\"672\"><source media=\"(min-width: 1024px) and (max-width: 1279px)\" srcset=\"https:\/\/a57.foxnews.com\/static.foxnews.com\/foxnews.com\/content\/uploads\/2025\/05\/931\/523\/gettyimages-2165018220.jpg?ve=1&amp;tl=1, https:\/\/a57.foxnews.com\/static.foxnews.com\/foxnews.com\/content\/uploads\/2025\/05\/1862\/1046\/gettyimages-2165018220.jpg?ve=1&amp;tl=1 2x\" height=\"523\" width=\"931\"><source media=\"(min-width: 1280px)\" srcset=\"https:\/\/a57.foxnews.com\/static.foxnews.com\/foxnews.com\/content\/uploads\/2025\/05\/720\/405\/gettyimages-2165018220.jpg?ve=1&amp;tl=1, https:\/\/a57.foxnews.com\/static.foxnews.com\/foxnews.com\/content\/uploads\/2025\/05\/1440\/810\/gettyimages-2165018220.jpg?ve=1&amp;tl=1 2x\" height=\"405\" width=\"720\"><img loading=\"lazy\" decoding=\"async\" src=\"https:\/\/a57.foxnews.com\/static.foxnews.com\/foxnews.com\/content\/uploads\/2025\/05\/1200\/675\/gettyimages-2165018220.jpg?ve=1&amp;tl=1\" alt=\"Mujer senior de caminata con amigos\" width=\"1200\" height=\"675\"\/><\/source><\/source><\/source><\/source><\/picture><\/div>\n<div class=\"info\">\n<div class=\"caption\">\n<p><span>Caminar por m\u00e1s de 100 minutos por d\u00eda result\u00f3 en un riesgo de dolor un 23% menor, seg\u00fan un estudio reciente.<\/span> <span>(Istock)<\/span><\/p>\n<\/div>\n<\/div>\n<\/div>\n<p>\u00abEn este estudio de cohorte, el volumen diario de caminar y la intensidad de caminar se asociaron inversamente con el riesgo de cr\u00f3nico [lower back pain]\u00bb, concluy\u00f3 el estudio. <\/p>\n<p>\u00abLos hallazgos sugieren que el volumen para caminar puede tener un beneficio m\u00e1s pronunciado que la intensidad para caminar\u00bb.<\/p>\n<p><strong><u>Haga clic aqu\u00ed para registrarse en nuestro bolet\u00edn de salud<\/u><\/strong><\/p>\n<p>\u00abEstos hallazgos sugieren que las pol\u00edticas y las estrategias de salud p\u00fablica que promueven caminar podr\u00edan ayudar a reducir la ocurrencia de cr\u00f3nico [lower back pain]\u00bb<\/p>\n<div class=\"image-ct inline\">\n<div class=\"m\"><picture><source media=\"(max-width: 767px)\" srcset=\"https:\/\/a57.foxnews.com\/static.foxnews.com\/foxnews.com\/content\/uploads\/2025\/06\/343\/192\/mature-couple-walking.jpg?ve=1&amp;tl=1, https:\/\/a57.foxnews.com\/static.foxnews.com\/foxnews.com\/content\/uploads\/2025\/06\/686\/384\/mature-couple-walking.jpg?ve=1&amp;tl=1 2x\" height=\"192\" width=\"343\"><source media=\"(min-width: 768px) and (max-width: 1023px)\" srcset=\"https:\/\/a57.foxnews.com\/static.foxnews.com\/foxnews.com\/content\/uploads\/2025\/06\/672\/378\/mature-couple-walking.jpg?ve=1&amp;tl=1, https:\/\/a57.foxnews.com\/static.foxnews.com\/foxnews.com\/content\/uploads\/2025\/06\/1344\/756\/mature-couple-walking.jpg?ve=1&amp;tl=1 2x\" height=\"378\" width=\"672\"><source media=\"(min-width: 1024px) and (max-width: 1279px)\" srcset=\"https:\/\/a57.foxnews.com\/static.foxnews.com\/foxnews.com\/content\/uploads\/2025\/06\/931\/523\/mature-couple-walking.jpg?ve=1&amp;tl=1, https:\/\/a57.foxnews.com\/static.foxnews.com\/foxnews.com\/content\/uploads\/2025\/06\/1862\/1046\/mature-couple-walking.jpg?ve=1&amp;tl=1 2x\" height=\"523\" width=\"931\"><source media=\"(min-width: 1280px)\" srcset=\"https:\/\/a57.foxnews.com\/static.foxnews.com\/foxnews.com\/content\/uploads\/2025\/06\/720\/405\/mature-couple-walking.jpg?ve=1&amp;tl=1, https:\/\/a57.foxnews.com\/static.foxnews.com\/foxnews.com\/content\/uploads\/2025\/06\/1440\/810\/mature-couple-walking.jpg?ve=1&amp;tl=1 2x\" height=\"405\" width=\"720\"><img loading=\"lazy\" decoding=\"async\" src=\"https:\/\/a57.foxnews.com\/static.foxnews.com\/foxnews.com\/content\/uploads\/2025\/06\/1200\/675\/mature-couple-walking.jpg?ve=1&amp;tl=1\" alt=\"Pareja madura caminando\" width=\"1200\" height=\"675\"\/><\/source><\/source><\/source><\/source><\/picture><\/div>\n<div class=\"info\">\n<div class=\"caption\">\n<p><span>Una pareja de alto rango trota uno al lado del otro en un puente, riendo y sonriendo mientras disfrutan de su rutina de acondicionamiento f\u00edsico bajo el sol radiante, promoviendo la salud, el bienestar y la alegr\u00eda.<\/span> <span>(Istock)<\/span><\/p>\n<\/div>\n<\/div>\n<\/div>\n<p>El Dr. Arthur L. Jenkins III, neurocertidio certificado por la junta y fundador de Jenkins Neurospine en la ciudad de Nueva York, confirm\u00f3 en una entrevista con Fox News Digital que las caminatas largas \u00abson buenas\u00bb, siempre que otros problemas ortop\u00e9dicos no dificulten caminar.<\/p>\n<p>\u00abSiempre animo a mis pacientes a caminar y a involucrar su n\u00facleo (apretar sus abdominales y la espalda) mientras caminan para ejercer m\u00e1s que solo sus piernas y enderezar sus espaldas\u00bb, aconsej\u00f3.<\/p>\n<p><strong><u>Haga clic aqu\u00ed para obtener la aplicaci\u00f3n Fox News<\/u><\/strong><\/p>\n<p>Las estad\u00edsticas muestran que m\u00e1s de una cuarta parte de los estadounidenses informan que experimentan dolor cr\u00f3nico en la espalda baja o ci\u00e1tica.<\/p>\n<p>Fox News Digital contact\u00f3 a los autores del estudio para hacer comentarios.<\/p>\n<p> <!----> <\/p>\n<div class=\"article-meta\">\n<div class=\"author-bio\">\n<p>Angelica Stabile es una reportera de estilo de vida para Fox News Digital.<\/p>\n<\/div>\n<\/div>\n<\/div>\n\n","protected":false},"excerpt":{"rendered":"<p>NUEVO\u00a1Ahora puedes escuchar art\u00edculos de Fox News! Dar caminatas m\u00e1s largas podr\u00eda mejorar el dolor de espalda, seg\u00fan un nuevo estudio. Los investigadores en Noruega investigaron c\u00f3mo el dolor lumbar cr\u00f3nico, una \u00abcondici\u00f3n prevalente y costosa\u00bb, podr\u00eda reducirse mediante la actividad f\u00edsica regular, incluida la caminata accesible. El estudio, publicado en la revista JAMA Network &hellip;<\/p>\n","protected":false},"author":1,"featured_media":33017,"comment_status":"open","ping_status":"open","sticky":false,"template":"","format":"standard","meta":{"fifu_image_url":"https:\/\/a57.foxnews.com\/static.foxnews.com\/foxnews.com\/content\/uploads\/2025\/06\/1200\/675\/gettyimages-2169902114.jpg?ve=1&tl=1","fifu_image_alt":"","footnotes":""},"categories":[8],"tags":[],"class_list":["post-33015","post","type-post","status-publish","format-standard","has-post-thumbnail","","category-salud"],"_links":{"self":[{"href":"https:\/\/noticiasveraces.com\/index.php?rest_route=\/wp\/v2\/posts\/33015","targetHints":{"allow":["GET"]}}],"collection":[{"href":"https:\/\/noticiasveraces.com\/index.php?rest_route=\/wp\/v2\/posts"}],"about":[{"href":"https:\/\/noticiasveraces.com\/index.php?rest_route=\/wp\/v2\/types\/post"}],"author":[{"embeddable":true,"href":"https:\/\/noticiasveraces.com\/index.php?rest_route=\/wp\/v2\/users\/1"}],"replies":[{"embeddable":true,"href":"https:\/\/noticiasveraces.com\/index.php?rest_route=%2Fwp%2Fv2%2Fcomments&post=33015"}],"version-history":[{"count":0,"href":"https:\/\/noticiasveraces.com\/index.php?rest_route=\/wp\/v2\/posts\/33015\/revisions"}],"wp:featuredmedia":[{"embeddable":true,"href":"https:\/\/noticiasveraces.com\/index.php?rest_route=\/wp\/v2\/media\/33017"}],"wp:attachment":[{"href":"https:\/\/noticiasveraces.com\/index.php?rest_route=%2Fwp%2Fv2%2Fmedia&parent=33015"}],"wp:term":[{"taxonomy":"category","embeddable":true,"href":"https:\/\/noticiasveraces.com\/index.php?rest_route=%2Fwp%2Fv2%2Fcategories&post=33015"},{"taxonomy":"post_tag","embeddable":true,"href":"https:\/\/noticiasveraces.com\/index.php?rest_route=%2Fwp%2Fv2%2Ftags&post=33015"}],"curies":[{"name":"wp","href":"https:\/\/api.w.org\/{rel}","templated":true}]}}