{"id":33007,"date":"2025-06-24T03:45:25","date_gmt":"2025-06-24T07:45:25","guid":{"rendered":"https:\/\/noticiasveraces.com\/?p=33007"},"modified":"2025-06-24T03:45:25","modified_gmt":"2025-06-24T07:45:25","slug":"la-ia-estima-cuando-deberia-retirarse-radamel-falcao-garcia-curiosidades-de-futbol","status":"publish","type":"post","link":"https:\/\/noticiasveraces.com\/?p=33007","title":{"rendered":"La IA estima cu\u00e1ndo deber\u00eda retirarse Radamel Falcao Garc\u00eda | Curiosidades de f\u00fatbol"},"content":{"rendered":"<p> \n<\/p>\n<div id=\"cuerpoArticulo\">\n<p class=\"texto intro\" id=\"pnull-m194-193-195\">De acuerdo a una extensa valoraci\u00f3n de datos, estad\u00edsticas, informaciones y varios aspectos m\u00e1s,<b> la inteligencia artificial de ChatGPT sostuvo que Radamel Falcao Garc\u00eda deber\u00eda retirarse de su carrera profesional como futbolista este 2025<\/b>. En base a su edad, desgaste f\u00edsico, lesiones, recuperaci\u00f3n, productividad, impacto influencia colectiva y contrato actual del &#8216;Tigre&#8217;, la IA dio precisiones.<\/p>\n<p class=\"texto contenido-parrafo-articulo\" id=\"pnull-m206-2-207\">Para la inteligencia artificial, la opci\u00f3n m\u00e1s razonable, considerando su edad, estado f\u00edsico, contexto contractual y deportivo, es que <b>Falcao se retire el 30 de junio de 2025<\/b>. En ese momento finaliza su contrato con Millonarios FC. Sin embargo, la IA pone un par\u00e9ntesis sobre uno de los grandes goleadores colombianos. \u201cSi logra evitar reca\u00eddas y supera el tema de la fiscalidad y sanciones, Radamel podr\u00eda retirarse en diciembre de 2025\u201d, sugiere.<\/p>\n<div class=\"fotografia caja-articulo\" id=\"pnull-m529-3-530\">\n<div class=\"imagen-cuerpo-bk\">\n<figure itemscope=\"\" itemtype=\"https:\/\/schema.org\/ImageObject\" itemprop=\"image\" class=\"foto-galeria-articulo imagen-articulo foto-texto-articulo-galeria\" id=\"m534-533-535\"><img decoding=\"async\" src=\"data:image\/png;base64,iVBORw0KGgoAAAANSUhEUgAAAAEAAAABCAQAAAC1HAwCAAAAC0lEQVR42mP8\/x0AAvsB+DlKarAAAAAASUVORK5CYII=\" style=\" display: inline;\" alt=\"Falcao Garc\u00eda en Millonarios vs Santa Fe | Liga I-2025\" data-original=\"\/files\/article_content\/uploads\/2025\/06\/20\/6855165b72062.jpeg\"\/><meta itemprop=\"width\" content=\"600\"\/><meta itemprop=\"height\" content=\"450\"\/> <meta itemprop=\"url\" content=\"https:\/\/www.futbolred.com\/files\/article_content\/uploads\/2025\/06\/20\/6855165b72062.jpeg\"\/><\/figure>\n<\/div>\n<div class=\"figcaption-cuerpo-bk credito-image-bk\"><figcaption class=\"foto-info\">\n<div class=\"titulo-foto-bk\">\n<p class=\"titulo pie-de-foto\" id=\"m541-1-542\">Falcao Garc\u00eda en Millonarios vs Santa Fe | Liga I-2025.<\/p>\n<\/div>\n<p class=\"credito\">\n                            <span class=\"linea pre_credito\">Foto:<\/span><\/p>\n<p>                        <span class=\"autor\" id=\"m547-2-548\">N\u00e9stor G\u00f3mez | EL TIEMPO<\/span><\/p>\n<\/figcaption><\/div>\n<\/p><\/div>\n<p>                                                    <span class=\"articulo-subtitulo subtitulo2 espacio-contenido\" id=\"pnull-m253-3-254\" style=\"width: auto;\">Los escenarios que la IA consider\u00f3 sobre Radamel Falcao Garc\u00eda<br \/><\/span><\/p>\n<p class=\"texto contenido-parrafo-articulo\" id=\"pnull-m268-5-269\">Tras analizar m\u00e1s de 10 medios de comunicaci\u00f3n, incluyendo gran parte de las noticias de F\u00fatbol Red<b>la IA cree que Falcao deber\u00eda tener una retirada l\u00f3gica tras contrato<\/b>por el desgaste f\u00edsico acumulado, el alto salario y la amenaza de sanciones. No obstante, <b>podr\u00eda tener unos valiosos 6 meses m\u00e1s<\/b> si cree que est\u00e1 bien desde lo f\u00edsico y quiere aportar goles a Millonarios.<\/p>\n<p>                                                            <span class=\"articulo-subtitulo subtitulo2 espacio-contenido\" id=\"pnull-m276-6-277\" style=\"width: auto;\">Patrones de Radamel Falcao analizados por la IA<br \/><\/span><\/p>\n<div class=\"lista-no-ordenada-cuerpo-bk\" id=\"pnull-m291-6-292\">\n<ul class=\"lista-no-ordenada ul\">\n<li id=\"m298-297-299\" data-collection=\"pnull-m291-6-292\">\n<p>        <span id=\"m303-302-304\" style=\"width: auto;\"><b>Edad y desgaste f\u00edsico:<\/b> Falcao tiene 39 a\u00f1os (naci\u00f3 el 10 de febrero de 1986)<br \/><\/span><\/li>\n<li id=\"m310-1-311\" data-collection=\"pnull-m291-6-292\">\n<p>        <span id=\"m315-314-316\" style=\"width: auto;\"><b>Lesiones frecuentes: <\/b>En lo que va de 2025 estuvo fuera aproximadamente dos meses por lesiones musculares y acumul\u00f3 m\u00e1s de 100 d\u00edas sin jugar desde su llegada en 2024.<br \/><\/span><\/li>\n<li id=\"m322-2-323\" data-collection=\"pnull-m291-6-292\">\n<p>        <span id=\"m327-326-328\" style=\"width: auto;\"><b>Productividad con goles:<\/b> En 2025 ha jugado 13 partidos (8 como titular) y anot\u00f3 6 goles, igualando su producci\u00f3n de 2024.<br \/><\/span><\/li>\n<li id=\"m334-3-335\" data-collection=\"pnull-m291-6-292\">\n<p>        <span id=\"m339-338-340\" style=\"width: auto;\"><b>Impacto en cuadrangulares: <\/b>Marc\u00f3 en casi todos los partidos decisivos (4\u202fgoles en 6 encuentros).<br \/><\/span><\/li>\n<li id=\"m346-4-347\" data-collection=\"pnull-m291-6-292\">\n<p>        <span id=\"m351-350-352\" style=\"width: auto;\"><b>Salario: <\/b>Su sueldo en Millonarios es de los mejores del FPC y complica el r\u00e9gimen fiscal y genera posibles sanciones.<br \/><\/span><\/li>\n<li id=\"m368-5-369\" data-collection=\"pnull-m291-6-292\">\n<p>        <span id=\"m373-372-374\" style=\"width: auto;\"><b>Contrato y sanciones: <\/b>Su contrato vence el 30 de junio de 2025, aunque se estudia su renovaci\u00f3n por otros seis meses.<br \/><\/span><\/li>\n<li id=\"m380-6-381\" data-collection=\"pnull-m291-6-292\">\n<p>        <span id=\"m385-384-386\" style=\"width: auto;\"><b>Declaraciones pol\u00e9micas:<\/b> Sus cr\u00edticas en rueda de prensa contra el VAR podr\u00edan causar sanciones de 4\u20138 fechas, lo que complicar\u00eda su continuidad.<\/span><\/li>\n<\/ul>\n<\/div><\/div>\n\n","protected":false},"excerpt":{"rendered":"<p>De acuerdo a una extensa valoraci\u00f3n de datos, estad\u00edsticas, informaciones y varios aspectos m\u00e1s, la inteligencia artificial de ChatGPT sostuvo que Radamel Falcao Garc\u00eda deber\u00eda retirarse de su carrera profesional como futbolista este 2025. En base a su edad, desgaste f\u00edsico, lesiones, recuperaci\u00f3n, productividad, impacto influencia colectiva y contrato actual del &#8216;Tigre&#8217;, la IA dio &hellip;<\/p>\n","protected":false},"author":1,"featured_media":33008,"comment_status":"open","ping_status":"open","sticky":false,"template":"","format":"standard","meta":{"fifu_image_url":"https:\/\/www.futbolred.com\/files\/og_thumbnail\/uploads\/2025\/06\/23\/6859c2ca6e452.jpeg","fifu_image_alt":"","footnotes":""},"categories":[6],"tags":[],"class_list":["post-33007","post","type-post","status-publish","format-standard","has-post-thumbnail","","category-deportes"],"_links":{"self":[{"href":"https:\/\/noticiasveraces.com\/index.php?rest_route=\/wp\/v2\/posts\/33007","targetHints":{"allow":["GET"]}}],"collection":[{"href":"https:\/\/noticiasveraces.com\/index.php?rest_route=\/wp\/v2\/posts"}],"about":[{"href":"https:\/\/noticiasveraces.com\/index.php?rest_route=\/wp\/v2\/types\/post"}],"author":[{"embeddable":true,"href":"https:\/\/noticiasveraces.com\/index.php?rest_route=\/wp\/v2\/users\/1"}],"replies":[{"embeddable":true,"href":"https:\/\/noticiasveraces.com\/index.php?rest_route=%2Fwp%2Fv2%2Fcomments&post=33007"}],"version-history":[{"count":0,"href":"https:\/\/noticiasveraces.com\/index.php?rest_route=\/wp\/v2\/posts\/33007\/revisions"}],"wp:featuredmedia":[{"embeddable":true,"href":"https:\/\/noticiasveraces.com\/index.php?rest_route=\/wp\/v2\/media\/33008"}],"wp:attachment":[{"href":"https:\/\/noticiasveraces.com\/index.php?rest_route=%2Fwp%2Fv2%2Fmedia&parent=33007"}],"wp:term":[{"taxonomy":"category","embeddable":true,"href":"https:\/\/noticiasveraces.com\/index.php?rest_route=%2Fwp%2Fv2%2Fcategories&post=33007"},{"taxonomy":"post_tag","embeddable":true,"href":"https:\/\/noticiasveraces.com\/index.php?rest_route=%2Fwp%2Fv2%2Ftags&post=33007"}],"curies":[{"name":"wp","href":"https:\/\/api.w.org\/{rel}","templated":true}]}}